{"id":28035,"date":"2009-05-07T05:35:54","date_gmt":"2009-05-07T03:35:54","guid":{"rendered":"http:\/\/www.schoene-nachrichten.de\/?p=28035"},"modified":"2009-05-06T18:44:28","modified_gmt":"2009-05-06T16:44:28","slug":"spanische-nacht-in-flieden-am-samstag-9-mai","status":"publish","type":"post","link":"https:\/\/www.fuldaernachrichten.de\/?p=28035","title":{"rendered":"Spanische Nacht&#8221; in Flieden am Samstag, 9. Mai"},"content":{"rendered":"<p><strong>Flieden.<\/strong> Hola! Spanien besucht das K\u00f6nigreich. So k\u00f6nnte man mit 4 Worten beschreiben, was G\u00e4ste der &#8220;spanischen Nacht&#8221; am Samstag, den 9. Mai 2009 ab 18.00 Uhr in Lenzis erwartet. <!--more--><\/p>\n<p><strong>&#8220;Europ\u00e4ischen N\u00e4chte&#8221; &#8211; wechselnde L\u00e4ndervorstellungen<\/strong><\/p>\n<p>Was machen Narren und Nicht-Narren au\u00dferhalb der 5. ten Jahreszeit am liebsten? Urlaub! Ein Blick auf den Kalender und es zeigt sich: Am 9. Mai ist Europatag. Denn am 9. Mai 1950 wurde der Vorschlag f\u00fcr ein vereintes Europa vorgestellt. Der Fliedener-Carneval-Verein f\u00fcgt all das zusammen und feiert von nun an j\u00e4hrlich in der Zeit um den 9. Mai die &#8220;Europ\u00e4ischen N\u00e4chte&#8221; mit der Vorstellung eines wechselnden europ\u00e4ischen Landes.<\/p>\n<p>Am kommenden Samstag beginnt diese Reise mit Spanien. Die wunderbare Atmosph\u00e4re im Fliedener Heimatmuseum &#8220;Lenzis&#8221; ist die ideale B\u00fchne f\u00fcr eine spanische Fiesta mit allem was dazugeh\u00f6rt. Dekorationsakzente und vor allem Speis und Trank bringen das spanische Lebensgef\u00fchl nahe. &#8220;Estrella&#8221; das beliebte Bier aus Barcelona, Rotweine und Wei\u00dfwein aus den s\u00fcdlichsten Teilen, spanischer Sekt und nat\u00fcrlich Sangria werden angeboten.\u00c2\u00a0 Authentisch soll auch das Essen sein. Daf\u00fcr hat sich der K\u00fcchenchef der Gastst\u00e4tte &#8220;Zentrum&#8221; J\u00f6rg Wehner ins Zeug gelegt. Mit viel Einfallsreichtum und m\u00f6glichst nah an der landestypischen K\u00fcche wird er mit den leckersten Gerichten aus Spanien verw\u00f6hnen: &#8220;Tapas Variadas&#8221; &#8211; &#8220;Pocatillo el Torro&#8221;, geschmorte Stierkeule &#8211; &#8220;Katalanischer Flammkuchen&#8221; &#8211; &#8220;Original Spanische Paell\u00e1&#8221; &#8211; &#8220;Papas arrugadas con Mojo&#8221; &#8211; Kanarische Kartoffeln mit roter oder gr\u00fcner Mojo und als s\u00fc\u00dfer Gaumenkitzler &#8220;Creme Catalana&#8221;.<\/p>\n<p><strong>Spanier und das Essen<\/strong><\/p>\n<p>Schon dieses kulinarische Angebot ist es wert eine spanische Nacht zu feiern. Wer den FCV kennt der wei\u00df, auch die Unterhaltung darf in keinem Fall zu kurz kommen. Musikalisch servieren unsere DJs alles Gute aus, mit und zu Spanien. Dazu kommen humorvolle Showeinlagen die f\u00fcr Stimmung sorgen, hei\u00dfe\u00c2\u00a0 Flamenco-Demonstrationen pr\u00e4sentiert von &#8220;Eugenia&#8221; sowie kleine \u00fcberraschende Details. Als Ausrichter von Veranstaltungen steht der Fliedener-Carneval-Verein schon immer f\u00fcr eine faire Preis-Leistung das gilt nat\u00fcrlich auch f\u00fcr die &#8220;Europ\u00e4ischen N\u00e4chte&#8221; &#8211; und der Eintritt ist sowieso frei. Mehr Spanien geht also nicht und in Flieden freut man sich auf alle G\u00e4ste die man mit &#8220;BIENVENIDOS AL LENZIS&#8221; begr\u00fc\u00dfen kann.<\/p>\n","protected":false},"excerpt":{"rendered":"<div class=\"tmnf_excerpt\"><p>Flieden. Hola! Spanien besucht das K\u00f6nigreich. So k\u00f6nnte man mit 4 Worten beschreiben, was G\u00e4ste der &#8220;spanischen Nacht&#8221; am Samstag, den 9. Mai 2009 ab 18.00 Uhr in Lenzis erwartet.<\/p>\n<\/div>","protected":false},"author":1,"featured_media":0,"comment_status":"closed","ping_status":"closed","sticky":false,"template":"","format":"standard","meta":{"footnotes":""},"categories":[1,44],"tags":[],"class_list":["post-28035","post","type-post","status-publish","format-standard","hentry","category-startseite","category-kultur"],"_links":{"self":[{"href":"https:\/\/www.fuldaernachrichten.de\/index.php?rest_route=\/wp\/v2\/posts\/28035","targetHints":{"allow":["GET"]}}],"collection":[{"href":"https:\/\/www.fuldaernachrichten.de\/index.php?rest_route=\/wp\/v2\/posts"}],"about":[{"href":"https:\/\/www.fuldaernachrichten.de\/index.php?rest_route=\/wp\/v2\/types\/post"}],"author":[{"embeddable":true,"href":"https:\/\/www.fuldaernachrichten.de\/index.php?rest_route=\/wp\/v2\/users\/1"}],"replies":[{"embeddable":true,"href":"https:\/\/www.fuldaernachrichten.de\/index.php?rest_route=%2Fwp%2Fv2%2Fcomments&post=28035"}],"version-history":[{"count":3,"href":"https:\/\/www.fuldaernachrichten.de\/index.php?rest_route=\/wp\/v2\/posts\/28035\/revisions"}],"predecessor-version":[{"id":28084,"href":"https:\/\/www.fuldaernachrichten.de\/index.php?rest_route=\/wp\/v2\/posts\/28035\/revisions\/28084"}],"wp:attachment":[{"href":"https:\/\/www.fuldaernachrichten.de\/index.php?rest_route=%2Fwp%2Fv2%2Fmedia&parent=28035"}],"wp:term":[{"taxonomy":"category","embeddable":true,"href":"https:\/\/www.fuldaernachrichten.de\/index.php?rest_route=%2Fwp%2Fv2%2Fcategories&post=28035"},{"taxonomy":"post_tag","embeddable":true,"href":"https:\/\/www.fuldaernachrichten.de\/index.php?rest_route=%2Fwp%2Fv2%2Ftags&post=28035"}],"curies":[{"name":"wp","href":"https:\/\/api.w.org\/{rel}","templated":true}]}}