{"id":28029,"date":"2009-05-07T06:00:18","date_gmt":"2009-05-07T04:00:18","guid":{"rendered":"http:\/\/www.schoene-nachrichten.de\/?p=28029"},"modified":"2009-05-06T21:55:41","modified_gmt":"2009-05-06T19:55:41","slug":"gedaechtnistrainer-mit-zertifikat","status":"publish","type":"post","link":"https:\/\/www.fuldaernachrichten.de\/?p=28029","title":{"rendered":"Ged\u00e4chtnistrainer  mit  Zertifikat"},"content":{"rendered":"<p><a href=\"http:\/\/www.schoene-nachrichten.de\/wp-content\/uploads\/2009\/05\/gruppenbildgedaechtnistrain.jpg\"><img fetchpriority=\"high\" decoding=\"async\" class=\"alignnone size-thumbnail wp-image-28030\" title=\"Bonifatiushaus Fulda \" src=\"http:\/\/www.schoene-nachrichten.de\/wp-content\/uploads\/2009\/05\/gruppenbildgedaechtnistrain-265x198.jpg\" alt=\"Bonifatiushaus Fulda \" hspace=\"5\" width=\"265\" height=\"198\" align=\"left\" srcset=\"https:\/\/www.fuldaernachrichten.de\/wp-content\/uploads\/2009\/05\/gruppenbildgedaechtnistrain-265x198.jpg 265w, https:\/\/www.fuldaernachrichten.de\/wp-content\/uploads\/2009\/05\/gruppenbildgedaechtnistrain.jpg 800w\" sizes=\"(max-width: 265px) 100vw, 265px\" \/><\/a><strong>Fulda. <\/strong>Erstmalig wurde jetzt im Bonifatiushaus, in Kooperation mit dem Bundesverband Ged\u00e4chtnistraining e.V., eine Ausbildung zum Ged\u00e4chtnistrainer nach ganzheitlicher Methode durchgef\u00fchrt und erfolgreich beendet. In 120 Unterrichtsstunden, aufgeteilt in drei Kursabschnitte, lernten die 11 Ausbildungsteilnehmerinnen und ein Teilnehmer\u00c2\u00a0 Ansatz\u00c2\u00a0 und Umsetzung des Ganzheitlichen Ged\u00e4chtnistrainings in Theorie und Praxis kennen. Die Leitung hierbei hatte Frau Regina Schepe, Diplom-P\u00e4dagogin und Ausbildungsreferentin des Bundesverbandes Ged\u00e4chtnistraining e.V.<!--more--><\/p>\n<p><strong>Geistige Fitness steigert Lebensqualit\u00e4t<\/strong><\/p>\n<p>\u201eWer rastet, der rostet\u201c \u2013 dies gilt nicht nur f\u00fcr die k\u00f6rperliche, sondern auch f\u00fcr die geistige Fitness. Somit tr\u00e4gt regelm\u00e4\u00dfiges Ged\u00e4chtnistraining zu einer Steigerung der Gehirnleistung und auch der Lebensqualit\u00e4t bei. Dabei steigt der Bedarf an qualifizierten Ged\u00e4chtnistrainerinnen und Trainern aufgrund des wachsenden Bewusstseins \u00fcber deren Vorteile in der Fr\u00fcherziehung, in Ausbildung und\u00c2\u00a0 Beruf, aber auch zur geistigen Gesunderhaltung im Alter bzw. zur Rehabilitation.<\/p>\n<p>Die erfolgte Vermittlung grundlegender Kenntnisse zu Gehirnfunktionen und dem Ged\u00e4chtnis verbunden mit ganzheitlichen und zielgruppenorientierten \u00dcbungen erm\u00f6glicht es den Absolventinnen und dem Absolventen nun eigenst\u00e4ndig Ged\u00e4chtnistrainingskurse anzubieten. Dabei zeigte schon die Lehrprobe im Mediana Wohnstift, mit Bewohnerinnen des Stifts, in der Bardoschule mit Sch\u00fclern des 3. und 4. Schuljahres und im Bonifatiushaus mit einer Gruppe Erwachsener \u00dc 50, die sehr gute Qualit\u00e4t der Ausbildung und die Professionalit\u00e4t der \u201eneuen\u201c Trainer.<\/p>\n<p>\u201eDie praxisorientierte Ausbildung hat sich gelohnt! Das Lernen in der entspannten Atmosph\u00e4re war sehr effektiv und hat viel Spa\u00df gemacht.\u201c &#8211; war dabei das Res\u00fcmee der Gruppe.<\/p>\n<p>Die n\u00e4chste Ausbildung zum Ged\u00e4chtnistrainer beginnt Ende Oktober 2009. Weitere Informationen erhalten Sie im Bonifatiushaus (Haus der Weiterbildung der Di\u00f6zese Fulda), Neuenbergerstr. 3-5, 36041 Fulda, Telefon 0661 8398114,<\/p>\n<p>Email: info@bonifatiushaus.de, Internet: bonifatiushaus.de<\/p>\n<p><strong>Bild:<\/strong><br \/>\nVordere Reihe von links: Schwester Reinhilde, Regine Schepe (Ausbildungsleiterin), Margarete Budasch &#8211; Buchheim, Rosemarie Lobert, Claudia Goldbach, Waltraud Born; Mittlere Reihe von links: Nicole Mahr, Sonja Michel, Brigitte Herbert, Evelyn Velkof, Gunter Geiger (Direktor des Bonifatiushauses); Obere Reihe von links: Sebastian Scholl, Birgit Sch\u00e4ufele, Barbara Straub<\/p>\n","protected":false},"excerpt":{"rendered":"<div class=\"tmnf_excerpt\"><p>Fulda. Erstmalig wurde jetzt im Bonifatiushaus, in Kooperation mit dem Bundesverband Ged\u00e4chtnistraining e.V., eine Ausbildung zum Ged\u00e4chtnistrainer nach ganzheitlicher Methode durchgef\u00fchrt und erfolgreich beendet. In 120 Unterrichtsstunden, aufgeteilt in drei Kursabschnitte, lernten die 11 Ausbildungsteilnehmerinnen und ein Teilnehmer\u00c2\u00a0 Ansatz\u00c2\u00a0 und Umsetzung des Ganzheitlichen Ged\u00e4chtnistrainings in Theorie und Praxis kennen. Die Leitung hierbei hatte Frau Regina &hellip;<\/p>\n<\/div>","protected":false},"author":1,"featured_media":0,"comment_status":"closed","ping_status":"closed","sticky":false,"template":"","format":"standard","meta":{"footnotes":""},"categories":[1,53,50],"tags":[],"class_list":["post-28029","post","type-post","status-publish","format-standard","hentry","category-startseite","category-bildung","category-kirche"],"_links":{"self":[{"href":"https:\/\/www.fuldaernachrichten.de\/index.php?rest_route=\/wp\/v2\/posts\/28029","targetHints":{"allow":["GET"]}}],"collection":[{"href":"https:\/\/www.fuldaernachrichten.de\/index.php?rest_route=\/wp\/v2\/posts"}],"about":[{"href":"https:\/\/www.fuldaernachrichten.de\/index.php?rest_route=\/wp\/v2\/types\/post"}],"author":[{"embeddable":true,"href":"https:\/\/www.fuldaernachrichten.de\/index.php?rest_route=\/wp\/v2\/users\/1"}],"replies":[{"embeddable":true,"href":"https:\/\/www.fuldaernachrichten.de\/index.php?rest_route=%2Fwp%2Fv2%2Fcomments&post=28029"}],"version-history":[{"count":5,"href":"https:\/\/www.fuldaernachrichten.de\/index.php?rest_route=\/wp\/v2\/posts\/28029\/revisions"}],"predecessor-version":[{"id":28119,"href":"https:\/\/www.fuldaernachrichten.de\/index.php?rest_route=\/wp\/v2\/posts\/28029\/revisions\/28119"}],"wp:attachment":[{"href":"https:\/\/www.fuldaernachrichten.de\/index.php?rest_route=%2Fwp%2Fv2%2Fmedia&parent=28029"}],"wp:term":[{"taxonomy":"category","embeddable":true,"href":"https:\/\/www.fuldaernachrichten.de\/index.php?rest_route=%2Fwp%2Fv2%2Fcategories&post=28029"},{"taxonomy":"post_tag","embeddable":true,"href":"https:\/\/www.fuldaernachrichten.de\/index.php?rest_route=%2Fwp%2Fv2%2Ftags&post=28029"}],"curies":[{"name":"wp","href":"https:\/\/api.w.org\/{rel}","templated":true}]}}