{"id":2797,"date":"2007-04-26T01:34:59","date_gmt":"2007-04-25T23:34:59","guid":{"rendered":"http:\/\/www.schoene-nachrichten.de\/?p=2797"},"modified":"2008-12-15T13:14:00","modified_gmt":"2008-12-15T12:14:00","slug":"auf-wachstum-eingestellt-zufall-baut-den-standort-fulda-aus","status":"publish","type":"post","link":"https:\/\/www.fuldaernachrichten.de\/?p=2797","title":{"rendered":"Auf Wachstum eingestellt: ZUFALL baut den Standort Fulda aus"},"content":{"rendered":"<p><strong>Sch\u00f6nes aus Fulda.<\/strong> Die ZUFALL-Gruppe ist auf Wachstum eingestellt. Nachdem 2006 der Umsatz im Vergleich zum Vorjahr um 12 Prozent auf 174,9 Millionen Euro gestiegen ist, will die ZUFALL-Gruppe bis 2012 einen Umsatz von 300 Millionen Euro erreicht haben. Au\u00dferdem sollen neue Standorte er\u00f6ffnet werden. Das gaben heute Mitglieder der Niederlassungsleitung Fulda im Rahmen eines Pressegespr\u00e4chs bekannt. Das Jahresergebnis der Fuldaer Niederlassung liegt bei knapp 73 Millionen Euro.<\/p>\n<p><strong>Fotos (18) und Video:<\/strong> Max Colin Heydenreich<\/p>\n<p><strong>Video ansehen mit:<\/strong> <a target=\"_blank\" href=\"http:\/\/www.schoene-nachrichten.de\/wp-content\/uploads\/2007\/04\/070426_Zufall.wmv\">Windows Media Player<\/a> oder <a target=\"_blank\" href=\"http:\/\/www.schoene-nachrichten.de\/Video\/070426_Zufall.rmvb\">Real Media Player<\/a><\/p>\n<p><a rel=\"lightbox[roadtrip]\" target=\"_blank\" href=\"http:\/\/www.schoene-nachrichten.de\/wp-content\/uploads\/2007\/04\/070426_Zufall_01.jpg\" title=\"Foto: Max Colin Heydenreich\"><img decoding=\"async\" width=\"128\" src=\"http:\/\/www.schoene-nachrichten.de\/wp-content\/uploads\/2007\/04\/070426_Zufall_01.thumbnail.jpg\" alt=\"070426_Zufall_01.jpg\" \/><\/a>\u00c2\u00a0<a rel=\"lightbox[roadtrip]\" target=\"_blank\" href=\"http:\/\/www.schoene-nachrichten.de\/wp-content\/uploads\/2007\/04\/070426_Zufall_15.jpg\" title=\"Foto: Max Colin Heydenreich\"><img decoding=\"async\" width=\"128\" src=\"http:\/\/www.schoene-nachrichten.de\/wp-content\/uploads\/2007\/04\/070426_Zufall_15.thumbnail.jpg\" alt=\"070426_Zufall_15.jpg\" \/><\/a>\u00c2\u00a0<a rel=\"lightbox[roadtrip]\" target=\"_blank\" href=\"http:\/\/www.schoene-nachrichten.de\/wp-content\/uploads\/2007\/04\/070426_Zufall_09.jpg\" title=\"Foto: Max Colin Heydenreich\"><img decoding=\"async\" width=\"128\" src=\"http:\/\/www.schoene-nachrichten.de\/wp-content\/uploads\/2007\/04\/070426_Zufall_09.thumbnail.jpg\" alt=\"070426_Zufall_09.jpg\" \/><\/a><\/p>\n<p><!--more-->\u201eUnser Ziel ist es, die finanzielle Eigenst\u00e4ndigkeit der ZUFALL-Gruppe als Familienunternehmen auch f\u00fcr die Zukunft zu bewahren, in dem wir am Markt die Kundenorientierung in den Mittelpunkt stellen und unsere Marktposition weiter ausbauen\u201c erkl\u00e4rte Christoph G\u00f6bel, Mitglied der Niederlassungsleitung.<\/p>\n<p><a rel=\"lightbox[roadtrip]\" target=\"_blank\" href=\"http:\/\/www.schoene-nachrichten.de\/wp-content\/uploads\/2007\/04\/070426_Zufall_16.jpg\" title=\"Foto: Max Colin Heydenreich\"><img decoding=\"async\" width=\"128\" src=\"http:\/\/www.schoene-nachrichten.de\/wp-content\/uploads\/2007\/04\/070426_Zufall_16.thumbnail.jpg\" alt=\"070426_Zufall_16.jpg\" \/><\/a>\u00c2\u00a0<a rel=\"lightbox[roadtrip]\" target=\"_blank\" href=\"http:\/\/www.schoene-nachrichten.de\/wp-content\/uploads\/2007\/04\/070426_Zufall_02.jpg\" title=\"Foto: Max Colin Heydenreich\"><img decoding=\"async\" width=\"128\" src=\"http:\/\/www.schoene-nachrichten.de\/wp-content\/uploads\/2007\/04\/070426_Zufall_02.thumbnail.jpg\" alt=\"070426_Zufall_02.jpg\" \/><\/a>\u00c2\u00a0<a rel=\"lightbox[roadtrip]\" target=\"_blank\" href=\"http:\/\/www.schoene-nachrichten.de\/wp-content\/uploads\/2007\/04\/070426_Zufall_18.jpg\" title=\"Foto: Max Colin Heydenreich\"><img decoding=\"async\" width=\"128\" src=\"http:\/\/www.schoene-nachrichten.de\/wp-content\/uploads\/2007\/04\/070426_Zufall_18.thumbnail.jpg\" alt=\"070426_Zufall_18.jpg\" \/><\/a><\/p>\n<p>Au\u00dferdem will die ZUFALL-Gruppe weiter wachsen. \u201eWir wollen und werden weiter wachsen, in der Region und auch \u00fcber die bisherigen \u201eZUFALL-Grenzen\u201c hinaus. Das sind einige Kernbotschaften aus der neu verfassten Unternehmensstrategie\u201c, pr\u00e4zisiert Michael Hamperl, Mitglied der Niederlassungsleitung.<\/p>\n<p><a rel=\"lightbox[roadtrip]\" target=\"_blank\" href=\"http:\/\/www.schoene-nachrichten.de\/wp-content\/uploads\/2007\/04\/070426_Zufall_07.jpg\" title=\"Foto: Max Colin Heydenreich\"><img decoding=\"async\" width=\"128\" src=\"http:\/\/www.schoene-nachrichten.de\/wp-content\/uploads\/2007\/04\/070426_Zufall_07.thumbnail.jpg\" alt=\"070426_Zufall_07.jpg\" \/><\/a>\u00c2\u00a0<a rel=\"lightbox[roadtrip]\" target=\"_blank\" href=\"http:\/\/www.schoene-nachrichten.de\/wp-content\/uploads\/2007\/04\/070426_Zufall_17.jpg\" title=\"Foto: Max Colin Heydenreich\"><img decoding=\"async\" width=\"128\" src=\"http:\/\/www.schoene-nachrichten.de\/wp-content\/uploads\/2007\/04\/070426_Zufall_17.thumbnail.jpg\" alt=\"070426_Zufall_17.jpg\" \/><\/a> <a rel=\"lightbox[roadtrip]\" target=\"_blank\" href=\"http:\/\/www.schoene-nachrichten.de\/wp-content\/uploads\/2007\/04\/070426_Zufall_08.jpg\" title=\"Foto: Max Colin Heydenreich\"><img decoding=\"async\" width=\"128\" src=\"http:\/\/www.schoene-nachrichten.de\/wp-content\/uploads\/2007\/04\/070426_Zufall_08.thumbnail.jpg\" alt=\"070426_Zufall_08.jpg\" \/><\/a><\/p>\n<p>Im Augenblick nutzt ZUFALL rund um Fulda ca. 55.000 m\u00c2\u00b2 f\u00fcr Umschlag und Logistik. Aktuell wird in Fulda das Umschlaglager von ca. 7000 auf etwa 10.000 Quadratmeter erweitert. 140 LKW k\u00f6nnen dann gleichzeitig be- und entladen werden. Entlang der Stadtgrenzen sucht ZUFALL zudem nach M\u00f6glichkeiten, perspektivisch ein weiteres Logistik Center mit ca.10.000 m\u00c2\u00b2 zu errichten<\/p>\n<p><a rel=\"lightbox[roadtrip]\" target=\"_blank\" href=\"http:\/\/www.schoene-nachrichten.de\/wp-content\/uploads\/2007\/04\/070426_Zufall_04.jpg\" title=\"Foto: Max Colin Heydenreich\"><img decoding=\"async\" width=\"128\" src=\"http:\/\/www.schoene-nachrichten.de\/wp-content\/uploads\/2007\/04\/070426_Zufall_04.thumbnail.jpg\" alt=\"070426_Zufall_04.jpg\" \/><\/a> <a rel=\"lightbox[roadtrip]\" target=\"_blank\" href=\"http:\/\/www.schoene-nachrichten.de\/wp-content\/uploads\/2007\/04\/070426_Zufall_05.jpg\" title=\"Foto: Max Colin Heydenreich\"><img decoding=\"async\" width=\"128\" src=\"http:\/\/www.schoene-nachrichten.de\/wp-content\/uploads\/2007\/04\/070426_Zufall_05.thumbnail.jpg\" alt=\"070426_Zufall_05.jpg\" \/><\/a> <a rel=\"lightbox[roadtrip]\" target=\"_blank\" href=\"http:\/\/www.schoene-nachrichten.de\/wp-content\/uploads\/2007\/04\/070426_Zufall_06.jpg\" title=\"Foto: Max Colin Heydenreich\"><img decoding=\"async\" width=\"128\" src=\"http:\/\/www.schoene-nachrichten.de\/wp-content\/uploads\/2007\/04\/070426_Zufall_06.thumbnail.jpg\" alt=\"070426_Zufall_06.jpg\" \/><\/a><\/p>\n<p>\u201eIn Gie\u00dfen starten wir sogar richtig durch\u201c, freut sich Christoph G\u00f6bel. \u201eDie dortige Niederlassung verf\u00fcgt ab Juni \u00fcber ca. 7.000 Quadratmeter Umschlag- und Logistikfl\u00e4che. Gie\u00dfen hat sich damit von einem reinen B\u00fcrostandort\u00c2\u00a0 zu einem noch leistungsst\u00e4rkeren Standort f\u00fcr Spedition und Logistik entwickelt.\u201c<\/p>\n<p><a rel=\"lightbox[roadtrip]\" target=\"_blank\" href=\"http:\/\/www.schoene-nachrichten.de\/wp-content\/uploads\/2007\/04\/070426_Zufall_10.jpg\" title=\"Foto: Max Colin Heydenreich\"><img decoding=\"async\" width=\"128\" src=\"http:\/\/www.schoene-nachrichten.de\/wp-content\/uploads\/2007\/04\/070426_Zufall_10.thumbnail.jpg\" alt=\"070426_Zufall_10.jpg\" \/><\/a> <a rel=\"lightbox[roadtrip]\" target=\"_blank\" href=\"http:\/\/www.schoene-nachrichten.de\/wp-content\/uploads\/2007\/04\/070426_Zufall_11.jpg\" title=\"Foto: Max Colin Heydenreich\"><img decoding=\"async\" width=\"128\" src=\"http:\/\/www.schoene-nachrichten.de\/wp-content\/uploads\/2007\/04\/070426_Zufall_11.thumbnail.jpg\" alt=\"070426_Zufall_11.jpg\" \/><\/a> <a rel=\"lightbox[roadtrip]\" target=\"_blank\" href=\"http:\/\/www.schoene-nachrichten.de\/wp-content\/uploads\/2007\/04\/070426_Zufall_12.jpg\" title=\"Foto: Max Colin Heydenreich\"><img decoding=\"async\" width=\"128\" src=\"http:\/\/www.schoene-nachrichten.de\/wp-content\/uploads\/2007\/04\/070426_Zufall_12.thumbnail.jpg\" alt=\"070426_Zufall_12.jpg\" \/><\/a><\/p>\n<p>Neben moto-logistics (Motorr\u00e4der und -roller) ist die Reifen-Logistik am Wachstum der ZUFALL-Gruppe erheblich beteiligt. ZUFALL Fulda hat 2006 f\u00fcr namhafte Reifenhersteller die Lagerhaltung mit bis zu 280.000 Reifen und die europaweite Verteilung von \u00fcber 520.000 Reifen durchgef\u00fchrt.<\/p>\n<p><a rel=\"lightbox[roadtrip]\" target=\"_blank\" href=\"http:\/\/www.schoene-nachrichten.de\/wp-content\/uploads\/2007\/04\/070426_Zufall_13.jpg\" title=\"Foto: Max Colin Heydenreich\"><img decoding=\"async\" width=\"128\" src=\"http:\/\/www.schoene-nachrichten.de\/wp-content\/uploads\/2007\/04\/070426_Zufall_13.thumbnail.jpg\" alt=\"070426_Zufall_13.jpg\" \/><\/a>\u00c2\u00a0<a rel=\"lightbox[roadtrip]\" target=\"_blank\" href=\"http:\/\/www.schoene-nachrichten.de\/wp-content\/uploads\/2007\/04\/070426_Zufall_03.jpg\" title=\"Foto: Max Colin Heydenreich\"><img decoding=\"async\" width=\"128\" src=\"http:\/\/www.schoene-nachrichten.de\/wp-content\/uploads\/2007\/04\/070426_Zufall_03.thumbnail.jpg\" alt=\"070426_Zufall_03.jpg\" \/><\/a> <a rel=\"lightbox[roadtrip]\" target=\"_blank\" href=\"http:\/\/www.schoene-nachrichten.de\/wp-content\/uploads\/2007\/04\/070426_Zufall_14.jpg\" title=\"Foto: Max Colin Heydenreich\"><img decoding=\"async\" width=\"128\" src=\"http:\/\/www.schoene-nachrichten.de\/wp-content\/uploads\/2007\/04\/070426_Zufall_14.thumbnail.jpg\" alt=\"070426_Zufall_14.jpg\" \/><\/a><\/p>\n<p>\u201eDie ZUFALL-Gruppe will sich auch weiterhin stark f\u00fcr die Aus- und Weiterbildung seiner MitarbeiterInnen engagieren\u201c, betont Werner Eckerle. In 2006 sind fast alle Auszubildenden in ein festes Arbeitsverh\u00e4ltnis \u00fcbernommen worden, zw\u00f6lf davon in Fulda. Insgesamt bildet die ZUFALL-Gruppe 76 junge Menschen &#8211; davon 40 in Fulda -\u00c2\u00a0aus.<\/p>\n<p>Im August\u00c2\u00a0 2007 werden erstmalig Ausbildungsstellen f\u00fcr BerufskraftfahrerInnen zur Verf\u00fcgung gestellt. Zusammen mit Unternehmern, Partnern und unterst\u00fctzt durch die IHK und Berufsschulen wird diese ZUFALL-Initiative umgesetzt. Diese zielt darauf ab, eine Berufsschulklasse in Fulda zu etablieren, um auch mittelfristig gut ausgebildetes Fahrpersonal in der Branche zu haben.<\/p>\n<p>Die ZUFALL-Gruppe besch\u00e4ftigt 1.127 Mitarbeiter, am Standort Fulda sind es 552 MitarbeiterInnen. Zus\u00e4tzlich besch\u00e4ftigen die Transportunternehmen, die f\u00fcr die Niederlassung Fulda t\u00e4tig sind, 120 Fahrer in Osthessen und St\u00fcdth\u00fcringen.<\/p>\n<p><img decoding=\"async\" src=\"http:\/\/www.schoene-nachrichten.de\/wp-content\/uploads\/2007\/02\/x_sponsor.gif\" alt=\"x_sponsor.gif\" \/>[local \/wp-content\/uploads\/2007\/04\/070426_Zufall.wmv]<\/p>\n","protected":false},"excerpt":{"rendered":"<div class=\"tmnf_excerpt\"><p>Sch\u00f6nes aus Fulda. Die ZUFALL-Gruppe ist auf Wachstum eingestellt. Nachdem 2006 der Umsatz im Vergleich zum Vorjahr um 12 Prozent auf 174,9 Millionen Euro gestiegen ist, will die ZUFALL-Gruppe bis 2012 einen Umsatz von 300 Millionen Euro erreicht haben. Au\u00dferdem sollen neue Standorte er\u00f6ffnet werden. Das gaben heute Mitglieder der Niederlassungsleitung Fulda im Rahmen eines &hellip;<\/p>\n<\/div>","protected":false},"author":1,"featured_media":0,"comment_status":"closed","ping_status":"closed","sticky":false,"template":"","format":"standard","meta":{"footnotes":""},"categories":[1,35,79],"tags":[],"class_list":["post-2797","post","type-post","status-publish","format-standard","hentry","category-startseite","category-auto","category-kino"],"_links":{"self":[{"href":"https:\/\/www.fuldaernachrichten.de\/index.php?rest_route=\/wp\/v2\/posts\/2797","targetHints":{"allow":["GET"]}}],"collection":[{"href":"https:\/\/www.fuldaernachrichten.de\/index.php?rest_route=\/wp\/v2\/posts"}],"about":[{"href":"https:\/\/www.fuldaernachrichten.de\/index.php?rest_route=\/wp\/v2\/types\/post"}],"author":[{"embeddable":true,"href":"https:\/\/www.fuldaernachrichten.de\/index.php?rest_route=\/wp\/v2\/users\/1"}],"replies":[{"embeddable":true,"href":"https:\/\/www.fuldaernachrichten.de\/index.php?rest_route=%2Fwp%2Fv2%2Fcomments&post=2797"}],"version-history":[{"count":1,"href":"https:\/\/www.fuldaernachrichten.de\/index.php?rest_route=\/wp\/v2\/posts\/2797\/revisions"}],"predecessor-version":[{"id":17433,"href":"https:\/\/www.fuldaernachrichten.de\/index.php?rest_route=\/wp\/v2\/posts\/2797\/revisions\/17433"}],"wp:attachment":[{"href":"https:\/\/www.fuldaernachrichten.de\/index.php?rest_route=%2Fwp%2Fv2%2Fmedia&parent=2797"}],"wp:term":[{"taxonomy":"category","embeddable":true,"href":"https:\/\/www.fuldaernachrichten.de\/index.php?rest_route=%2Fwp%2Fv2%2Fcategories&post=2797"},{"taxonomy":"post_tag","embeddable":true,"href":"https:\/\/www.fuldaernachrichten.de\/index.php?rest_route=%2Fwp%2Fv2%2Ftags&post=2797"}],"curies":[{"name":"wp","href":"https:\/\/api.w.org\/{rel}","templated":true}]}}