{"id":27844,"date":"2009-05-05T06:14:25","date_gmt":"2009-05-05T04:14:25","guid":{"rendered":"http:\/\/www.schoene-nachrichten.de\/?p=27844"},"modified":"2009-05-05T07:32:49","modified_gmt":"2009-05-05T05:32:49","slug":"kunstausstellung-gestatten-kultur","status":"publish","type":"post","link":"https:\/\/www.fuldaernachrichten.de\/?p=27844","title":{"rendered":"Kunstausstellung \u201eGestatten, Kultur!\u201c"},"content":{"rendered":"<p><a href=\"http:\/\/www.schoene-nachrichten.de\/wp-content\/uploads\/2009\/05\/christa-lffler-mann.jpg\"><img fetchpriority=\"high\" decoding=\"async\" class=\"alignnone size-thumbnail wp-image-27845\" title=\"Christa L\u00f6ffler\" src=\"http:\/\/www.schoene-nachrichten.de\/wp-content\/uploads\/2009\/05\/christa-lffler-mann-265x378.jpg\" alt=\"Tanner Diakoniezentrum gemeinn\u00fctzige GmbH\" hspace=\"5\" width=\"265\" height=\"378\" align=\"left\" srcset=\"https:\/\/www.fuldaernachrichten.de\/wp-content\/uploads\/2009\/05\/christa-lffler-mann-265x378.jpg 265w, https:\/\/www.fuldaernachrichten.de\/wp-content\/uploads\/2009\/05\/christa-lffler-mann.jpg 420w\" sizes=\"(max-width: 265px) 100vw, 265px\" \/><\/a><strong>Tann. <\/strong>Zum 11. Mal findet im Naturmuseum zu Tann die Ausstellung \u201eGestatten, Kultur!\u201c statt. Das Tanner Diakoniezentrum freut sich, der \u00d6ffentlichkeit wieder die beeindruckenden k\u00fcnstlerischen Arbeiten geistig behinderter K\u00fcnstler pr\u00e4sentieren zu k\u00f6nnen, welche bei \u201eGestatten, Kultur!\u201c gleichberechtigt neben den Werken professioneller Kunstschaffender h\u00e4ngen. Nachdem in der Vergangenheit bereits sogar Originale des ber\u00fchmten Malers Hundertwasser Bestandteile der Pr\u00e4sentation waren, gibt es in diesem Jahr wieder eine vielf\u00e4ltige Auswahl an Bildern und Objekten. Als neues Element werden beeindruckende Fotografien pr\u00e4sentiert, in denen die K\u00fcnstler des Tanner Diakoniezentrums in ihrem Kunstschaffen portr\u00e4tiert werden. Schirmherr der diesj\u00e4hrigen Ausstellung ist Herr Privat-Dozent Dr. med. Achim Hellinger, Medizinischer Direktor der Klinikum Fulda gAG.<!--more--><\/p>\n<p><strong>Besuchszeiten<\/strong><\/p>\n<p>Die Ausstellung im Naturmuseum zu Tann ist vom 10.05.2009 bis einschlie\u00dflich 07.06.2009 t\u00e4glich au\u00dfer montags von 10 \u2013 12 Uhr und von 14 \u2013 17 Uhr ge\u00f6ffnet. Die Vernissage findet am Sonntag, den 10.05.2009 um 15 Uhr statt. Hierzu erwartet Sie ein Fachvortrag der Kunsthistorikerin Frau Dr. N\u00fcdling. Musikalisch umrahmt wird die Er\u00f6ffnung von der Band \u201eJazz and More\u201c.<\/p>\n","protected":false},"excerpt":{"rendered":"<div class=\"tmnf_excerpt\"><p>Tann. Zum 11. Mal findet im Naturmuseum zu Tann die Ausstellung \u201eGestatten, Kultur!\u201c statt. Das Tanner Diakoniezentrum freut sich, der \u00d6ffentlichkeit wieder die beeindruckenden k\u00fcnstlerischen Arbeiten geistig behinderter K\u00fcnstler pr\u00e4sentieren zu k\u00f6nnen, welche bei \u201eGestatten, Kultur!\u201c gleichberechtigt neben den Werken professioneller Kunstschaffender h\u00e4ngen. Nachdem in der Vergangenheit bereits sogar Originale des ber\u00fchmten Malers Hundertwasser Bestandteile &hellip;<\/p>\n<\/div>","protected":false},"author":1,"featured_media":0,"comment_status":"closed","ping_status":"closed","sticky":false,"template":"","format":"standard","meta":{"footnotes":""},"categories":[1,44],"tags":[],"class_list":["post-27844","post","type-post","status-publish","format-standard","hentry","category-startseite","category-kultur"],"_links":{"self":[{"href":"https:\/\/www.fuldaernachrichten.de\/index.php?rest_route=\/wp\/v2\/posts\/27844","targetHints":{"allow":["GET"]}}],"collection":[{"href":"https:\/\/www.fuldaernachrichten.de\/index.php?rest_route=\/wp\/v2\/posts"}],"about":[{"href":"https:\/\/www.fuldaernachrichten.de\/index.php?rest_route=\/wp\/v2\/types\/post"}],"author":[{"embeddable":true,"href":"https:\/\/www.fuldaernachrichten.de\/index.php?rest_route=\/wp\/v2\/users\/1"}],"replies":[{"embeddable":true,"href":"https:\/\/www.fuldaernachrichten.de\/index.php?rest_route=%2Fwp%2Fv2%2Fcomments&post=27844"}],"version-history":[{"count":3,"href":"https:\/\/www.fuldaernachrichten.de\/index.php?rest_route=\/wp\/v2\/posts\/27844\/revisions"}],"predecessor-version":[{"id":27910,"href":"https:\/\/www.fuldaernachrichten.de\/index.php?rest_route=\/wp\/v2\/posts\/27844\/revisions\/27910"}],"wp:attachment":[{"href":"https:\/\/www.fuldaernachrichten.de\/index.php?rest_route=%2Fwp%2Fv2%2Fmedia&parent=27844"}],"wp:term":[{"taxonomy":"category","embeddable":true,"href":"https:\/\/www.fuldaernachrichten.de\/index.php?rest_route=%2Fwp%2Fv2%2Fcategories&post=27844"},{"taxonomy":"post_tag","embeddable":true,"href":"https:\/\/www.fuldaernachrichten.de\/index.php?rest_route=%2Fwp%2Fv2%2Ftags&post=27844"}],"curies":[{"name":"wp","href":"https:\/\/api.w.org\/{rel}","templated":true}]}}