{"id":27774,"date":"2009-05-06T05:46:36","date_gmt":"2009-05-06T03:46:36","guid":{"rendered":"http:\/\/www.schoene-nachrichten.de\/?p=27774"},"modified":"2009-05-05T17:57:09","modified_gmt":"2009-05-05T15:57:09","slug":"sperrung-der-innenstadt-aufgrund-des-gwv-challenge-laufes","status":"publish","type":"post","link":"https:\/\/www.fuldaernachrichten.de\/?p=27774","title":{"rendered":"Sperrung der Innenstadt aufgrund des GWV Challenge-Laufes"},"content":{"rendered":"<p><strong>Fulda (cp). <\/strong>Aufgrund des GWV Challenge-Laufes kommt es am Samstag, 16. Mai 2009 zwischen 13.30 Uhr und 15.00 Uhr zu massiven Behinderungen in der Fuldaer Innenstadt. Das Ein- und Ausfahren wird in diesem Zeitraum nur noch sehr eingeschr\u00e4nkt m\u00f6glich sein.<!--more--><\/p>\n<p><strong>Es wird daher empfohlen, die Hauptverkehrsstra\u00dfen um die Innenstadt herum zu nutzen.<\/strong><\/p>\n<p>In der Von-Schildeck-Stra\u00dfe zwischen Rangstra\u00dfe und Frankfurter Stra\u00dfe wird es zwischen 13.45 Uhr und 14.15 Uhr zu Einschr\u00e4nkungen kommen.<\/p>\n<p>Die Rangstra\u00dfe wird zwischen der Kreuzung Von-Schildeck-Stra\u00dfe und Martin-Luther-Platz von Freitag, 15. Mai 2009 11.00 Uhr bis Samstag, 16. Mai 2009 16.00 Uhr voll gesperrt sein.<\/p>\n","protected":false},"excerpt":{"rendered":"<div class=\"tmnf_excerpt\"><p>Fulda (cp). Aufgrund des GWV Challenge-Laufes kommt es am Samstag, 16. Mai 2009 zwischen 13.30 Uhr und 15.00 Uhr zu massiven Behinderungen in der Fuldaer Innenstadt. Das Ein- und Ausfahren wird in diesem Zeitraum nur noch sehr eingeschr\u00e4nkt m\u00f6glich sein.<\/p>\n<\/div>","protected":false},"author":1,"featured_media":0,"comment_status":"closed","ping_status":"closed","sticky":false,"template":"","format":"standard","meta":{"footnotes":""},"categories":[1,35,46],"tags":[],"class_list":["post-27774","post","type-post","status-publish","format-standard","hentry","category-startseite","category-auto","category-sport"],"_links":{"self":[{"href":"https:\/\/www.fuldaernachrichten.de\/index.php?rest_route=\/wp\/v2\/posts\/27774","targetHints":{"allow":["GET"]}}],"collection":[{"href":"https:\/\/www.fuldaernachrichten.de\/index.php?rest_route=\/wp\/v2\/posts"}],"about":[{"href":"https:\/\/www.fuldaernachrichten.de\/index.php?rest_route=\/wp\/v2\/types\/post"}],"author":[{"embeddable":true,"href":"https:\/\/www.fuldaernachrichten.de\/index.php?rest_route=\/wp\/v2\/users\/1"}],"replies":[{"embeddable":true,"href":"https:\/\/www.fuldaernachrichten.de\/index.php?rest_route=%2Fwp%2Fv2%2Fcomments&post=27774"}],"version-history":[{"count":3,"href":"https:\/\/www.fuldaernachrichten.de\/index.php?rest_route=\/wp\/v2\/posts\/27774\/revisions"}],"predecessor-version":[{"id":27960,"href":"https:\/\/www.fuldaernachrichten.de\/index.php?rest_route=\/wp\/v2\/posts\/27774\/revisions\/27960"}],"wp:attachment":[{"href":"https:\/\/www.fuldaernachrichten.de\/index.php?rest_route=%2Fwp%2Fv2%2Fmedia&parent=27774"}],"wp:term":[{"taxonomy":"category","embeddable":true,"href":"https:\/\/www.fuldaernachrichten.de\/index.php?rest_route=%2Fwp%2Fv2%2Fcategories&post=27774"},{"taxonomy":"post_tag","embeddable":true,"href":"https:\/\/www.fuldaernachrichten.de\/index.php?rest_route=%2Fwp%2Fv2%2Ftags&post=27774"}],"curies":[{"name":"wp","href":"https:\/\/api.w.org\/{rel}","templated":true}]}}