{"id":27771,"date":"2009-05-06T05:45:25","date_gmt":"2009-05-06T03:45:25","guid":{"rendered":"http:\/\/www.schoene-nachrichten.de\/?p=27771"},"modified":"2009-05-05T17:57:32","modified_gmt":"2009-05-05T15:57:32","slug":"internationaler-flohmarkt-im-muensterfeld","status":"publish","type":"post","link":"https:\/\/www.fuldaernachrichten.de\/?p=27771","title":{"rendered":"Internationaler Flohmarkt im M\u00fcnsterfeld"},"content":{"rendered":"<p><strong>Fulda. <\/strong>Am Samstag, dem 9. Mai findet ab 14 Uhr, je nach Wetterlage in und um den Bildungsverein Kreidekreis e. V. in der Agnes-Huenninger-Str. 12 im ehemaligen Kasernengel\u00e4nde, der 1. Internationale Flohmarkt statt.<!--more--><\/p>\n<p><strong>St\u00f6bern und sich Kennen lernen<\/strong><\/p>\n<p>Die Mitglieder des Internationalen Frauentisches, eine Gruppe von Frauen aus verschiedenen L\u00e4ndern, die sich regelm\u00e4\u00dfig treffen und gemeinsame Aktionen durchf\u00fchren, laden alle Flohmarktbegeisterten und Interessierten, vor allem Familien aus dem Stadtteil,\u00c2\u00a0 herzlich zum St\u00f6bern und sich Kennen lernen ein. F\u00fcr Kuchen und Getr\u00e4nke ist reichlich gesorgt.<\/p>\n<p>Wer selber gerne gut erhaltene Sachen, die er nicht mehr braucht, verkaufen m\u00f6chte, meldet sich bitte rechtzeitig bis sp\u00e4testens Do, 7. Mai 09 unter der Tel. Nr.: 0661\/78450.<\/p>\n<p>Die Veranstaltung findet im Rahmen des Stadteilprojektes \u201eAktive B\u00fcrger M\u00fcnsterfeld \u2013 ABM\u201c statt. Ein Teil der Einnahmen geht an das vom Bildungsverein Kreidekreis e. V. initiierte Projekt \u201eSchenk mir ein Wort\u201c, das Migranten bei dem Erwerb der deutschen Sprache unterst\u00fctzt.<\/p>\n","protected":false},"excerpt":{"rendered":"<div class=\"tmnf_excerpt\"><p>Fulda. Am Samstag, dem 9. Mai findet ab 14 Uhr, je nach Wetterlage in und um den Bildungsverein Kreidekreis e. V. in der Agnes-Huenninger-Str. 12 im ehemaligen Kasernengel\u00e4nde, der 1. Internationale Flohmarkt statt.<\/p>\n<\/div>","protected":false},"author":1,"featured_media":0,"comment_status":"closed","ping_status":"closed","sticky":false,"template":"","format":"standard","meta":{"footnotes":""},"categories":[1,44],"tags":[],"class_list":["post-27771","post","type-post","status-publish","format-standard","hentry","category-startseite","category-kultur"],"_links":{"self":[{"href":"https:\/\/www.fuldaernachrichten.de\/index.php?rest_route=\/wp\/v2\/posts\/27771","targetHints":{"allow":["GET"]}}],"collection":[{"href":"https:\/\/www.fuldaernachrichten.de\/index.php?rest_route=\/wp\/v2\/posts"}],"about":[{"href":"https:\/\/www.fuldaernachrichten.de\/index.php?rest_route=\/wp\/v2\/types\/post"}],"author":[{"embeddable":true,"href":"https:\/\/www.fuldaernachrichten.de\/index.php?rest_route=\/wp\/v2\/users\/1"}],"replies":[{"embeddable":true,"href":"https:\/\/www.fuldaernachrichten.de\/index.php?rest_route=%2Fwp%2Fv2%2Fcomments&post=27771"}],"version-history":[{"count":3,"href":"https:\/\/www.fuldaernachrichten.de\/index.php?rest_route=\/wp\/v2\/posts\/27771\/revisions"}],"predecessor-version":[{"id":27961,"href":"https:\/\/www.fuldaernachrichten.de\/index.php?rest_route=\/wp\/v2\/posts\/27771\/revisions\/27961"}],"wp:attachment":[{"href":"https:\/\/www.fuldaernachrichten.de\/index.php?rest_route=%2Fwp%2Fv2%2Fmedia&parent=27771"}],"wp:term":[{"taxonomy":"category","embeddable":true,"href":"https:\/\/www.fuldaernachrichten.de\/index.php?rest_route=%2Fwp%2Fv2%2Fcategories&post=27771"},{"taxonomy":"post_tag","embeddable":true,"href":"https:\/\/www.fuldaernachrichten.de\/index.php?rest_route=%2Fwp%2Fv2%2Ftags&post=27771"}],"curies":[{"name":"wp","href":"https:\/\/api.w.org\/{rel}","templated":true}]}}