{"id":27767,"date":"2009-05-06T05:55:02","date_gmt":"2009-05-06T03:55:02","guid":{"rendered":"http:\/\/www.schoene-nachrichten.de\/?p=27767"},"modified":"2009-05-05T17:58:26","modified_gmt":"2009-05-05T15:58:26","slug":"drk-spielmanns-und-fanfarenzug-rueckers-ev-sehr-erfolgreiche-nachwuchsarbeit-in-2009","status":"publish","type":"post","link":"https:\/\/www.fuldaernachrichten.de\/?p=27767","title":{"rendered":"DRK Spielmanns- und Fanfarenzug R\u00fcckers e.V. &#8211; Sehr erfolgreiche Nachwuchsarbeit in 2009"},"content":{"rendered":"<p><a href=\"http:\/\/www.schoene-nachrichten.de\/wp-content\/uploads\/2009\/05\/d-woche-sfz-rckers.jpg\"><img fetchpriority=\"high\" decoding=\"async\" class=\"alignnone size-thumbnail wp-image-27768\" title=\"M. Jahn\" src=\"http:\/\/www.schoene-nachrichten.de\/wp-content\/uploads\/2009\/05\/d-woche-sfz-rckers-265x203.jpg\" alt=\"M. Jahn\" hspace=\"5\" width=\"265\" height=\"203\" align=\"left\" srcset=\"https:\/\/www.fuldaernachrichten.de\/wp-content\/uploads\/2009\/05\/d-woche-sfz-rckers-265x203.jpg 265w, https:\/\/www.fuldaernachrichten.de\/wp-content\/uploads\/2009\/05\/d-woche-sfz-rckers.jpg 780w\" sizes=\"(max-width: 265px) 100vw, 265px\" \/><\/a><strong>Flieden-R\u00fcckers. <\/strong>Im DRK Spielmanns- und Fanfarenzug R\u00fcckers e.V. wird ein besonderer Wert auf die Nachwuchsausbildung gelegt. Hierbei war der Verein in diesem Jahr besonders erfolgreich. So konnten 10 Kinder neu in den Verein aufgenommen werden, die nun auf einem Instrument ihrer Wahl sowie in der Musiktheorie ausgebildet werden. In diese Gruppe k\u00f6nnen noch weitere Interessenten aufgenommen werden.<!--more--><\/p>\n<p><strong>Weiterbildung mit Spa\u00df<\/strong><\/p>\n<p>Seit einigen Jahren bietet der Verein dar\u00fcber hinaus Jugendlichen im Alter von 12 \u2013 17 Jahren an, die D-Seminarwoche der Landesmusikjugend Hessen zu besuchen. F\u00fcr sie war in den Osterferien Weiterbildung angesagt. Im Jugendzentrum Ronneburg wurde in verschiedenen Schwierigkeitsgeraden ihr theoretischen Musikwissen verbessert. Zus\u00e4tzlich wurden ihre F\u00e4higkeiten in Rhythmik und Geh\u00f6rbildung vertieft. Den Abschluss der Woche bildete eine theoretische und eine praktische Pr\u00fcfung, bei der sie auch die Beherrschung ihres Instrumentes unter Beweis stellen mussten.<\/p>\n<p><strong>Die erfolgreichen Teilnehmer waren: <\/strong>D2-Pr\u00fcfung (Jugendleistungsabzeichen in Silber): Markus Gitter (Horn), Lukas Kress (Fanfare), Markus St\u00f6hr (Horn), Raphael Zehner (Horn); D1-Pr\u00fcfung (Jugendleistungsabzeichen in Bronze): Magdalena Karniej-Latzko (Fl\u00f6te), Nicolai Kl\u00fcber (Lyra), Sophia Sch\u00e4fer (Fl\u00f6te), Chiara Seng (Fl\u00f6te), Doreen Seng (Fl\u00f6te), Rebecca Trost (Fl\u00f6te).<\/p>\n<p>Weitere Informatioen unter <a href=\"http:\/\/www.spielmannszug-rueckers.de\" target=\"_blank\">www.spielmannszug-rueckers.de<\/a><\/p>\n","protected":false},"excerpt":{"rendered":"<div class=\"tmnf_excerpt\"><p>Flieden-R\u00fcckers. Im DRK Spielmanns- und Fanfarenzug R\u00fcckers e.V. wird ein besonderer Wert auf die Nachwuchsausbildung gelegt. Hierbei war der Verein in diesem Jahr besonders erfolgreich. So konnten 10 Kinder neu in den Verein aufgenommen werden, die nun auf einem Instrument ihrer Wahl sowie in der Musiktheorie ausgebildet werden. In diese Gruppe k\u00f6nnen noch weitere Interessenten &hellip;<\/p>\n<\/div>","protected":false},"author":1,"featured_media":0,"comment_status":"closed","ping_status":"closed","sticky":false,"template":"","format":"standard","meta":{"footnotes":""},"categories":[1,72,44],"tags":[],"class_list":["post-27767","post","type-post","status-publish","format-standard","hentry","category-startseite","category-jugend","category-kultur"],"_links":{"self":[{"href":"https:\/\/www.fuldaernachrichten.de\/index.php?rest_route=\/wp\/v2\/posts\/27767","targetHints":{"allow":["GET"]}}],"collection":[{"href":"https:\/\/www.fuldaernachrichten.de\/index.php?rest_route=\/wp\/v2\/posts"}],"about":[{"href":"https:\/\/www.fuldaernachrichten.de\/index.php?rest_route=\/wp\/v2\/types\/post"}],"author":[{"embeddable":true,"href":"https:\/\/www.fuldaernachrichten.de\/index.php?rest_route=\/wp\/v2\/users\/1"}],"replies":[{"embeddable":true,"href":"https:\/\/www.fuldaernachrichten.de\/index.php?rest_route=%2Fwp%2Fv2%2Fcomments&post=27767"}],"version-history":[{"count":3,"href":"https:\/\/www.fuldaernachrichten.de\/index.php?rest_route=\/wp\/v2\/posts\/27767\/revisions"}],"predecessor-version":[{"id":27962,"href":"https:\/\/www.fuldaernachrichten.de\/index.php?rest_route=\/wp\/v2\/posts\/27767\/revisions\/27962"}],"wp:attachment":[{"href":"https:\/\/www.fuldaernachrichten.de\/index.php?rest_route=%2Fwp%2Fv2%2Fmedia&parent=27767"}],"wp:term":[{"taxonomy":"category","embeddable":true,"href":"https:\/\/www.fuldaernachrichten.de\/index.php?rest_route=%2Fwp%2Fv2%2Fcategories&post=27767"},{"taxonomy":"post_tag","embeddable":true,"href":"https:\/\/www.fuldaernachrichten.de\/index.php?rest_route=%2Fwp%2Fv2%2Ftags&post=27767"}],"curies":[{"name":"wp","href":"https:\/\/api.w.org\/{rel}","templated":true}]}}