{"id":27739,"date":"2009-05-06T05:30:38","date_gmt":"2009-05-06T03:30:38","guid":{"rendered":"http:\/\/www.schoene-nachrichten.de\/?p=27739"},"modified":"2009-05-05T17:59:12","modified_gmt":"2009-05-05T15:59:12","slug":"alpha-fest-als-abschluss-eines-zehnwoechigen-weges","status":"publish","type":"post","link":"https:\/\/www.fuldaernachrichten.de\/?p=27739","title":{"rendered":"Alpha-Fest als Abschluss eines zehnw\u00f6chigen Weges"},"content":{"rendered":"<p><strong>Flieden.<\/strong> Fragen, Fragen, Fragen&#8230; Was ist der Sinn des Lebens&#8230;? Was passiert, wenn wir gestorben sind&#8230;? Welche Bedeutung hat Jesus heute f\u00fcr unser Leben&#8230;? Wie k\u00f6nnen wir mit unserer Schuld umgehen&#8230;? Wie viele tragen diese Fragezeichen mit sich herum und suchen Antworten? Der Alpha-Kurs ist zu einer gro\u00dfartigen Gelegenheit geworden, sich mit diesen Fragen auseinanderzusetzen. Und so machten sich 40 Teilnehmer von Januar bis April auf den Weg:<\/p>\n<p><a href=\"http:\/\/www.schoene-nachrichten.de\/wp-content\/uploads\/2009\/05\/dscf2188.jpg\"><img fetchpriority=\"high\" decoding=\"async\" class=\"alignnone size-thumbnail wp-image-27740\" title=\"Katholische Pfarrgemeinde St. Goar Flieden\" src=\"http:\/\/www.schoene-nachrichten.de\/wp-content\/uploads\/2009\/05\/dscf2188-265x198.jpg\" alt=\"Katholische Pfarrgemeinde St. Goar Flieden\" width=\"265\" height=\"198\" srcset=\"https:\/\/www.fuldaernachrichten.de\/wp-content\/uploads\/2009\/05\/dscf2188-265x198.jpg 265w, https:\/\/www.fuldaernachrichten.de\/wp-content\/uploads\/2009\/05\/dscf2188.jpg 800w\" sizes=\"(max-width: 265px) 100vw, 265px\" \/><\/a> <a href=\"http:\/\/www.schoene-nachrichten.de\/wp-content\/uploads\/2009\/05\/dscf2216.jpg\"><img decoding=\"async\" class=\"alignnone size-thumbnail wp-image-27741\" title=\"Katholische Pfarrgemeinde St. Goar Flieden\" src=\"http:\/\/www.schoene-nachrichten.de\/wp-content\/uploads\/2009\/05\/dscf2216-265x198.jpg\" alt=\"Katholische Pfarrgemeinde St. Goar Flieden\" width=\"265\" height=\"198\" srcset=\"https:\/\/www.fuldaernachrichten.de\/wp-content\/uploads\/2009\/05\/dscf2216-265x198.jpg 265w, https:\/\/www.fuldaernachrichten.de\/wp-content\/uploads\/2009\/05\/dscf2216.jpg 800w\" sizes=\"(max-width: 265px) 100vw, 265px\" \/><\/a><!--more--><\/p>\n<p><strong>Teinehmer aller Art<\/strong><\/p>\n<p>Teilnehmer zwischen 16 und 80 Jahren.<br \/>\nTeilnehmer aus der katholischen und der evangelischen Kirche oder auch Ungetaufte.<br \/>\nTeilnehmer aus Flieden, aber auch aus Eichenzell, Fulda, Neuhof, R\u00fcckers &#8230;.<br \/>\nTeilnehmer, die neu in die Gemeinde gekommen sind.<br \/>\nTeilnehmer mit kritischer Einstellung zur Kirche, die aber am Glauben interessiert sind.<br \/>\nTeilnehmer, die gerne unverbindlich mehr \u00fcber Gott und den Glauben wissen m\u00f6chten.<br \/>\nTeilnehmer, die ihre Grundlagen des christlichen Glaubens auffrischen wollten.<\/p>\n<p><a href=\"http:\/\/www.schoene-nachrichten.de\/wp-content\/uploads\/2009\/05\/sany03181.jpg\"><img decoding=\"async\" class=\"alignnone size-thumbnail wp-image-27743\" title=\"Katholische Pfarrgemeinde St. Goar Flieden\" src=\"http:\/\/www.schoene-nachrichten.de\/wp-content\/uploads\/2009\/05\/sany03181-265x198.jpg\" alt=\"Katholische Pfarrgemeinde St. Goar Flieden\" width=\"265\" height=\"198\" srcset=\"https:\/\/www.fuldaernachrichten.de\/wp-content\/uploads\/2009\/05\/sany03181-265x198.jpg 265w, https:\/\/www.fuldaernachrichten.de\/wp-content\/uploads\/2009\/05\/sany03181.jpg 800w\" sizes=\"(max-width: 265px) 100vw, 265px\" \/><\/a> <a href=\"http:\/\/www.schoene-nachrichten.de\/wp-content\/uploads\/2009\/05\/sany0327.jpg\"><img loading=\"lazy\" decoding=\"async\" class=\"alignnone size-thumbnail wp-image-27744\" title=\"Katholische Pfarrgemeinde St. Goar Flieden\" src=\"http:\/\/www.schoene-nachrichten.de\/wp-content\/uploads\/2009\/05\/sany0327-265x198.jpg\" alt=\"Katholische Pfarrgemeinde St. Goar Flieden\" width=\"265\" height=\"198\" srcset=\"https:\/\/www.fuldaernachrichten.de\/wp-content\/uploads\/2009\/05\/sany0327-265x198.jpg 265w, https:\/\/www.fuldaernachrichten.de\/wp-content\/uploads\/2009\/05\/sany0327.jpg 800w\" sizes=\"(max-width: 265px) 100vw, 265px\" \/><\/a><\/p>\n<p>Am Ende des Kurses stand das Alpha-Fest. Jeder Teilnehmer durfte einen Gast mitbringen uns so war unser Pfarrheim am 15. April gut gef\u00fcllt. Nach einem guten Abendessen und Lobpreis mit neuen geistlichen Liedern, wurde den G\u00e4sten mit einer Diaschau eine Reise durch die zur\u00fcckliegenden Kursabende und das gemeinsame Wochenende geboten. Am beeindruckendsten waren aber die Berichte und Zeugnisse von drei Teilnehmern. Sie berichteten sehr ergriffen von ihren neuen Glaubenserfahrungen, von der Begegnung mit einem pers\u00f6nlichen Gott, der unserem Leben Richtung gibt, uns mit Zuversicht und Gelassenheit erf\u00fcllt und in dem wir uns geborgen f\u00fchlen k\u00f6nnen. Alles in allem war der Abend gepr\u00e4gt von einer frohen, nahezu ausgelassenen Stimmung, der das frische Wirken des Hl. Geistes sp\u00fcrbar werden lies.<\/p>\n<p>Nun fragen sich sicher viele, was ist das Besondere an Alpha, was unterscheidet diesen Kurs von anderen Veranstaltungen der Erwachsenenbildung.<\/p>\n<p><strong>Vielleicht liegt es daran, dass&#8230;<\/strong><br \/>\n\u00e2\u20ac\u00a6 er auf unkonventionelle und innovative Weise den Glauben erfahrbar machen will.<br \/>\n&#8230; er in einer lockeren, zwanglosen Atmosph\u00e4re stattfindet.<br \/>\n(Beginnend mit einem Abendessen an einladend gedeckten Tischen.)<br \/>\n&#8230; er von Laien f\u00fcr Laien veranstaltet wird.<br \/>\nDie Tatsache, dass die meisten Vortr\u00e4ge von Laien gehalten werden, die engagiert Zeugnis von ihrem eigenen Glauben geben, macht den Kurs so lebendig und glaubw\u00fcrdig. Auch ohne den Kreis von \u00fcber 20 ehrenamtlichen Helfern w\u00e4re diese Veranstaltung nicht durchf\u00fchrbar.<br \/>\n&#8230; nach den Vortr\u00e4gen Zeit f\u00fcr Fragen ist.<br \/>\nIn Kleingruppen wird das Geh\u00f6rte vertieft und dabei ist jede Frage willkommen. Keine Frage ist zu schlicht, zu schwierig oder zu frech.<br \/>\n&#8230; es das Wochenende gibt.<br \/>\nAbseits vom Alltag bietet es die n\u00f6tige Ruhe sich f\u00fcr Gott zu \u00f6ffnen und besonders das Wirken des Hl. Geistes zu erfahren.<br \/>\n&#8230; w\u00e4hrend des ganzen Kurses die Teilnehmer und das Team vom Gebet begleitet wurden.<\/p>\n<p><a href=\"http:\/\/www.schoene-nachrichten.de\/wp-content\/uploads\/2009\/05\/sany0329.jpg\"><img loading=\"lazy\" decoding=\"async\" class=\"alignnone size-thumbnail wp-image-27745\" title=\"Katholische Pfarrgemeinde St. Goar Flieden\" src=\"http:\/\/www.schoene-nachrichten.de\/wp-content\/uploads\/2009\/05\/sany0329-265x353.jpg\" alt=\"Katholische Pfarrgemeinde St. Goar Flieden\" width=\"265\" height=\"353\" srcset=\"https:\/\/www.fuldaernachrichten.de\/wp-content\/uploads\/2009\/05\/sany0329-265x353.jpg 265w, https:\/\/www.fuldaernachrichten.de\/wp-content\/uploads\/2009\/05\/sany0329.jpg 450w\" sizes=\"(max-width: 265px) 100vw, 265px\" \/><\/a> <a href=\"http:\/\/www.schoene-nachrichten.de\/wp-content\/uploads\/2009\/05\/sany0360.jpg\"><img loading=\"lazy\" decoding=\"async\" class=\"alignnone size-thumbnail wp-image-27746\" title=\"Katholische Pfarrgemeinde St. Goar Flieden\" src=\"http:\/\/www.schoene-nachrichten.de\/wp-content\/uploads\/2009\/05\/sany0360-265x198.jpg\" alt=\"Katholische Pfarrgemeinde St. Goar Flieden\" width=\"265\" height=\"198\" srcset=\"https:\/\/www.fuldaernachrichten.de\/wp-content\/uploads\/2009\/05\/sany0360-265x198.jpg 265w, https:\/\/www.fuldaernachrichten.de\/wp-content\/uploads\/2009\/05\/sany0360.jpg 800w\" sizes=\"(max-width: 265px) 100vw, 265px\" \/><\/a><\/p>\n<p>Von einer Teilnehmerin erhielten alle Besucher des Alpha-Festes ein Briefchen mit Samenk\u00f6rnern zum Zeichen, dass es nun gilt dieses zarte Pfl\u00e4nzchen \u201eGlaubensaufbruch\u201c zu hegen und zu pflegen. Gottes Geist wird das N\u00f6tige bewirken, wenn wir uns nur immer wieder f\u00fcr ihn \u00f6ffnen und uns gegenseitig best\u00e4rken. Dazu sollen die Treffen an jedem 2. und 4. Mittwoch des Monats beitragen.. Wer dar\u00fcber hinaus mehr Informationen w\u00fcnscht, wende sich bitte an das Pfarramt St. Goar Flieden, Tel.: 06655-1510.<\/p>\n","protected":false},"excerpt":{"rendered":"<div class=\"tmnf_excerpt\"><p>Flieden. Fragen, Fragen, Fragen&#8230; Was ist der Sinn des Lebens&#8230;? Was passiert, wenn wir gestorben sind&#8230;? Welche Bedeutung hat Jesus heute f\u00fcr unser Leben&#8230;? Wie k\u00f6nnen wir mit unserer Schuld umgehen&#8230;? Wie viele tragen diese Fragezeichen mit sich herum und suchen Antworten? Der Alpha-Kurs ist zu einer gro\u00dfartigen Gelegenheit geworden, sich mit diesen Fragen auseinanderzusetzen. &hellip;<\/p>\n<\/div>","protected":false},"author":1,"featured_media":0,"comment_status":"closed","ping_status":"closed","sticky":false,"template":"","format":"standard","meta":{"footnotes":""},"categories":[1,53,50],"tags":[],"class_list":["post-27739","post","type-post","status-publish","format-standard","hentry","category-startseite","category-bildung","category-kirche"],"_links":{"self":[{"href":"https:\/\/www.fuldaernachrichten.de\/index.php?rest_route=\/wp\/v2\/posts\/27739","targetHints":{"allow":["GET"]}}],"collection":[{"href":"https:\/\/www.fuldaernachrichten.de\/index.php?rest_route=\/wp\/v2\/posts"}],"about":[{"href":"https:\/\/www.fuldaernachrichten.de\/index.php?rest_route=\/wp\/v2\/types\/post"}],"author":[{"embeddable":true,"href":"https:\/\/www.fuldaernachrichten.de\/index.php?rest_route=\/wp\/v2\/users\/1"}],"replies":[{"embeddable":true,"href":"https:\/\/www.fuldaernachrichten.de\/index.php?rest_route=%2Fwp%2Fv2%2Fcomments&post=27739"}],"version-history":[{"count":3,"href":"https:\/\/www.fuldaernachrichten.de\/index.php?rest_route=\/wp\/v2\/posts\/27739\/revisions"}],"predecessor-version":[{"id":27963,"href":"https:\/\/www.fuldaernachrichten.de\/index.php?rest_route=\/wp\/v2\/posts\/27739\/revisions\/27963"}],"wp:attachment":[{"href":"https:\/\/www.fuldaernachrichten.de\/index.php?rest_route=%2Fwp%2Fv2%2Fmedia&parent=27739"}],"wp:term":[{"taxonomy":"category","embeddable":true,"href":"https:\/\/www.fuldaernachrichten.de\/index.php?rest_route=%2Fwp%2Fv2%2Fcategories&post=27739"},{"taxonomy":"post_tag","embeddable":true,"href":"https:\/\/www.fuldaernachrichten.de\/index.php?rest_route=%2Fwp%2Fv2%2Ftags&post=27739"}],"curies":[{"name":"wp","href":"https:\/\/api.w.org\/{rel}","templated":true}]}}