{"id":27661,"date":"2009-05-04T06:08:14","date_gmt":"2009-05-04T04:08:14","guid":{"rendered":"http:\/\/www.schoene-nachrichten.de\/?p=27661"},"modified":"2009-05-02T19:11:45","modified_gmt":"2009-05-02T17:11:45","slug":"elternkurs-starke-eltern-starke-kinder-in-der-muetze","status":"publish","type":"post","link":"https:\/\/www.fuldaernachrichten.de\/?p=27661","title":{"rendered":"Elternkurs \u201eStarke Eltern \u2013 starke Kinder\u201c in der M\u00dcTZE"},"content":{"rendered":"<p><strong>Fulda.<\/strong> Im M\u00fctterzentrum\u00c2\u00a0 e. V.\u201eDie M\u00dcTZE\u201c, Gallasiniring 8, in Fulda beginnt am Samstag, 23.05.09 in der Zeit von 9.00 \u2013 12.00 Uhr der Elternkurs \u201eStarke Eltern \u2013 starke Kinder\u201c. Kursdauer: 9 x samstags, letzter Kurstag ist der 18.07.09. Mit diesem Elternkurs sollen alle Eltern und Alleinerziehende angesprochen werden. Ziele sind ihre Erziehungsf\u00e4higkeit zu st\u00e4rken, sie zu st\u00fctzen und den Kinderrechten in der Familie Geltung zu verschaffen. <!--more--><\/p>\n<p>Der Elternkurs basiert auf dem Modell der \u201eanleitenden Erziehung\u201c: Eltern nehmen ihre Rolle und Verantwortung als Erziehende wahr, leiten und begleiten ihre Kinder. Dieser Kurs wird f\u00fcr Paare und Alleinerziehende in Zusammenarbeit mit dem Deutschen Kinderschutzbund angeboten. N\u00e4here Information und Anmeldung (Anmeldeschluss: 15.05.09) unter Tel. 0661\/8050, Mo. \u2013 Fr. von 9.00 \u2013 12.00 Uhr.<\/p>\n","protected":false},"excerpt":{"rendered":"<div class=\"tmnf_excerpt\"><p>Fulda. Im M\u00fctterzentrum\u00c2\u00a0 e. V.\u201eDie M\u00dcTZE\u201c, Gallasiniring 8, in Fulda beginnt am Samstag, 23.05.09 in der Zeit von 9.00 \u2013 12.00 Uhr der Elternkurs \u201eStarke Eltern \u2013 starke Kinder\u201c. Kursdauer: 9 x samstags, letzter Kurstag ist der 18.07.09. Mit diesem Elternkurs sollen alle Eltern und Alleinerziehende angesprochen werden. Ziele sind ihre Erziehungsf\u00e4higkeit zu st\u00e4rken, sie &hellip;<\/p>\n<\/div>","protected":false},"author":1,"featured_media":0,"comment_status":"closed","ping_status":"closed","sticky":false,"template":"","format":"standard","meta":{"footnotes":""},"categories":[1,53,72],"tags":[],"class_list":["post-27661","post","type-post","status-publish","format-standard","hentry","category-startseite","category-bildung","category-jugend"],"_links":{"self":[{"href":"https:\/\/www.fuldaernachrichten.de\/index.php?rest_route=\/wp\/v2\/posts\/27661","targetHints":{"allow":["GET"]}}],"collection":[{"href":"https:\/\/www.fuldaernachrichten.de\/index.php?rest_route=\/wp\/v2\/posts"}],"about":[{"href":"https:\/\/www.fuldaernachrichten.de\/index.php?rest_route=\/wp\/v2\/types\/post"}],"author":[{"embeddable":true,"href":"https:\/\/www.fuldaernachrichten.de\/index.php?rest_route=\/wp\/v2\/users\/1"}],"replies":[{"embeddable":true,"href":"https:\/\/www.fuldaernachrichten.de\/index.php?rest_route=%2Fwp%2Fv2%2Fcomments&post=27661"}],"version-history":[{"count":3,"href":"https:\/\/www.fuldaernachrichten.de\/index.php?rest_route=\/wp\/v2\/posts\/27661\/revisions"}],"predecessor-version":[{"id":27681,"href":"https:\/\/www.fuldaernachrichten.de\/index.php?rest_route=\/wp\/v2\/posts\/27661\/revisions\/27681"}],"wp:attachment":[{"href":"https:\/\/www.fuldaernachrichten.de\/index.php?rest_route=%2Fwp%2Fv2%2Fmedia&parent=27661"}],"wp:term":[{"taxonomy":"category","embeddable":true,"href":"https:\/\/www.fuldaernachrichten.de\/index.php?rest_route=%2Fwp%2Fv2%2Fcategories&post=27661"},{"taxonomy":"post_tag","embeddable":true,"href":"https:\/\/www.fuldaernachrichten.de\/index.php?rest_route=%2Fwp%2Fv2%2Ftags&post=27661"}],"curies":[{"name":"wp","href":"https:\/\/api.w.org\/{rel}","templated":true}]}}