{"id":27651,"date":"2009-05-03T05:00:29","date_gmt":"2009-05-03T03:00:29","guid":{"rendered":"http:\/\/www.schoene-nachrichten.de\/?p=27651"},"modified":"2009-05-02T19:10:08","modified_gmt":"2009-05-02T17:10:08","slug":"leben-mit-kuenstlichem-darmausgang-3-stoma-tag-am-9-mai-im-hjk","status":"publish","type":"post","link":"https:\/\/www.fuldaernachrichten.de\/?p=27651","title":{"rendered":"Leben mit k\u00fcnstlichem Darmausgang &#8211; 3. Stoma-Tag am 9. Mai im HJK"},"content":{"rendered":"<p><strong>Fulda. <\/strong>Die Themen Stomapflege, Ern\u00e4hrung und Lebensqualit\u00e4t stehen im Mittelpunkt des 3. Stomatages, der am Samstag, dem 9. Mai 2009, von 10.00 bis 16.00 Uhr im Foyer des Herz-Jesu-Krankenhauses stattfindet. Auf dem Programm stehen Fachvortr\u00e4ge mit anschlie\u00dfenden Fragerunden sowie eine Industrieausstellung. <!--more--><\/p>\n<p><strong>Zahlreiche Expertenvortr\u00e4ge<\/strong><\/p>\n<p>Um 11.00 Uhr referiert Ilka H\u00fclsmann, Medizinprodukteberaterin der Firma ForLife, \u00fcber \u201eStomapflege und Ern\u00e4hrung\u201c. Referentin Lidija Gjorgijeva, Kundenmanagerin der Firma Dansac, spricht um 13.30 Uhr zum Thema \u201eSteigerung der Lebensqualit\u00e4t von Stoma-Betroffenen\u201c. Im Anschluss an die Vortr\u00e4ge stehen zahlreiche Experten, darunter PD Dr. Carolin Tonus, Chef\u00e4rztin der Abteilung Allgemein- und Viszeralchirurgie am Herz-Jesu-Krankenhaus, f\u00fcr Fragen der Besucherinnen und Besucher zur Verf\u00fcgung. Dar\u00fcber hinaus informiert eine Industrieausstellung \u00fcber Neuigkeiten auf dem Markt der Stomaartikel.<\/p>\n<p>Rund um die Veranstaltung, die sich an Betroffene, Angeh\u00f6rige, \u00c4rzte und Pflegende richtet, gibt es zudem viel Gelegenheit zur Begegnung und zum Erfahrungsaustausch. Eine Anmeldung zu der kostenlosen Infomationsveranstaltung ist nicht erforderlich. F\u00fcr das leibliche Wohl wird gesorgt.<\/p>\n","protected":false},"excerpt":{"rendered":"<div class=\"tmnf_excerpt\"><p>Fulda. Die Themen Stomapflege, Ern\u00e4hrung und Lebensqualit\u00e4t stehen im Mittelpunkt des 3. Stomatages, der am Samstag, dem 9. Mai 2009, von 10.00 bis 16.00 Uhr im Foyer des Herz-Jesu-Krankenhauses stattfindet. Auf dem Programm stehen Fachvortr\u00e4ge mit anschlie\u00dfenden Fragerunden sowie eine Industrieausstellung.<\/p>\n<\/div>","protected":false},"author":1,"featured_media":0,"comment_status":"closed","ping_status":"closed","sticky":false,"template":"","format":"standard","meta":{"footnotes":""},"categories":[1,53,51,48],"tags":[],"class_list":["post-27651","post","type-post","status-publish","format-standard","hentry","category-startseite","category-bildung","category-medizin","category-forschung"],"_links":{"self":[{"href":"https:\/\/www.fuldaernachrichten.de\/index.php?rest_route=\/wp\/v2\/posts\/27651","targetHints":{"allow":["GET"]}}],"collection":[{"href":"https:\/\/www.fuldaernachrichten.de\/index.php?rest_route=\/wp\/v2\/posts"}],"about":[{"href":"https:\/\/www.fuldaernachrichten.de\/index.php?rest_route=\/wp\/v2\/types\/post"}],"author":[{"embeddable":true,"href":"https:\/\/www.fuldaernachrichten.de\/index.php?rest_route=\/wp\/v2\/users\/1"}],"replies":[{"embeddable":true,"href":"https:\/\/www.fuldaernachrichten.de\/index.php?rest_route=%2Fwp%2Fv2%2Fcomments&post=27651"}],"version-history":[{"count":4,"href":"https:\/\/www.fuldaernachrichten.de\/index.php?rest_route=\/wp\/v2\/posts\/27651\/revisions"}],"predecessor-version":[{"id":27677,"href":"https:\/\/www.fuldaernachrichten.de\/index.php?rest_route=\/wp\/v2\/posts\/27651\/revisions\/27677"}],"wp:attachment":[{"href":"https:\/\/www.fuldaernachrichten.de\/index.php?rest_route=%2Fwp%2Fv2%2Fmedia&parent=27651"}],"wp:term":[{"taxonomy":"category","embeddable":true,"href":"https:\/\/www.fuldaernachrichten.de\/index.php?rest_route=%2Fwp%2Fv2%2Fcategories&post=27651"},{"taxonomy":"post_tag","embeddable":true,"href":"https:\/\/www.fuldaernachrichten.de\/index.php?rest_route=%2Fwp%2Fv2%2Ftags&post=27651"}],"curies":[{"name":"wp","href":"https:\/\/api.w.org\/{rel}","templated":true}]}}