{"id":27647,"date":"2009-05-04T05:55:00","date_gmt":"2009-05-04T03:55:00","guid":{"rendered":"http:\/\/www.schoene-nachrichten.de\/?p=27647"},"modified":"2009-05-02T19:10:26","modified_gmt":"2009-05-02T17:10:26","slug":"orgelmatinee-im-fuldaer-dom-mit-ai-yoshida-am-9-mai","status":"publish","type":"post","link":"https:\/\/www.fuldaernachrichten.de\/?p=27647","title":{"rendered":"Orgelmatinee im Fuldaer Dom mit Ai Yoshida am 9. Mai"},"content":{"rendered":"<p><a href=\"http:\/\/www.schoene-nachrichten.de\/wp-content\/uploads\/2009\/05\/ai-yoshida.jpg\"><img fetchpriority=\"high\" decoding=\"async\" class=\"alignnone size-thumbnail wp-image-27648\" title=\"Bistum Fulda\" src=\"http:\/\/www.schoene-nachrichten.de\/wp-content\/uploads\/2009\/05\/ai-yoshida-265x375.jpg\" alt=\"Bistum Fulda\" hspace=\"5\" width=\"265\" height=\"375\" align=\"left\" srcset=\"https:\/\/www.fuldaernachrichten.de\/wp-content\/uploads\/2009\/05\/ai-yoshida-265x375.jpg 265w, https:\/\/www.fuldaernachrichten.de\/wp-content\/uploads\/2009\/05\/ai-yoshida.jpg 424w\" sizes=\"(max-width: 265px) 100vw, 265px\" \/><\/a><strong>Fulda.<\/strong> Eine Japanerin in Italien. Ai Yoshida pr\u00e4sentiert am 9. Mai um 12.05 Uhr in Italien viel gespielte St\u00fccke von Petrali und Bossi. Eine Spezialit\u00e4t des 19. Jahrhunderts sind im Lande der Oper Kirchenkompositionen nach Opernmelodien, im \u201eheutigen\u201c Falle Verdis Aida als Vorlage. Der Kostenbeitrag f\u00fcr die Orgelmatineen betr\u00e4gt 3,50 \u00e2\u201a\u00ac (erm\u00e4\u00dfigt 2,50 \u00e2\u201a\u00ac).<!--more--><\/p>\n<p><strong>Programm: <\/strong><\/p>\n<p>Johann Sebastian Bach &#8211; Pr\u00e4ludium und Fuge G-Dur BWV 541<br \/>\nTsugutoshi Aragaki &#8211; Transformation of \u201cEtenraku\u00e2\u20ac\u009d<br \/>\nCarlo Fumagalli &#8211; Offertorio da Aida del Cav. G. Verdi<br \/>\nMarco Enrico Bossi &#8211; Ave Maria<br \/>\nVincenzo Petrali &#8211; aus \u201cVersetti per il Gloria\u00e2\u20ac\u009d<\/p>\n<p><strong> An der Domorgel:<\/strong> Ai Yoshida, Tesero, Italien<\/p>\n<p><strong>Vita<\/strong><\/p>\n<p>Ai Yoshida studierte zun\u00e4chst an der Musashino-Musikhochschule in Tokio und anschlie\u00dfend Orgel bei Martin Haselb\u00f6ck, Lorenzo Ghielmi und J\u00fcrgen Essl sowie Cembalo und Kirchenmusik an der Musikhochschule L\u00fcbeck, wo sie ihr Diplom und Konzertexamen mit Auszeichnung\u00c2\u00a0 absolvierte. Sie nahm an europ\u00e4ischen Meisterkursen teil und gewann Preise bei internationalen Orgelwettbewerben, u. a. 1996 \u201cL\u00e2\u20ac\u2122Europe &amp; l\u00e2\u20ac\u2122Orgue\u00e2\u20ac\u009d in Maastricht sowie 2002 \u201cGrand Prix Bach\u00e2\u20ac\u009d in Lausanne. Von 2002 bis 2006 war sie als Konzertorganistin an der \u201cMorioka Civic Cultural Hall\u00e2\u20ac\u009d in Japan t\u00e4tig, wo sie mehrere Orgelveranstaltungen wie Konzerte, Seminare, Lecture-Concerts und Kinderprojekte organisierte. Rege Konzertt\u00e4tigkeit als Solistin f\u00fchrte Ai Yoshida zu mehreren Orgelfestivals in Deutschland, \u00d6sterreich, den Niederlanden, Italien, Spanien, Estland, Slowakei, in die U.S.A. und durch Japan. Als Kammermusikerin und Continuo-Spielerin ist Yoshida sehr gefragt und konzertierte mit verschiedener Orchestern und Ch\u00f6ren. Als Dozentin f\u00fcr Orgel leitete Ai Yoshida verschiedenen Kurse und Meisterkurse. Seit 2006 lebt sie in Trentino\/Italien.<\/p>\n","protected":false},"excerpt":{"rendered":"<div class=\"tmnf_excerpt\"><p>Fulda. Eine Japanerin in Italien. Ai Yoshida pr\u00e4sentiert am 9. Mai um 12.05 Uhr in Italien viel gespielte St\u00fccke von Petrali und Bossi. Eine Spezialit\u00e4t des 19. Jahrhunderts sind im Lande der Oper Kirchenkompositionen nach Opernmelodien, im \u201eheutigen\u201c Falle Verdis Aida als Vorlage. Der Kostenbeitrag f\u00fcr die Orgelmatineen betr\u00e4gt 3,50 \u00e2\u201a\u00ac (erm\u00e4\u00dfigt 2,50 \u00e2\u201a\u00ac).<\/p>\n<\/div>","protected":false},"author":1,"featured_media":0,"comment_status":"closed","ping_status":"closed","sticky":false,"template":"","format":"standard","meta":{"footnotes":""},"categories":[1,50,44],"tags":[],"class_list":["post-27647","post","type-post","status-publish","format-standard","hentry","category-startseite","category-kirche","category-kultur"],"_links":{"self":[{"href":"https:\/\/www.fuldaernachrichten.de\/index.php?rest_route=\/wp\/v2\/posts\/27647","targetHints":{"allow":["GET"]}}],"collection":[{"href":"https:\/\/www.fuldaernachrichten.de\/index.php?rest_route=\/wp\/v2\/posts"}],"about":[{"href":"https:\/\/www.fuldaernachrichten.de\/index.php?rest_route=\/wp\/v2\/types\/post"}],"author":[{"embeddable":true,"href":"https:\/\/www.fuldaernachrichten.de\/index.php?rest_route=\/wp\/v2\/users\/1"}],"replies":[{"embeddable":true,"href":"https:\/\/www.fuldaernachrichten.de\/index.php?rest_route=%2Fwp%2Fv2%2Fcomments&post=27647"}],"version-history":[{"count":3,"href":"https:\/\/www.fuldaernachrichten.de\/index.php?rest_route=\/wp\/v2\/posts\/27647\/revisions"}],"predecessor-version":[{"id":27678,"href":"https:\/\/www.fuldaernachrichten.de\/index.php?rest_route=\/wp\/v2\/posts\/27647\/revisions\/27678"}],"wp:attachment":[{"href":"https:\/\/www.fuldaernachrichten.de\/index.php?rest_route=%2Fwp%2Fv2%2Fmedia&parent=27647"}],"wp:term":[{"taxonomy":"category","embeddable":true,"href":"https:\/\/www.fuldaernachrichten.de\/index.php?rest_route=%2Fwp%2Fv2%2Fcategories&post=27647"},{"taxonomy":"post_tag","embeddable":true,"href":"https:\/\/www.fuldaernachrichten.de\/index.php?rest_route=%2Fwp%2Fv2%2Ftags&post=27647"}],"curies":[{"name":"wp","href":"https:\/\/api.w.org\/{rel}","templated":true}]}}