{"id":2754,"date":"2007-04-25T22:35:49","date_gmt":"2007-04-25T20:35:49","guid":{"rendered":"http:\/\/www.schoene-nachrichten.de\/?p=2754"},"modified":"2007-04-25T22:36:39","modified_gmt":"2007-04-25T20:36:39","slug":"familientag-am-1-mai-2007-jetzt-anmelden","status":"publish","type":"post","link":"https:\/\/www.fuldaernachrichten.de\/?p=2754","title":{"rendered":"Familientag am 1. Mai 2007 \u2013 Jetzt anmelden!"},"content":{"rendered":"<p><strong>Termine.<\/strong> Die Familienseelsorge des Bistums Fulda, die Familienbildungsst\u00e4tten in Kassel, Hanau und Fulda, die katholischen Kinderg\u00e4rten, die KAB, das Kolpingwerk, die kfd, der Familienbund sowie der SKF, die Sch\u00f6nstattbewegung und viele weitere Familien-Organisationen und Verb\u00e4nde laden am 1.Mai ein zu einem \u201eTag f\u00fcr Familien, M\u00fctter und V\u00e4ter mit ihren Kindern\u201c.<!--more-->F\u00fcr diesen Tag sind verschiedene M\u00f6glichkeiten der Teilnahme vorbereitet:<\/p>\n<p>1. Inhaltliche Impulse und Austausch zum Thema \u201eGut, dass wir Familie sind\u201c mit dem Bundesgesch\u00e4ftsf\u00fchrer des Familienbundes Dr. Markus Warnke aus Berlin. Beginn 10.00 Uhr auf dem Michaelshof. Eine altersgerechte Kinderbetreuung ist bereitgestellt.<\/p>\n<p>2. Eine gef\u00fchrte Familienwanderung ab 10.00 Uhr vom Michaelshof aus, mit R\u00fcckkehr bis ca. 13.00 Uhr. Anschlie\u00dfend sind ein gemeinsames Mittagessen und die Teilnahme am Nachmittagsprogramm vorgesehen.<\/p>\n<p>3. In eigener Vorbereitung, z.B. als Familienkreis oder Verbandsgruppe den Michaelshof anwandern, um dort zum Mittagessen einzutreffen. Die M\u00f6glichkeit zum Mittagessen besteht bis 14.30 Uhr. Anschlie\u00dfend kann ebenfalls das Nachmittagsprogramm genutzt werden.<\/p>\n<p>Am Nachmittag ist f\u00fcr alle ein gemeinsames Programm vorgesehen mit Spiel und Spa\u00df f\u00fcr Kinder, Fr\u00fchlings- und Familiensingen im Michaelshof und einem Gottesdienst mit Familiensegnung. Weihbischof Prof. Dr. Karlheinz Diez wird an diesem Tag f\u00fcr die Familien da sein und den Gottesdienst feiern. Kosten: Tagesteilnehmer (Angebot 1): Erwachsene 8,- \u00e2\u201a\u00ac \/ Kinder 6,- \u00e2\u201a\u00ac (ab dem 3. Kind frei) \u2013 Im Teilnehmerbetrag enthalten sind Begr\u00fc\u00dfungskaffe und Getr\u00e4nke, Mittagessen sowie Kaffee und Kuchen. Angebote 2 &amp; 3: Familienwanderungen mit Mittagessen und Nachmittagskaffee: Erwachsene 6,- \u00e2\u201a\u00ac \/ Kinder 2,- \u00e2\u201a\u00ac<\/p>\n<p>Anmeldungen bis zum 29. April\u00c2\u00a0an: Referat Familienseelsorge im Bistum Fulda, Postfach 11 53, 36037 Fulda, Tel. 0661-87294, eMail: <a href=\"mailto:Familienseelsorge@Bistum-Fulda.de\">Familienseelsorge@Bistum-Fulda.de<\/a> oder an das Kolpingwerk, Tel. 0661-10000, eMail: <a href=\"mailto:Kolpingwerk@DV.Fulda.de\">Kolpingwerk@DV.Fulda.de<\/a><\/p>\n","protected":false},"excerpt":{"rendered":"<div class=\"tmnf_excerpt\"><p>Termine. Die Familienseelsorge des Bistums Fulda, die Familienbildungsst\u00e4tten in Kassel, Hanau und Fulda, die katholischen Kinderg\u00e4rten, die KAB, das Kolpingwerk, die kfd, der Familienbund sowie der SKF, die Sch\u00f6nstattbewegung und viele weitere Familien-Organisationen und Verb\u00e4nde laden am 1.Mai ein zu einem \u201eTag f\u00fcr Familien, M\u00fctter und V\u00e4ter mit ihren Kindern\u201c.<\/p>\n<\/div>","protected":false},"author":1,"featured_media":0,"comment_status":"closed","ping_status":"closed","sticky":false,"template":"","format":"standard","meta":{"footnotes":""},"categories":[1,44],"tags":[],"class_list":["post-2754","post","type-post","status-publish","format-standard","hentry","category-startseite","category-kultur"],"_links":{"self":[{"href":"https:\/\/www.fuldaernachrichten.de\/index.php?rest_route=\/wp\/v2\/posts\/2754","targetHints":{"allow":["GET"]}}],"collection":[{"href":"https:\/\/www.fuldaernachrichten.de\/index.php?rest_route=\/wp\/v2\/posts"}],"about":[{"href":"https:\/\/www.fuldaernachrichten.de\/index.php?rest_route=\/wp\/v2\/types\/post"}],"author":[{"embeddable":true,"href":"https:\/\/www.fuldaernachrichten.de\/index.php?rest_route=\/wp\/v2\/users\/1"}],"replies":[{"embeddable":true,"href":"https:\/\/www.fuldaernachrichten.de\/index.php?rest_route=%2Fwp%2Fv2%2Fcomments&post=2754"}],"version-history":[{"count":0,"href":"https:\/\/www.fuldaernachrichten.de\/index.php?rest_route=\/wp\/v2\/posts\/2754\/revisions"}],"wp:attachment":[{"href":"https:\/\/www.fuldaernachrichten.de\/index.php?rest_route=%2Fwp%2Fv2%2Fmedia&parent=2754"}],"wp:term":[{"taxonomy":"category","embeddable":true,"href":"https:\/\/www.fuldaernachrichten.de\/index.php?rest_route=%2Fwp%2Fv2%2Fcategories&post=2754"},{"taxonomy":"post_tag","embeddable":true,"href":"https:\/\/www.fuldaernachrichten.de\/index.php?rest_route=%2Fwp%2Fv2%2Ftags&post=2754"}],"curies":[{"name":"wp","href":"https:\/\/api.w.org\/{rel}","templated":true}]}}