{"id":27438,"date":"2009-05-06T22:21:34","date_gmt":"2009-05-06T20:21:34","guid":{"rendered":"http:\/\/www.schoene-nachrichten.de\/?p=27438"},"modified":"2009-05-06T22:21:34","modified_gmt":"2009-05-06T20:21:34","slug":"helmut-sorg-verabschiedet-umfassende-wuerdigung-und-grosser-empfang-im-fuerstensaal","status":"publish","type":"post","link":"https:\/\/www.fuldaernachrichten.de\/?p=27438","title":{"rendered":"Helmut Sorg verabschiedet &#8211; Umfassende W\u00fcrdigung und gro\u00dfer Empfang im F\u00fcrstensaal"},"content":{"rendered":"<p>Rund 300 G\u00e4ste, ein Who is Who aus Wirtschaft, Politik und Gesellschaft, nahmen an der Veranstaltung teil. Der neue IHK-Pr\u00e4sident Bernhard Juchheim w\u00fcrdigte die Verdienste seines Vorg\u00e4ngers: &#8220;Die Kunst f\u00fcr mich besteht darin, die Dynamik und die Vielzahl der von Helmut Sorg angesto\u00dfenen und durchgef\u00fchrten Projekte zu w\u00fcrdigen und dabei noch Entfaltungsspielraum f\u00fcr das neue Pr\u00e4sidium zu lassen.\u201c<\/p>\n<p><strong>Fotos und Video:<\/strong> Max Colin Heydenreich<\/p>\n<p><a title=\"Foto: Max Colin Heydenreich\" rel=\"lightbox[roadtrip]\" href=\"http:\/\/www.schoene-nachrichten.de\/wp-content\/uploads\/2009\/04\/090429_Sorg_008.jpg\" target=\"_blank\"><img decoding=\"async\" src=\"http:\/\/www.schoene-nachrichten.de\/wp-content\/uploads\/2009\/04\/090429_Sorg_008.thumbnail.jpg\" alt=\"090429_Sorg_008.jpg\" width=\"265\" \/><\/a> <a title=\"Foto: Max Colin Heydenreich\" rel=\"lightbox[roadtrip]\" href=\"http:\/\/www.schoene-nachrichten.de\/wp-content\/uploads\/2009\/04\/090429_Sorg_004.jpg\" target=\"_blank\"><img decoding=\"async\" src=\"http:\/\/www.schoene-nachrichten.de\/wp-content\/uploads\/2009\/04\/090429_Sorg_004.thumbnail.jpg\" alt=\"090429_Sorg_004.jpg\" width=\"265\" \/><\/a><\/p>\n<p><a title=\"Foto: Max Colin Heydenreich\" rel=\"lightbox[roadtrip]\" href=\"http:\/\/www.schoene-nachrichten.de\/wp-content\/uploads\/2009\/04\/090429_Sorg_001.jpg\" target=\"_blank\"><img decoding=\"async\" src=\"http:\/\/www.schoene-nachrichten.de\/wp-content\/uploads\/2009\/04\/090429_Sorg_001.thumbnail.jpg\" alt=\"090429_Sorg_001.jpg\" width=\"265\" \/><\/a> <a title=\"Foto: Max Colin Heydenreich\" rel=\"lightbox[roadtrip]\" href=\"http:\/\/www.schoene-nachrichten.de\/wp-content\/uploads\/2009\/04\/090429_Sorg_002.jpg\" target=\"_blank\"><img decoding=\"async\" src=\"http:\/\/www.schoene-nachrichten.de\/wp-content\/uploads\/2009\/04\/090429_Sorg_002.thumbnail.jpg\" alt=\"090429_Sorg_002.jpg\" width=\"265\" \/><\/a><\/p>\n<p><!--more--><\/p>\n<p>Helmut Sorg war 26 Jahre Mitglied der Vollversammlung der Industrie- und Handelskammer Fulda, acht Jahre Vizepr\u00e4sident und von 1995 bis 2009 insgesamt 14 Jahre lang Pr\u00e4sident der IHK. Der hessische Ministerpr\u00e4sident Roland Koch reiste eigens aus Wiesbaden an, um Helmut Sorg f\u00fcr seine ungew\u00f6hnliche pers\u00f6nliche Leistung zu w\u00fcrdigen und f\u00fcr die Zusammenarbeit zu danken \u2013 ein besonderes Zeichen der Verbundenheit und Wertsch\u00e4tzung. \u201eWir Hessen sind stolz auf Fulda. Und dazu hat auch Helmut Sorg beigetragen.\u201c<\/p>\n<p>Koch hob die Leistungen der Industrie- und Handelskammern hervor und die Bedeutung von Familienunternehmen. \u201eWir werden schwierige Zeiten haben, aber auch eine gute Zukunft. Die Krise wird enden\u201c, machte der Ministerpr\u00e4sident Mut. Weitere Gru\u00dfworte sprachen Oberb\u00fcrgermeister Gerhard M\u00f6ller, Landrat Bernd Woide und G\u00fcnther Schmidt, Pr\u00e4sident der IHK Limburg. Spiritus Rector, Impulsgeber, Ideengeber, Motivator, Denker, Vordenker und Br\u00fcckenbauer waren Vokabeln, die hier immer wieder vorkamen. Alle Redner dankten dem jetzigen Ehrenpr\u00e4sidenten der IHK Fulda unisono f\u00fcr seinen gro\u00dfartigen Einsatz und seine Verdienste als IHK-Pr\u00e4sident.<\/p>\n<p><a title=\"Foto: Max Colin Heydenreich\" rel=\"lightbox[roadtrip]\" href=\"http:\/\/www.schoene-nachrichten.de\/wp-content\/uploads\/2009\/04\/090429_Sorg_005.jpg\" target=\"_blank\"><img decoding=\"async\" src=\"http:\/\/www.schoene-nachrichten.de\/wp-content\/uploads\/2009\/04\/090429_Sorg_005.thumbnail.jpg\" alt=\"090429_Sorg_005.jpg\" width=\"265\" \/><\/a> <a title=\"Foto: Max Colin Heydenreich\" rel=\"lightbox[roadtrip]\" href=\"http:\/\/www.schoene-nachrichten.de\/wp-content\/uploads\/2009\/04\/090429_Sorg_006.jpg\" target=\"_blank\"><img decoding=\"async\" src=\"http:\/\/www.schoene-nachrichten.de\/wp-content\/uploads\/2009\/04\/090429_Sorg_006.thumbnail.jpg\" alt=\"090429_Sorg_006.jpg\" width=\"265\" \/><\/a><\/p>\n<p><a title=\"Foto: Max Colin Heydenreich\" rel=\"lightbox[roadtrip]\" href=\"http:\/\/www.schoene-nachrichten.de\/wp-content\/uploads\/2009\/04\/090429_Sorg_009.jpg\" target=\"_blank\"><img decoding=\"async\" src=\"http:\/\/www.schoene-nachrichten.de\/wp-content\/uploads\/2009\/04\/090429_Sorg_009.thumbnail.jpg\" alt=\"090429_Sorg_009.jpg\" width=\"265\" \/><\/a> <a title=\"Foto: Max Colin Heydenreich\" rel=\"lightbox[roadtrip]\" href=\"http:\/\/www.schoene-nachrichten.de\/wp-content\/uploads\/2009\/04\/090429_Sorg_010.jpg\" target=\"_blank\"><img decoding=\"async\" src=\"http:\/\/www.schoene-nachrichten.de\/wp-content\/uploads\/2009\/04\/090429_Sorg_010.thumbnail.jpg\" alt=\"090429_Sorg_010.jpg\" width=\"265\" \/><\/a><\/p>\n<p>Zur Leistungsbilanz geh\u00f6ren die Vernetzung der IHK-Mitglieder, die F\u00f6rderung des Regionalen Standortmarketings, die St\u00e4rkung des Au\u00dfenmarketings und die Entwicklung der Infrastruktur ebenso wie die Ausbildung &#8211; und hier vor allem die F\u00f6rderung leistungsschwacher Jugendlicher durch eigene Ausbildungsangebote um nur einige wichtige Stichworte zu nennen. Das Lehrerfortbildungsprojekt \u201e\u00d6konomische Bildung\u201c, wurde inzwischen hessenweit \u00fcbernommen.<\/p>\n<p><a title=\"Foto: Max Colin Heydenreich\" rel=\"lightbox[roadtrip]\" href=\"http:\/\/www.schoene-nachrichten.de\/wp-content\/uploads\/2009\/04\/090429_Sorg_011.jpg\" target=\"_blank\"><img decoding=\"async\" src=\"http:\/\/www.schoene-nachrichten.de\/wp-content\/uploads\/2009\/04\/090429_Sorg_011.thumbnail.jpg\" alt=\"090429_Sorg_011.jpg\" width=\"265\" \/><\/a> <a title=\"Foto: Max Colin Heydenreich\" rel=\"lightbox[roadtrip]\" href=\"http:\/\/www.schoene-nachrichten.de\/wp-content\/uploads\/2009\/04\/090429_Sorg_012.jpg\" target=\"_blank\"><img decoding=\"async\" src=\"http:\/\/www.schoene-nachrichten.de\/wp-content\/uploads\/2009\/04\/090429_Sorg_012.thumbnail.jpg\" alt=\"090429_Sorg_012.jpg\" width=\"265\" \/><\/a><\/p>\n<p><a title=\"Foto: Max Colin Heydenreich\" rel=\"lightbox[roadtrip]\" href=\"http:\/\/www.schoene-nachrichten.de\/wp-content\/uploads\/2009\/04\/090429_Sorg_013.jpg\" target=\"_blank\"><img decoding=\"async\" src=\"http:\/\/www.schoene-nachrichten.de\/wp-content\/uploads\/2009\/04\/090429_Sorg_013.thumbnail.jpg\" alt=\"090429_Sorg_013.jpg\" width=\"265\" \/><\/a> <a title=\"Foto: Max Colin Heydenreich\" rel=\"lightbox[roadtrip]\" href=\"http:\/\/www.schoene-nachrichten.de\/wp-content\/uploads\/2009\/04\/090429_Sorg_014.jpg\" target=\"_blank\"><img decoding=\"async\" src=\"http:\/\/www.schoene-nachrichten.de\/wp-content\/uploads\/2009\/04\/090429_Sorg_014.thumbnail.jpg\" alt=\"090429_Sorg_014.jpg\" width=\"265\" \/><\/a><\/p>\n<p>In seiner pers\u00f6nlich gehaltenen Rede danke Helmut Sorg, der spontan jeweils 5000 Euro an das Antoniusheim und die Caritas spendete, seiner Ehefrau, seiner Familie, dem gesamten Ehren- und Hauptamt der IHK, den Unternehmern und zahlreichen Pers\u00f6nlichkeiten aus Politik, Wirtschaft und Gesellschaft. Sein Fazit: \u201eIch blicke auf eine sch\u00f6ne, lehrreiche Zeit zur\u00fcck, die ich nicht missen m\u00f6chte.\u201c Zum Schluss seiner Rede rief Sorg zu sozialer Verpflichtung, gegenseitigem Vertrauen und Wertsch\u00e4tzung auf.<\/p>\n<p>Als Dankesch\u00f6n \u00fcberreichte Bernhard Juchheim Helmut Sorg eine Bronzeskulptur von Dr. Ulrich Barnikel mit dem Titel \u201eDer Denker\u201c. Der Oberb\u00fcrgermeister zeichnete ihn mit dem Ehrenring der Stadt Fulda aus.<\/p>\n<p><a title=\"Foto: Max Colin Heydenreich\" rel=\"lightbox[roadtrip]\" href=\"http:\/\/www.schoene-nachrichten.de\/wp-content\/uploads\/2009\/04\/090429_Sorg_015.jpg\" target=\"_blank\"><img decoding=\"async\" src=\"http:\/\/www.schoene-nachrichten.de\/wp-content\/uploads\/2009\/04\/090429_Sorg_015.thumbnail.jpg\" alt=\"090429_Sorg_015.jpg\" width=\"265\" \/><\/a> <a title=\"Foto: Max Colin Heydenreich\" rel=\"lightbox[roadtrip]\" href=\"http:\/\/www.schoene-nachrichten.de\/wp-content\/uploads\/2009\/04\/090429_Sorg_018.jpg\" target=\"_blank\"><img decoding=\"async\" src=\"http:\/\/www.schoene-nachrichten.de\/wp-content\/uploads\/2009\/04\/090429_Sorg_018.thumbnail.jpg\" alt=\"090429_Sorg_018.jpg\" width=\"265\" \/><\/a><\/p>\n<p><a title=\"Foto: Max Colin Heydenreich\" rel=\"lightbox[roadtrip]\" href=\"http:\/\/www.schoene-nachrichten.de\/wp-content\/uploads\/2009\/04\/090429_Sorg_019.jpg\" target=\"_blank\"><img decoding=\"async\" src=\"http:\/\/www.schoene-nachrichten.de\/wp-content\/uploads\/2009\/04\/090429_Sorg_019.thumbnail.jpg\" alt=\"090429_Sorg_019.jpg\" width=\"265\" \/><\/a> <a title=\"Foto: Max Colin Heydenreich\" rel=\"lightbox[roadtrip]\" href=\"http:\/\/www.schoene-nachrichten.de\/wp-content\/uploads\/2009\/04\/090429_Sorg_020.jpg\" target=\"_blank\"><img decoding=\"async\" src=\"http:\/\/www.schoene-nachrichten.de\/wp-content\/uploads\/2009\/04\/090429_Sorg_020.thumbnail.jpg\" alt=\"090429_Sorg_020.jpg\" width=\"265\" \/><\/a><\/p>\n<p><a title=\"Foto: Max Colin Heydenreich\" rel=\"lightbox[roadtrip]\" href=\"http:\/\/www.schoene-nachrichten.de\/wp-content\/uploads\/2009\/04\/090429_Sorg_021.jpg\" target=\"_blank\"><img decoding=\"async\" src=\"http:\/\/www.schoene-nachrichten.de\/wp-content\/uploads\/2009\/04\/090429_Sorg_021.thumbnail.jpg\" alt=\"090429_Sorg_021.jpg\" width=\"265\" \/><\/a> <a title=\"Foto: Max Colin Heydenreich\" rel=\"lightbox[roadtrip]\" href=\"http:\/\/www.schoene-nachrichten.de\/wp-content\/uploads\/2009\/04\/090429_Sorg_024.jpg\" target=\"_blank\"><img decoding=\"async\" src=\"http:\/\/www.schoene-nachrichten.de\/wp-content\/uploads\/2009\/04\/090429_Sorg_024.thumbnail.jpg\" alt=\"090429_Sorg_024.jpg\" width=\"265\" \/><\/a><\/p>\n<p><a title=\"Foto: Max Colin Heydenreich\" rel=\"lightbox[roadtrip]\" href=\"http:\/\/www.schoene-nachrichten.de\/wp-content\/uploads\/2009\/04\/090429_Sorg_027.jpg\" target=\"_blank\"><img decoding=\"async\" src=\"http:\/\/www.schoene-nachrichten.de\/wp-content\/uploads\/2009\/04\/090429_Sorg_027.thumbnail.jpg\" alt=\"090429_Sorg_027.jpg\" width=\"265\" \/><\/a> <a title=\"Foto: Max Colin Heydenreich\" rel=\"lightbox[roadtrip]\" href=\"http:\/\/www.schoene-nachrichten.de\/wp-content\/uploads\/2009\/04\/090429_Sorg_028.jpg\" target=\"_blank\"><img decoding=\"async\" src=\"http:\/\/www.schoene-nachrichten.de\/wp-content\/uploads\/2009\/04\/090429_Sorg_028.thumbnail.jpg\" alt=\"090429_Sorg_028.jpg\" width=\"265\" \/><\/a><\/p>\n<p><a title=\"Foto: Max Colin Heydenreich\" rel=\"lightbox[roadtrip]\" href=\"http:\/\/www.schoene-nachrichten.de\/wp-content\/uploads\/2009\/04\/090429_Sorg_025.jpg\" target=\"_blank\"><img decoding=\"async\" src=\"http:\/\/www.schoene-nachrichten.de\/wp-content\/uploads\/2009\/04\/090429_Sorg_025.thumbnail.jpg\" alt=\"090429_Sorg_025.jpg\" width=\"265\" \/><\/a> <a title=\"Foto: Max Colin Heydenreich\" rel=\"lightbox[roadtrip]\" href=\"http:\/\/www.schoene-nachrichten.de\/wp-content\/uploads\/2009\/04\/090429_Sorg_030.jpg\" target=\"_blank\"><img decoding=\"async\" src=\"http:\/\/www.schoene-nachrichten.de\/wp-content\/uploads\/2009\/04\/090429_Sorg_030.thumbnail.jpg\" alt=\"090429_Sorg_030.jpg\" width=\"265\" \/><\/a><\/p>\n<p><a title=\"Foto: Max Colin Heydenreich\" rel=\"lightbox[roadtrip]\" href=\"http:\/\/www.schoene-nachrichten.de\/wp-content\/uploads\/2009\/04\/090429_Sorg_036.jpg\" target=\"_blank\"><img decoding=\"async\" src=\"http:\/\/www.schoene-nachrichten.de\/wp-content\/uploads\/2009\/04\/090429_Sorg_036.thumbnail.jpg\" alt=\"090429_Sorg_036.jpg\" width=\"265\" \/><\/a> <a title=\"Foto: Max Colin Heydenreich\" rel=\"lightbox[roadtrip]\" href=\"http:\/\/www.schoene-nachrichten.de\/wp-content\/uploads\/2009\/04\/090429_Sorg_032.jpg\" target=\"_blank\"><img decoding=\"async\" src=\"http:\/\/www.schoene-nachrichten.de\/wp-content\/uploads\/2009\/04\/090429_Sorg_032.thumbnail.jpg\" alt=\"090429_Sorg_032.jpg\" width=\"265\" \/><\/a><\/p>\n<p><a title=\"Foto: Max Colin Heydenreich\" rel=\"lightbox[roadtrip]\" href=\"http:\/\/www.schoene-nachrichten.de\/wp-content\/uploads\/2009\/04\/090429_Sorg_033.jpg\" target=\"_blank\"><img decoding=\"async\" src=\"http:\/\/www.schoene-nachrichten.de\/wp-content\/uploads\/2009\/04\/090429_Sorg_033.thumbnail.jpg\" alt=\"090429_Sorg_033.jpg\" width=\"265\" \/><\/a> <a title=\"Foto: Max Colin Heydenreich\" rel=\"lightbox[roadtrip]\" href=\"http:\/\/www.schoene-nachrichten.de\/wp-content\/uploads\/2009\/04\/090429_Sorg_034.jpg\" target=\"_blank\"><img decoding=\"async\" src=\"http:\/\/www.schoene-nachrichten.de\/wp-content\/uploads\/2009\/04\/090429_Sorg_034.thumbnail.jpg\" alt=\"090429_Sorg_034.jpg\" width=\"265\" \/><\/a><\/p>\n","protected":false},"excerpt":{"rendered":"<div class=\"tmnf_excerpt\"><p>Rund 300 G\u00e4ste, ein Who is Who aus Wirtschaft, Politik und Gesellschaft, nahmen an der Veranstaltung teil. Der neue IHK-Pr\u00e4sident Bernhard Juchheim w\u00fcrdigte die Verdienste seines Vorg\u00e4ngers: &#8220;Die Kunst f\u00fcr mich besteht darin, die Dynamik und die Vielzahl der von Helmut Sorg angesto\u00dfenen und durchgef\u00fchrten Projekte zu w\u00fcrdigen und dabei noch Entfaltungsspielraum f\u00fcr das neue &hellip;<\/p>\n<\/div>","protected":false},"author":1,"featured_media":0,"comment_status":"closed","ping_status":"closed","sticky":false,"template":"","format":"standard","meta":{"footnotes":""},"categories":[1,54,79,29],"tags":[],"class_list":["post-27438","post","type-post","status-publish","format-standard","hentry","category-startseite","category-bildergalerien","category-kino","category-politik"],"_links":{"self":[{"href":"https:\/\/www.fuldaernachrichten.de\/index.php?rest_route=\/wp\/v2\/posts\/27438","targetHints":{"allow":["GET"]}}],"collection":[{"href":"https:\/\/www.fuldaernachrichten.de\/index.php?rest_route=\/wp\/v2\/posts"}],"about":[{"href":"https:\/\/www.fuldaernachrichten.de\/index.php?rest_route=\/wp\/v2\/types\/post"}],"author":[{"embeddable":true,"href":"https:\/\/www.fuldaernachrichten.de\/index.php?rest_route=\/wp\/v2\/users\/1"}],"replies":[{"embeddable":true,"href":"https:\/\/www.fuldaernachrichten.de\/index.php?rest_route=%2Fwp%2Fv2%2Fcomments&post=27438"}],"version-history":[{"count":4,"href":"https:\/\/www.fuldaernachrichten.de\/index.php?rest_route=\/wp\/v2\/posts\/27438\/revisions"}],"predecessor-version":[{"id":28135,"href":"https:\/\/www.fuldaernachrichten.de\/index.php?rest_route=\/wp\/v2\/posts\/27438\/revisions\/28135"}],"wp:attachment":[{"href":"https:\/\/www.fuldaernachrichten.de\/index.php?rest_route=%2Fwp%2Fv2%2Fmedia&parent=27438"}],"wp:term":[{"taxonomy":"category","embeddable":true,"href":"https:\/\/www.fuldaernachrichten.de\/index.php?rest_route=%2Fwp%2Fv2%2Fcategories&post=27438"},{"taxonomy":"post_tag","embeddable":true,"href":"https:\/\/www.fuldaernachrichten.de\/index.php?rest_route=%2Fwp%2Fv2%2Ftags&post=27438"}],"curies":[{"name":"wp","href":"https:\/\/api.w.org\/{rel}","templated":true}]}}