{"id":27345,"date":"2009-05-03T05:57:23","date_gmt":"2009-05-03T03:57:23","guid":{"rendered":"http:\/\/www.schoene-nachrichten.de\/?p=27345"},"modified":"2009-05-02T19:16:40","modified_gmt":"2009-05-02T17:16:40","slug":"evas-musikgeschichten-am-5-mai-in-der-katharinenschule","status":"publish","type":"post","link":"https:\/\/www.fuldaernachrichten.de\/?p=27345","title":{"rendered":"\u201eEvas Musikgeschichten\u201c am 5. Mai in der Katharinenschule"},"content":{"rendered":"<p><strong>Fulda.<\/strong> In ausdrucksstarker Vertonung der M\u00e4rchen \u201eDie Bremer Stadtmusikanten\u201c (f\u00fcr 1. und 2. Grundschulklasse) und \u201eMax und Moritz\u201c (f\u00fcr 3. und 4. Grundschulklasse) wird die Erz\u00e4hlerin und Dipl.-Musik-Erzieherin Eva Weiss am Dienstag, den 05. Mai 2009 jeweils um 10.05 und um 10.50 Uhr ein sehr interessantes Programm anbieten. N\u00e4here Auskunft: Katharinenschule Fulda-Gl\u00e4serzell, Terrassenstra\u00dfe 6, 36041 Fulda (Telefon: 0661 51370)<\/p>\n","protected":false},"excerpt":{"rendered":"<div class=\"tmnf_excerpt\"><p>Fulda. In ausdrucksstarker Vertonung der M\u00e4rchen \u201eDie Bremer Stadtmusikanten\u201c (f\u00fcr 1. und 2. Grundschulklasse) und \u201eMax und Moritz\u201c (f\u00fcr 3. und 4. Grundschulklasse) wird die Erz\u00e4hlerin und Dipl.-Musik-Erzieherin Eva Weiss am Dienstag, den 05. Mai 2009 jeweils um 10.05 und um 10.50 Uhr ein sehr interessantes Programm anbieten. N\u00e4here Auskunft: Katharinenschule Fulda-Gl\u00e4serzell, Terrassenstra\u00dfe 6, 36041 &hellip;<\/p>\n<\/div>","protected":false},"author":1,"featured_media":0,"comment_status":"closed","ping_status":"closed","sticky":false,"template":"","format":"standard","meta":{"footnotes":""},"categories":[1,53,72,44],"tags":[],"class_list":["post-27345","post","type-post","status-publish","format-standard","hentry","category-startseite","category-bildung","category-jugend","category-kultur"],"_links":{"self":[{"href":"https:\/\/www.fuldaernachrichten.de\/index.php?rest_route=\/wp\/v2\/posts\/27345","targetHints":{"allow":["GET"]}}],"collection":[{"href":"https:\/\/www.fuldaernachrichten.de\/index.php?rest_route=\/wp\/v2\/posts"}],"about":[{"href":"https:\/\/www.fuldaernachrichten.de\/index.php?rest_route=\/wp\/v2\/types\/post"}],"author":[{"embeddable":true,"href":"https:\/\/www.fuldaernachrichten.de\/index.php?rest_route=\/wp\/v2\/users\/1"}],"replies":[{"embeddable":true,"href":"https:\/\/www.fuldaernachrichten.de\/index.php?rest_route=%2Fwp%2Fv2%2Fcomments&post=27345"}],"version-history":[{"count":5,"href":"https:\/\/www.fuldaernachrichten.de\/index.php?rest_route=\/wp\/v2\/posts\/27345\/revisions"}],"predecessor-version":[{"id":27690,"href":"https:\/\/www.fuldaernachrichten.de\/index.php?rest_route=\/wp\/v2\/posts\/27345\/revisions\/27690"}],"wp:attachment":[{"href":"https:\/\/www.fuldaernachrichten.de\/index.php?rest_route=%2Fwp%2Fv2%2Fmedia&parent=27345"}],"wp:term":[{"taxonomy":"category","embeddable":true,"href":"https:\/\/www.fuldaernachrichten.de\/index.php?rest_route=%2Fwp%2Fv2%2Fcategories&post=27345"},{"taxonomy":"post_tag","embeddable":true,"href":"https:\/\/www.fuldaernachrichten.de\/index.php?rest_route=%2Fwp%2Fv2%2Ftags&post=27345"}],"curies":[{"name":"wp","href":"https:\/\/api.w.org\/{rel}","templated":true}]}}