{"id":273,"date":"2006-12-08T09:02:24","date_gmt":"2006-12-08T08:02:24","guid":{"rendered":"http:\/\/www.schoene-nachrichten.de\/?p=273"},"modified":"2006-12-08T09:02:24","modified_gmt":"2006-12-08T08:02:24","slug":"ob-moller-sieht-chancen-fur-sonderpreis-im-t-city-wettbewerb","status":"publish","type":"post","link":"https:\/\/www.fuldaernachrichten.de\/?p=273","title":{"rendered":"OB M\u00f6ller sieht Chancen f\u00fcr Sonderpreis im T-City-Wettbewerb"},"content":{"rendered":"<p><strong>Sch\u00f6nes aus Fulda.<\/strong> Die Endrunde im T-City-Wettbewerb der Deutschen Telekom hat die Stadt Fulda zwar nicht erreicht, Oberb\u00fcrgermeister Gerhard M\u00f6ller ist aber dennoch optimistisch und rechnet sich Chancen f\u00fcr den mit 100.000,&#8211; Euro dotierten Sonderpreis aus. Mit diesem Sonderpreis wollen die Jury-Mitglieder und die Deutsche Telekom ein besonders unterst\u00fctzenswertes soziales Wettbewerbsprojekt f\u00f6rdern. Die Wahl dieses Projektes erfolgt zeitgleich mit der T-City.<\/p>\n<p>\u00c2\u00a0<\/p>\n<p><!--more--><\/p>\n<p>52 deutsche St\u00e4dte hatten sich darum beworben, T-City zu werden und mehr als Tausend innovative Ideen eingereicht. Von diesen 52 Gemeinschaftsbewerbungen wurden jetzt zehn St\u00e4dte f\u00fcr die n\u00e4chste Runde des T-City-Wettbewerbs ausgew\u00e4hlt.<\/p>\n<p>\u00c2\u00a0<\/p>\n<p>M\u00f6ller: \u201eSicher h\u00e4tte es uns sehr gefreut, wenn wir unter die ersten Zehn gekommen w\u00e4ren. Aber wir halten es mit dem Grundsatz des olympischen Geistes \u2013 auch das Mitmachen z\u00e4hlt.\u201c<\/p>\n","protected":false},"excerpt":{"rendered":"<div class=\"tmnf_excerpt\"><p>Sch\u00f6nes aus Fulda. Die Endrunde im T-City-Wettbewerb der Deutschen Telekom hat die Stadt Fulda zwar nicht erreicht, Oberb\u00fcrgermeister Gerhard M\u00f6ller ist aber dennoch optimistisch und rechnet sich Chancen f\u00fcr den mit 100.000,&#8211; Euro dotierten Sonderpreis aus. Mit diesem Sonderpreis wollen die Jury-Mitglieder und die Deutsche Telekom ein besonders unterst\u00fctzenswertes soziales Wettbewerbsprojekt f\u00f6rdern. Die Wahl dieses &hellip;<\/p>\n<\/div>","protected":false},"author":1,"featured_media":0,"comment_status":"closed","ping_status":"closed","sticky":false,"template":"","format":"standard","meta":{"footnotes":""},"categories":[1],"tags":[],"class_list":["post-273","post","type-post","status-publish","format-standard","hentry","category-startseite"],"_links":{"self":[{"href":"https:\/\/www.fuldaernachrichten.de\/index.php?rest_route=\/wp\/v2\/posts\/273","targetHints":{"allow":["GET"]}}],"collection":[{"href":"https:\/\/www.fuldaernachrichten.de\/index.php?rest_route=\/wp\/v2\/posts"}],"about":[{"href":"https:\/\/www.fuldaernachrichten.de\/index.php?rest_route=\/wp\/v2\/types\/post"}],"author":[{"embeddable":true,"href":"https:\/\/www.fuldaernachrichten.de\/index.php?rest_route=\/wp\/v2\/users\/1"}],"replies":[{"embeddable":true,"href":"https:\/\/www.fuldaernachrichten.de\/index.php?rest_route=%2Fwp%2Fv2%2Fcomments&post=273"}],"version-history":[{"count":0,"href":"https:\/\/www.fuldaernachrichten.de\/index.php?rest_route=\/wp\/v2\/posts\/273\/revisions"}],"wp:attachment":[{"href":"https:\/\/www.fuldaernachrichten.de\/index.php?rest_route=%2Fwp%2Fv2%2Fmedia&parent=273"}],"wp:term":[{"taxonomy":"category","embeddable":true,"href":"https:\/\/www.fuldaernachrichten.de\/index.php?rest_route=%2Fwp%2Fv2%2Fcategories&post=273"},{"taxonomy":"post_tag","embeddable":true,"href":"https:\/\/www.fuldaernachrichten.de\/index.php?rest_route=%2Fwp%2Fv2%2Ftags&post=273"}],"curies":[{"name":"wp","href":"https:\/\/api.w.org\/{rel}","templated":true}]}}