{"id":27263,"date":"2009-04-28T05:30:42","date_gmt":"2009-04-28T03:30:42","guid":{"rendered":"http:\/\/www.schoene-nachrichten.de\/?p=27263"},"modified":"2009-04-28T06:51:03","modified_gmt":"2009-04-28T04:51:03","slug":"ausstellung-auf-der-buga-in-schwerin-bot-gespraechsplattform-bundespraesident-zu-gast-bei-deutschen-biosphaerenreservaten","status":"publish","type":"post","link":"https:\/\/www.fuldaernachrichten.de\/?p=27263","title":{"rendered":"Ausstellung auf der BUGA in Schwerin bot Gespr\u00e4chsplattform &#8211; Bundespr\u00e4sident zu Gast bei deutschen Biosph\u00e4renreservaten"},"content":{"rendered":"<p><strong>Rh\u00f6n.<\/strong> Die 13 deutschen Biosph\u00e4renreservate pr\u00e4sentieren sich in diesem Jahr mit einer gemeinsamen Ausstellung auf der Bundesgartenschau (BUGA) in Schwerin. W\u00e4hrend der Er\u00f6ffnung der Schau stattete Bundespr\u00e4sident Horst K\u00f6hler dieser Ausstellung einen Besuch ab. Er informierte sich dabei vor allem \u00fcber die Zielsetzung des UNESCO-Programms \u201eMensch und Biosph\u00e4re\u201c. Das Weltnetz der Biosph\u00e4renreservate, dem derzeit 531 Gebiete\u00c2\u00a0 in 105 L\u00e4ndern angeh\u00f6ren, steht im Zentrum dieses Programms. K\u00f6hler betonte in einer Ansprache die Bedeutung des Erfahrungsaustausches unter den Biosph\u00e4renreservaten im internationalen und im nationalen Netz. Au\u00dferdem nutzte K\u00f6hler die Gelegenheit, um sich in verschiedenen Gespr\u00e4chen \u00fcber die regionalen Besonderheiten der einzelnen deutschen Biosph\u00e4renreservate zu informieren.<\/p>\n<p><a href=\"http:\/\/www.schoene-nachrichten.de\/wp-content\/uploads\/2009\/04\/090427_rhoen_1.jpg\"><img decoding=\"async\" class=\"alignnone size-thumbnail wp-image-27265\" title=\"090427_rhoen_1\" src=\"http:\/\/www.schoene-nachrichten.de\/wp-content\/uploads\/2009\/04\/090427_rhoen_1-265x176.jpg\" alt=\"090427_rhoen_1\" width=\"265\" height=\"176\" srcset=\"https:\/\/www.fuldaernachrichten.de\/wp-content\/uploads\/2009\/04\/090427_rhoen_1-265x176.jpg 265w, https:\/\/www.fuldaernachrichten.de\/wp-content\/uploads\/2009\/04\/090427_rhoen_1.jpg 592w\" sizes=\"(max-width: 265px) 100vw, 265px\" \/><\/a> <a href=\"http:\/\/www.schoene-nachrichten.de\/wp-content\/uploads\/2009\/04\/090427_rhoen_2.jpg\"><img decoding=\"async\" class=\"alignnone size-thumbnail wp-image-27266\" title=\"090427_rhoen_2\" src=\"http:\/\/www.schoene-nachrichten.de\/wp-content\/uploads\/2009\/04\/090427_rhoen_2-265x176.jpg\" alt=\"090427_rhoen_2\" width=\"265\" height=\"176\" srcset=\"https:\/\/www.fuldaernachrichten.de\/wp-content\/uploads\/2009\/04\/090427_rhoen_2-265x176.jpg 265w, https:\/\/www.fuldaernachrichten.de\/wp-content\/uploads\/2009\/04\/090427_rhoen_2.jpg 592w\" sizes=\"(max-width: 265px) 100vw, 265px\" \/><\/a><\/p>\n<p><!--more--><\/p>\n<p>Aus jedem der 13 deutschen Biosph\u00e4renreservate waren Vertreter nach Schwerin gekommen. Unter ihnen befanden sich auch die Leiter der drei Verwaltungsstellen des Biosph\u00e4renreservates Rh\u00f6n, Regierungsdirektor Michael Geier (Bayern), Otto Evers (Hessen) und Karl-Friedrich Abe (Th\u00fcringen). Die Ausstellung auf der Bundesgartenschau in Schwerin stellt die zentrale Veranstaltung im \u201eJahr der Biosph\u00e4renreservate\u201c dar, das 2009 von Europarc Deutschland aus Anlass des 30-j\u00e4hrigen Bestehens der Biosph\u00e4renreservate Mittelelbe in Sachsen Anhalt und Vessertal in Th\u00fcringen ausgerufen wurde. Die Schirmherrschaft \u00fcber das \u201eJahr der Biosph\u00e4renreservate\u201c haben Bundeskanzlerin Angela Merkel und Bundesumweltminister Sigmar Gabriel \u00fcbernommen.<\/p>\n<p>Die Besucher erwartet auf der Ausstellung der deutschen Biosph\u00e4renreservate eine Vielzahl von interessanten Exponaten und Beitr\u00e4gen zu den Themen Faszination Landschaft, Artenvielfalt, Klimaschutz und regionale Wirtschaftskreisl\u00e4ufe. Durch das Angebot von kulinarischen und handwerklichen Produkten sowie kulturellen Beitr\u00e4gen k\u00f6nnen die Besucher die besonderen Regionen zwischen Alpen und Wattenmeer mit allen Sinnen erleben.\u00c2\u00a0 Auch das Biosph\u00e4renreservat Rh\u00f6n mit seinen drei Landesteilen Bayern, Hessen und Th\u00fcringen wird sich im Sommer auf der Bundesgartenschau einem breiten Publikum pr\u00e4sentieren. Die\u00c2\u00a0 Ausstellung\u00c2\u00a0\u00c2\u00a0 befindet sich im so genannten K\u00fcchengarten und\u00c2\u00a0 ist w\u00e4hrend der gesamten Laufzeit der BUGA ge\u00f6ffnet.<\/p>\n","protected":false},"excerpt":{"rendered":"<div class=\"tmnf_excerpt\"><p>Rh\u00f6n. Die 13 deutschen Biosph\u00e4renreservate pr\u00e4sentieren sich in diesem Jahr mit einer gemeinsamen Ausstellung auf der Bundesgartenschau (BUGA) in Schwerin. W\u00e4hrend der Er\u00f6ffnung der Schau stattete Bundespr\u00e4sident Horst K\u00f6hler dieser Ausstellung einen Besuch ab. Er informierte sich dabei vor allem \u00fcber die Zielsetzung des UNESCO-Programms \u201eMensch und Biosph\u00e4re\u201c. Das Weltnetz der Biosph\u00e4renreservate, dem derzeit 531 &hellip;<\/p>\n<\/div>","protected":false},"author":1,"featured_media":0,"comment_status":"closed","ping_status":"closed","sticky":false,"template":"","format":"standard","meta":{"footnotes":""},"categories":[1,52],"tags":[],"class_list":["post-27263","post","type-post","status-publish","format-standard","hentry","category-startseite","category-umwelt"],"_links":{"self":[{"href":"https:\/\/www.fuldaernachrichten.de\/index.php?rest_route=\/wp\/v2\/posts\/27263","targetHints":{"allow":["GET"]}}],"collection":[{"href":"https:\/\/www.fuldaernachrichten.de\/index.php?rest_route=\/wp\/v2\/posts"}],"about":[{"href":"https:\/\/www.fuldaernachrichten.de\/index.php?rest_route=\/wp\/v2\/types\/post"}],"author":[{"embeddable":true,"href":"https:\/\/www.fuldaernachrichten.de\/index.php?rest_route=\/wp\/v2\/users\/1"}],"replies":[{"embeddable":true,"href":"https:\/\/www.fuldaernachrichten.de\/index.php?rest_route=%2Fwp%2Fv2%2Fcomments&post=27263"}],"version-history":[{"count":3,"href":"https:\/\/www.fuldaernachrichten.de\/index.php?rest_route=\/wp\/v2\/posts\/27263\/revisions"}],"predecessor-version":[{"id":27305,"href":"https:\/\/www.fuldaernachrichten.de\/index.php?rest_route=\/wp\/v2\/posts\/27263\/revisions\/27305"}],"wp:attachment":[{"href":"https:\/\/www.fuldaernachrichten.de\/index.php?rest_route=%2Fwp%2Fv2%2Fmedia&parent=27263"}],"wp:term":[{"taxonomy":"category","embeddable":true,"href":"https:\/\/www.fuldaernachrichten.de\/index.php?rest_route=%2Fwp%2Fv2%2Fcategories&post=27263"},{"taxonomy":"post_tag","embeddable":true,"href":"https:\/\/www.fuldaernachrichten.de\/index.php?rest_route=%2Fwp%2Fv2%2Ftags&post=27263"}],"curies":[{"name":"wp","href":"https:\/\/api.w.org\/{rel}","templated":true}]}}