{"id":2722,"date":"2007-04-22T20:59:48","date_gmt":"2007-04-22T18:59:48","guid":{"rendered":"http:\/\/www.schoene-nachrichten.de\/?p=2722"},"modified":"2007-04-23T00:37:50","modified_gmt":"2007-04-22T22:37:50","slug":"gelungener-auftakt-der-deutschen-rallyemeisterschaft-2007-in-schlitz","status":"publish","type":"post","link":"https:\/\/www.fuldaernachrichten.de\/?p=2722","title":{"rendered":"Gelungener Auftakt der Deutschen Rallyemeisterschaft 2007 in Schlitz"},"content":{"rendered":"<p><strong>Sch\u00f6nes aus Schlitz.<\/strong> Am vergangenen Wochenende fand rund um Schlitz der Auftakt zur Deutschen Rallyemeisterschaft 2007 statt. Fast 100 Teams aus 11 Nationen fanden den Weg ins Rallyezentrum nach Schlitz. Bei wundersch\u00f6nem Rallyewetter begann die Jagd nach den Zeiten am legend\u00e4ren Rundkurs in Willofs.<\/p>\n<p><strong>Fotos (63) und Text:<\/strong> Marco Hellwig , Denny Rausch und Sebastian Hellwig<\/p>\n<p><strong>Video ansehen mit:<\/strong> <a target=\"_blank\" href=\"http:\/\/www.rallye200.com\/media\/070420_schlitz_kiehm_wp1\">Flash Player<\/a><\/p>\n<p><a rel=\"lightbox[roadtrip]\" target=\"_blank\" href=\"http:\/\/www.schoene-nachrichten.de\/wp-content\/uploads\/2007\/04\/070422_Rallye_01.jpg\" title=\"Foto: Marco Hellwig\"><img decoding=\"async\" width=\"128\" src=\"http:\/\/www.schoene-nachrichten.de\/wp-content\/uploads\/2007\/04\/070422_Rallye_01.thumbnail.jpg\" alt=\"070422_Rallye_01.jpg\" \/><\/a> <a rel=\"lightbox[roadtrip]\" target=\"_blank\" href=\"http:\/\/www.schoene-nachrichten.de\/wp-content\/uploads\/2007\/04\/070422_Rallye_02.jpg\" title=\"Foto: Marco Hellwig\"><img decoding=\"async\" width=\"128\" src=\"http:\/\/www.schoene-nachrichten.de\/wp-content\/uploads\/2007\/04\/070422_Rallye_02.thumbnail.jpg\" alt=\"070422_Rallye_02.jpg\" \/><\/a> <a rel=\"lightbox[roadtrip]\" target=\"_blank\" href=\"http:\/\/www.schoene-nachrichten.de\/wp-content\/uploads\/2007\/04\/070422_Rallye_03.jpg\" title=\"Foto: Marco Hellwig\"><img decoding=\"async\" width=\"128\" src=\"http:\/\/www.schoene-nachrichten.de\/wp-content\/uploads\/2007\/04\/070422_Rallye_03.thumbnail.jpg\" alt=\"070422_Rallye_03.jpg\" \/><\/a><\/p>\n<p><!--more-->Um 19:15 Uhr ging der erste Wagen der \u201eSlowly Sideways\u201c auf den 10,2 Kilometer langen Rundkurs, der drei Mal plus die Ausfahrt zu fahren war. Hier konnte das Duo Gassner\/Schrankl auf ihrem Mitsubishi EVO die erste Bestmarke setzen. Ein Hauch von drei Sekunden dahinter fuhr Sandro Wallenwein mit Copilot Zeithofer auf ihrem Subaru Impreza WRX STI \u00fcber die Ziellinie.\u00c2\u00a0\u00c2\u00a0<\/p>\n<p><a rel=\"lightbox[roadtrip]\" target=\"_blank\" href=\"http:\/\/www.schoene-nachrichten.de\/wp-content\/uploads\/2007\/04\/070422_Rallye_04.jpg\" title=\"Foto: Marco Hellwig\"><img decoding=\"async\" width=\"128\" src=\"http:\/\/www.schoene-nachrichten.de\/wp-content\/uploads\/2007\/04\/070422_Rallye_04.thumbnail.jpg\" alt=\"070422_Rallye_04.jpg\" \/><\/a> <a rel=\"lightbox[roadtrip]\" target=\"_blank\" href=\"http:\/\/www.schoene-nachrichten.de\/wp-content\/uploads\/2007\/04\/070422_Rallye_05.jpg\" title=\"Foto: Marco Hellwig\"><img decoding=\"async\" width=\"128\" src=\"http:\/\/www.schoene-nachrichten.de\/wp-content\/uploads\/2007\/04\/070422_Rallye_05.thumbnail.jpg\" alt=\"070422_Rallye_05.jpg\" \/><\/a> <a rel=\"lightbox[roadtrip]\" target=\"_blank\" href=\"http:\/\/www.schoene-nachrichten.de\/wp-content\/uploads\/2007\/04\/070422_Rallye_06.jpg\" title=\"Foto: Marco Hellwig\"><img decoding=\"async\" width=\"128\" src=\"http:\/\/www.schoene-nachrichten.de\/wp-content\/uploads\/2007\/04\/070422_Rallye_06.thumbnail.jpg\" alt=\"070422_Rallye_06.jpg\" \/><\/a><\/p>\n<p>Der Rundkurs in Willofs z\u00e4hlt jedes Jahr als motorsportliches Highlight bei der Rallye \u201eRund um Schlitz\u201c. Die Feuerwehr Willofs hatte wie immer alle H\u00e4nde voll zu tun, um die von Nah und Fern angereisten Rallyefans mit Speisen und Getr\u00e4nken zu versorgen. Jedoch gelang ihnen diese Aufgabe wieder einmal meisterhaft.<\/p>\n<p><a rel=\"lightbox[roadtrip]\" target=\"_blank\" href=\"http:\/\/www.schoene-nachrichten.de\/wp-content\/uploads\/2007\/04\/070422_Rallye_07.jpg\" title=\"Foto: Marco Hellwig\"><img decoding=\"async\" width=\"128\" src=\"http:\/\/www.schoene-nachrichten.de\/wp-content\/uploads\/2007\/04\/070422_Rallye_07.thumbnail.jpg\" alt=\"070422_Rallye_07.jpg\" \/><\/a> <a rel=\"lightbox[roadtrip]\" target=\"_blank\" href=\"http:\/\/www.schoene-nachrichten.de\/wp-content\/uploads\/2007\/04\/070422_Rallye_08.jpg\" title=\"Foto: Marco Hellwig\"><img decoding=\"async\" width=\"128\" src=\"http:\/\/www.schoene-nachrichten.de\/wp-content\/uploads\/2007\/04\/070422_Rallye_08.thumbnail.jpg\" alt=\"070422_Rallye_08.jpg\" \/><\/a> <a rel=\"lightbox[roadtrip]\" target=\"_blank\" href=\"http:\/\/www.schoene-nachrichten.de\/wp-content\/uploads\/2007\/04\/070422_Rallye_09.jpg\" title=\"Foto: Marco Hellwig\"><img decoding=\"async\" width=\"128\" src=\"http:\/\/www.schoene-nachrichten.de\/wp-content\/uploads\/2007\/04\/070422_Rallye_09.thumbnail.jpg\" alt=\"070422_Rallye_09.jpg\" \/><\/a><\/p>\n<p>Als die in Monaco lebende Ellen Lohr mit Copilotin Antonia de Roissard mit ihrem Subaru Impreza WRX STI, die \u00fcbrigens zum ersten Mal einen DRM-Wertungslauf bestritten, an den Start gingen, z\u00fcndete die Firma JUP-Fireworks ein riesiges H\u00f6henfeuerwerk, welches die Zuschauer und vielleicht auch die Rallyepiloten begeisterte. Zwischenzeitlich wurde dem Feuerwerk mehr Aufmerksamkeit als den Fahrzeugen geschenkt.<\/p>\n<p><a rel=\"lightbox[roadtrip]\" target=\"_blank\" href=\"http:\/\/www.schoene-nachrichten.de\/wp-content\/uploads\/2007\/04\/070422_Rallye_10.jpg\" title=\"Foto: Marco Hellwig\"><img decoding=\"async\" width=\"128\" src=\"http:\/\/www.schoene-nachrichten.de\/wp-content\/uploads\/2007\/04\/070422_Rallye_10.thumbnail.jpg\" alt=\"070422_Rallye_10.jpg\" \/><\/a> <a rel=\"lightbox[roadtrip]\" target=\"_blank\" href=\"http:\/\/www.schoene-nachrichten.de\/wp-content\/uploads\/2007\/04\/070422_Rallye_11.jpg\" title=\"Foto: Marco Hellwig\"><img decoding=\"async\" width=\"128\" src=\"http:\/\/www.schoene-nachrichten.de\/wp-content\/uploads\/2007\/04\/070422_Rallye_11.thumbnail.jpg\" alt=\"070422_Rallye_11.jpg\" \/><\/a> <a rel=\"lightbox[roadtrip]\" target=\"_blank\" href=\"http:\/\/www.schoene-nachrichten.de\/wp-content\/uploads\/2007\/04\/070422_Rallye_12.jpg\" title=\"Foto: Marco Hellwig\"><img decoding=\"async\" width=\"128\" src=\"http:\/\/www.schoene-nachrichten.de\/wp-content\/uploads\/2007\/04\/070422_Rallye_12.thumbnail.jpg\" alt=\"070422_Rallye_12.jpg\" \/><\/a><\/p>\n<p>Bei den Lokalmatadoren aus Willofs, dem Team Uwe Kiehm\/Alexander D\u00f6ring auf ihrem Opel Kadett C-Coup\u00e9, war die Freude auf den Freitagabend gro\u00df, da sie vor dem mitfiebernden heimischen Publikum den Rundkurs als 15. in der Gesamtwertung beendeten.<\/p>\n<p><a rel=\"lightbox[roadtrip]\" target=\"_blank\" href=\"http:\/\/www.schoene-nachrichten.de\/wp-content\/uploads\/2007\/04\/070422_Rallye_13.jpg\" title=\"Foto: Marco Hellwig\"><img decoding=\"async\" width=\"128\" src=\"http:\/\/www.schoene-nachrichten.de\/wp-content\/uploads\/2007\/04\/070422_Rallye_13.thumbnail.jpg\" alt=\"070422_Rallye_13.jpg\" \/><\/a> <a rel=\"lightbox[roadtrip]\" target=\"_blank\" href=\"http:\/\/www.schoene-nachrichten.de\/wp-content\/uploads\/2007\/04\/070422_Rallye_14.jpg\" title=\"Foto: Marco Hellwig\"><img decoding=\"async\" width=\"128\" src=\"http:\/\/www.schoene-nachrichten.de\/wp-content\/uploads\/2007\/04\/070422_Rallye_14.thumbnail.jpg\" alt=\"070422_Rallye_14.jpg\" \/><\/a> <a rel=\"lightbox[roadtrip]\" target=\"_blank\" href=\"http:\/\/www.schoene-nachrichten.de\/wp-content\/uploads\/2007\/04\/070422_Rallye_15.jpg\" title=\"Foto: Marco Hellwig\"><img decoding=\"async\" width=\"128\" src=\"http:\/\/www.schoene-nachrichten.de\/wp-content\/uploads\/2007\/04\/070422_Rallye_15.thumbnail.jpg\" alt=\"070422_Rallye_15.jpg\" \/><\/a><\/p>\n<p>Am Samstagmorgen startete um 07:46 Uhr auf einer L\u00e4nge von 10,4 Kilometern die WP2 \u201eStehr Special Stage I\u201c mit dem Ziel in K\u00f6ddingen. Die Ortsdurchfahrt Windhausen erreichten die Teams nahezu mit Vollgas. Nach einigen leichten Kurven f\u00fchrt eine lang gezogene Rechtskurve in den Ortskern. Eine anschlie\u00dfende scharfe Linkskurve verlangte von den Fahrern eine exakte Fahrzeugbeherrschung. Auf dieser Pr\u00fcfung mussten Norbert Moufang und Susanna Kr\u00e4mer (Opel Kadett C Coup\u00e9) sowie Dominik Port und Bj\u00f6rn R\u00f6hm (Citroen Saxo) ihre Fahrzeuge mit technischen Defekten abstellen.<\/p>\n<p><a rel=\"lightbox[roadtrip]\" target=\"_blank\" href=\"http:\/\/www.schoene-nachrichten.de\/wp-content\/uploads\/2007\/04\/070422_Rallye_16.jpg\" title=\"Foto: Marco Hellwig\"><img decoding=\"async\" width=\"128\" src=\"http:\/\/www.schoene-nachrichten.de\/wp-content\/uploads\/2007\/04\/070422_Rallye_16.thumbnail.jpg\" alt=\"070422_Rallye_16.jpg\" \/><\/a> <a rel=\"lightbox[roadtrip]\" target=\"_blank\" href=\"http:\/\/www.schoene-nachrichten.de\/wp-content\/uploads\/2007\/04\/070422_Rallye_17.jpg\" title=\"Foto: Marco Hellwig\"><img decoding=\"async\" width=\"128\" src=\"http:\/\/www.schoene-nachrichten.de\/wp-content\/uploads\/2007\/04\/070422_Rallye_17.thumbnail.jpg\" alt=\"070422_Rallye_17.jpg\" \/><\/a> <a rel=\"lightbox[roadtrip]\" target=\"_blank\" href=\"http:\/\/www.schoene-nachrichten.de\/wp-content\/uploads\/2007\/04\/070422_Rallye_18.jpg\" title=\"Foto: Marco Hellwig\"><img decoding=\"async\" width=\"128\" src=\"http:\/\/www.schoene-nachrichten.de\/wp-content\/uploads\/2007\/04\/070422_Rallye_18.thumbnail.jpg\" alt=\"070422_Rallye_18.jpg\" \/><\/a><\/p>\n<p>Anschlie\u00dfend ging es zum legend\u00e4ren Schottenring, wo der Start zur 27,1 Kilometer langen Wertungspr\u00fcfung am Flugplatz G\u00f6tzen oberhalb Schottens, stattfand. Sicherlich stellte diese Pr\u00fcfung die K\u00f6nigsetappe der gesamten Rallye dar, weil hier die Ausfallquote am h\u00f6chsten war.<\/p>\n<p><a rel=\"lightbox[roadtrip]\" target=\"_blank\" href=\"http:\/\/www.schoene-nachrichten.de\/wp-content\/uploads\/2007\/04\/070422_Rallye_19.jpg\" title=\"Foto: Marco Hellwig\"><img decoding=\"async\" width=\"128\" src=\"http:\/\/www.schoene-nachrichten.de\/wp-content\/uploads\/2007\/04\/070422_Rallye_19.thumbnail.jpg\" alt=\"070422_Rallye_19.jpg\" \/><\/a> <a rel=\"lightbox[roadtrip]\" target=\"_blank\" href=\"http:\/\/www.schoene-nachrichten.de\/wp-content\/uploads\/2007\/04\/070422_Rallye_20.jpg\" title=\"Foto: Marco Hellwig\"><img decoding=\"async\" width=\"128\" src=\"http:\/\/www.schoene-nachrichten.de\/wp-content\/uploads\/2007\/04\/070422_Rallye_20.thumbnail.jpg\" alt=\"070422_Rallye_20.jpg\" \/><\/a> <a rel=\"lightbox[roadtrip]\" target=\"_blank\" href=\"http:\/\/www.schoene-nachrichten.de\/wp-content\/uploads\/2007\/04\/070422_Rallye_21.jpg\" title=\"Foto: Marco Hellwig\"><img decoding=\"async\" width=\"128\" src=\"http:\/\/www.schoene-nachrichten.de\/wp-content\/uploads\/2007\/04\/070422_Rallye_21.thumbnail.jpg\" alt=\"070422_Rallye_21.jpg\" \/><\/a><\/p>\n<p>Unter anderem erwischte es hier das Team Werner\/Edelmann auf ihrem Porsche 911 GT3 die bis zu diesem Zeitpunkt zu den Favoriten z\u00e4hlten. Sie mussten den Porsche nach einem Ausrutscher in den Graben neben der Strecke abstellen. Weitere Ausf\u00e4lle in Schotten waren Ellen Lohr und Antonia de Roissard (Subaru WRX STI), die Gebr\u00fcder Schmidtmeister (BMW 320is), Daniel Rexhausen und Klaus Schmidt (Mitsubishi EVO Lancer), Horst Rotter und Volker Schmidt (Opel Astra H GTC), Andreas Gutbier und Matthias Winning (VW Golf GTI 16V) und Benjamin Scheller und Sebastian Suhr aus Fulda (Citroen C2).<\/p>\n<p><a rel=\"lightbox[roadtrip]\" target=\"_blank\" href=\"http:\/\/www.schoene-nachrichten.de\/wp-content\/uploads\/2007\/04\/070422_Rallye_22.jpg\" title=\"Foto: Max Colin Heydenreich\"><img decoding=\"async\" width=\"128\" src=\"http:\/\/www.schoene-nachrichten.de\/wp-content\/uploads\/2007\/04\/070422_Rallye_22.thumbnail.jpg\" alt=\"070422_Rallye_22.jpg\" \/><\/a> <a rel=\"lightbox[roadtrip]\" target=\"_blank\" href=\"http:\/\/www.schoene-nachrichten.de\/wp-content\/uploads\/2007\/04\/070422_Rallye_23.jpg\" title=\"Foto: Max Colin Heydenreich\"><img decoding=\"async\" width=\"128\" src=\"http:\/\/www.schoene-nachrichten.de\/wp-content\/uploads\/2007\/04\/070422_Rallye_23.thumbnail.jpg\" alt=\"070422_Rallye_23.jpg\" \/><\/a> <a rel=\"lightbox[roadtrip]\" target=\"_blank\" href=\"http:\/\/www.schoene-nachrichten.de\/wp-content\/uploads\/2007\/04\/070422_Rallye_24.jpg\" title=\"Foto: Max Colin Heydenreich\"><img decoding=\"async\" width=\"128\" src=\"http:\/\/www.schoene-nachrichten.de\/wp-content\/uploads\/2007\/04\/070422_Rallye_24.thumbnail.jpg\" alt=\"070422_Rallye_24.jpg\" \/><\/a><\/p>\n<p>Als n\u00e4chste Pr\u00fcfung mussten die Teams die Wertungspr\u00fcfung \u201eAudi-Zentrum Fulda\u201c mit einer L\u00e4nge von 10,5 Kilometern unter die R\u00e4der nehmen. Die darauf folgende Wertungspr\u00fcfung \u201eNiederaula\u201c mit einer L\u00e4nge von 16 Kilometern, die von Kleba \u00fcber Hattenbach, Niederjossa bis nach Niederaula ausschlie\u00dflich \u00fcber Wirtschafts- und Waldwege f\u00fchrte.<\/p>\n<p><a rel=\"lightbox[roadtrip]\" target=\"_blank\" href=\"http:\/\/www.schoene-nachrichten.de\/wp-content\/uploads\/2007\/04\/070422_Rallye_25.jpg\" title=\"Foto: Max Colin Heydenreich\"><img decoding=\"async\" width=\"128\" src=\"http:\/\/www.schoene-nachrichten.de\/wp-content\/uploads\/2007\/04\/070422_Rallye_25.thumbnail.jpg\" alt=\"070422_Rallye_25.jpg\" \/><\/a> <a rel=\"lightbox[roadtrip]\" target=\"_blank\" href=\"http:\/\/www.schoene-nachrichten.de\/wp-content\/uploads\/2007\/04\/070422_Rallye_26.jpg\" title=\"Foto: Max Colin Heydenreich\"><img decoding=\"async\" width=\"128\" src=\"http:\/\/www.schoene-nachrichten.de\/wp-content\/uploads\/2007\/04\/070422_Rallye_26.thumbnail.jpg\" alt=\"070422_Rallye_26.jpg\" \/><\/a> <a rel=\"lightbox[roadtrip]\" target=\"_blank\" href=\"http:\/\/www.schoene-nachrichten.de\/wp-content\/uploads\/2007\/04\/070422_Rallye_27.jpg\" title=\"Foto: Max Colin Heydenreich\"><img decoding=\"async\" width=\"128\" src=\"http:\/\/www.schoene-nachrichten.de\/wp-content\/uploads\/2007\/04\/070422_Rallye_27.thumbnail.jpg\" alt=\"070422_Rallye_27.jpg\" \/><\/a><\/p>\n<p>Laut Angaben der Fahrer war dies eine der attraktivsten Wertungspr\u00fcfungen im gesamten Rallyegeschehen. Auch hier gab es nat\u00fcrlich wieder einige Ausf\u00e4lle. Das Duo Christian Wohlfahrt aus Lauterbach und Heiko Steinacker aus Schlitz mussten ihren Mitsubishi Lancer EVO VI abstellen.<\/p>\n<p><a rel=\"lightbox[roadtrip]\" target=\"_blank\" href=\"http:\/\/www.schoene-nachrichten.de\/wp-content\/uploads\/2007\/04\/070422_Rallye_28.jpg\" title=\"Foto: Max Colin Heydenreich\"><img decoding=\"async\" width=\"128\" src=\"http:\/\/www.schoene-nachrichten.de\/wp-content\/uploads\/2007\/04\/070422_Rallye_28.thumbnail.jpg\" alt=\"070422_Rallye_28.jpg\" \/><\/a> <a rel=\"lightbox[roadtrip]\" target=\"_blank\" href=\"http:\/\/www.schoene-nachrichten.de\/wp-content\/uploads\/2007\/04\/070422_Rallye_29.jpg\" title=\"Foto: Max Colin Heydenreich\"><img decoding=\"async\" width=\"128\" src=\"http:\/\/www.schoene-nachrichten.de\/wp-content\/uploads\/2007\/04\/070422_Rallye_29.thumbnail.jpg\" alt=\"070422_Rallye_29.jpg\" \/><\/a> <a rel=\"lightbox[roadtrip]\" target=\"_blank\" href=\"http:\/\/www.schoene-nachrichten.de\/wp-content\/uploads\/2007\/04\/070422_Rallye_30.jpg\" title=\"Foto: Max Colin Heydenreich\"><img decoding=\"async\" width=\"128\" src=\"http:\/\/www.schoene-nachrichten.de\/wp-content\/uploads\/2007\/04\/070422_Rallye_30.thumbnail.jpg\" alt=\"070422_Rallye_30.jpg\" \/><\/a><\/p>\n<p>Das Gesamtergebnis der Rallye setzt sich wie folgt zusammen: Nach insgesamt 138,2 WP-Kilometern fuhr das Team Hermann Gassner und Siegfried Schrankl (Mitsubishi EVO) gefolgt von Sandro Wallenwein und Pauli Zeitlhofer (Subaru Impreza WRX STI) und den Drittplatzierten Stefan Schneppenheim und Hans-Joachim Grimmberg (Mitsubishi EVO VIII) in Schlitz \u00fcber die Zielrampe.<\/p>\n<p><a rel=\"lightbox[roadtrip]\" target=\"_blank\" href=\"http:\/\/www.schoene-nachrichten.de\/wp-content\/uploads\/2007\/04\/070422_Rallye_31.jpg\" title=\"Foto: Max Colin Heydenreich\"><img decoding=\"async\" width=\"128\" src=\"http:\/\/www.schoene-nachrichten.de\/wp-content\/uploads\/2007\/04\/070422_Rallye_31.thumbnail.jpg\" alt=\"070422_Rallye_31.jpg\" \/><\/a> <a rel=\"lightbox[roadtrip]\" target=\"_blank\" href=\"http:\/\/www.schoene-nachrichten.de\/wp-content\/uploads\/2007\/04\/070422_Rallye_32.jpg\" title=\"Foto: Max Colin Heydenreich\"><img decoding=\"async\" width=\"128\" src=\"http:\/\/www.schoene-nachrichten.de\/wp-content\/uploads\/2007\/04\/070422_Rallye_32.thumbnail.jpg\" alt=\"070422_Rallye_32.jpg\" \/><\/a> <a rel=\"lightbox[roadtrip]\" target=\"_blank\" href=\"http:\/\/www.schoene-nachrichten.de\/wp-content\/uploads\/2007\/04\/070422_Rallye_33.jpg\" title=\"Foto: Max Colin Heydenreich\"><img decoding=\"async\" width=\"128\" src=\"http:\/\/www.schoene-nachrichten.de\/wp-content\/uploads\/2007\/04\/070422_Rallye_33.thumbnail.jpg\" alt=\"070422_Rallye_33.jpg\" \/><\/a><\/p>\n<p>Der von J\u00fcrgen Stehr unterst\u00fctzte Porsche 911 GT3 RS von Olaf Dobberkau und Helmar Hinneberg belegte den 6. Rang, dicht gefolgt von Carsten Alexy und Karlheinz Knaus (Audi S2 Quattro) die auf Platz 8 landeten. Das f\u00fcr den AMC Hungen startende Team Marco Koch und Stefan Assmann auf ihrem giftgr\u00fcnen Opel Kadett C Coup\u00e9 fuhr auf Platz 9. Elfte wurde das Schlitzer Duo Michael Rausch und Thomas Sch\u00e4fer mit ihrem Opel Ascona B 16V, das f\u00fcr den AC Schlitz startete.<\/p>\n<p><a rel=\"lightbox[roadtrip]\" target=\"_blank\" href=\"http:\/\/www.schoene-nachrichten.de\/wp-content\/uploads\/2007\/04\/070422_Rallye_34.jpg\" title=\"Foto: Max Colin Heydenreich\"><img decoding=\"async\" width=\"128\" src=\"http:\/\/www.schoene-nachrichten.de\/wp-content\/uploads\/2007\/04\/070422_Rallye_34.thumbnail.jpg\" alt=\"070422_Rallye_34.jpg\" \/><\/a> <a rel=\"lightbox[roadtrip]\" target=\"_blank\" href=\"http:\/\/www.schoene-nachrichten.de\/wp-content\/uploads\/2007\/04\/070422_Rallye_35.jpg\" title=\"Foto: Max Colin Heydenreich\"><img decoding=\"async\" width=\"128\" src=\"http:\/\/www.schoene-nachrichten.de\/wp-content\/uploads\/2007\/04\/070422_Rallye_35.thumbnail.jpg\" alt=\"070422_Rallye_35.jpg\" \/><\/a> <a rel=\"lightbox[roadtrip]\" target=\"_blank\" href=\"http:\/\/www.schoene-nachrichten.de\/wp-content\/uploads\/2007\/04\/070422_Rallye_36.jpg\" title=\"Foto: Max Colin Heydenreich\"><img decoding=\"async\" width=\"128\" src=\"http:\/\/www.schoene-nachrichten.de\/wp-content\/uploads\/2007\/04\/070422_Rallye_36.thumbnail.jpg\" alt=\"070422_Rallye_36.jpg\" \/><\/a><\/p>\n<p>Das VW Golf III Kitcar von Armin Holz und Sebastian Geipel belegten den 14. Rang. Platz 16 ging an Uwe Kiehm und Alexander D\u00f6ring (SFG Vogelsberg) auf dem Opel Kadett C Coup\u00e9 16V. Die Dieselklasse wurde von Markus Moufang und Hartmut Walch auf BMW 120d vor den zeitplatzierten Siegfried Steinacker aus Bernshausen und Dag Schmitt aus Fulda (VW Golf IV TDI) angef\u00fchrt.<\/p>\n<p><a rel=\"lightbox[roadtrip]\" target=\"_blank\" href=\"http:\/\/www.schoene-nachrichten.de\/wp-content\/uploads\/2007\/04\/070422_Rallye_37.jpg\" title=\"Foto: Max Colin Heydenreich\"><img decoding=\"async\" width=\"128\" src=\"http:\/\/www.schoene-nachrichten.de\/wp-content\/uploads\/2007\/04\/070422_Rallye_37.thumbnail.jpg\" alt=\"070422_Rallye_37.jpg\" \/><\/a> <a rel=\"lightbox[roadtrip]\" target=\"_blank\" href=\"http:\/\/www.schoene-nachrichten.de\/wp-content\/uploads\/2007\/04\/070422_Rallye_38.jpg\" title=\"Foto: Max Colin Heydenreich\"><img decoding=\"async\" width=\"128\" src=\"http:\/\/www.schoene-nachrichten.de\/wp-content\/uploads\/2007\/04\/070422_Rallye_38.thumbnail.jpg\" alt=\"070422_Rallye_38.jpg\" \/><\/a> <a rel=\"lightbox[roadtrip]\" target=\"_blank\" href=\"http:\/\/www.schoene-nachrichten.de\/wp-content\/uploads\/2007\/04\/070422_Rallye_39.jpg\" title=\"Foto: Max Colin Heydenreich\"><img decoding=\"async\" width=\"128\" src=\"http:\/\/www.schoene-nachrichten.de\/wp-content\/uploads\/2007\/04\/070422_Rallye_39.thumbnail.jpg\" alt=\"070422_Rallye_39.jpg\" \/><\/a><\/p>\n<p>Der aus Heringen stammende Bj\u00f6rn Mohr und Oliver Becker aus Oberjossa fuhren einen souver\u00e4nen Klassensieg sowie den 51. Gesamtrang der Rallye mit ihrem Rennbr\u00f6tchen ein. Die f\u00fcr das Team DMV gestarteten J\u00f6rg Schuhej aus Fulda und Tanja Timmer aus Schwalmstadt, mit ihrem Opel Astra GSI 16V, belegten den 63. Gesamtrang und wurden dritte in ihrer Klasse.<\/p>\n<p><a rel=\"lightbox[roadtrip]\" target=\"_blank\" href=\"http:\/\/www.schoene-nachrichten.de\/wp-content\/uploads\/2007\/04\/070422_Rallye_49.jpg\" title=\"Foto: Max Colin Heydenreich\"><img decoding=\"async\" width=\"128\" src=\"http:\/\/www.schoene-nachrichten.de\/wp-content\/uploads\/2007\/04\/070422_Rallye_49.thumbnail.jpg\" alt=\"070422_Rallye_49.jpg\" \/><\/a> <a rel=\"lightbox[roadtrip]\" target=\"_blank\" href=\"http:\/\/www.schoene-nachrichten.de\/wp-content\/uploads\/2007\/04\/070422_Rallye_50.jpg\" title=\"Foto: Max Colin Heydenreich\"><img decoding=\"async\" width=\"128\" src=\"http:\/\/www.schoene-nachrichten.de\/wp-content\/uploads\/2007\/04\/070422_Rallye_50.thumbnail.jpg\" alt=\"070422_Rallye_50.jpg\" \/><\/a> <a rel=\"lightbox[roadtrip]\" target=\"_blank\" href=\"http:\/\/www.schoene-nachrichten.de\/wp-content\/uploads\/2007\/04\/070422_Rallye_51.jpg\" title=\"Foto: Max Colin Heydenreich\"><img decoding=\"async\" width=\"128\" src=\"http:\/\/www.schoene-nachrichten.de\/wp-content\/uploads\/2007\/04\/070422_Rallye_51.thumbnail.jpg\" alt=\"070422_Rallye_51.jpg\" \/><\/a><\/p>\n<p>Alle Ergebnisse sind unter <a target=\"_blank\" href=\"http:\/\/www.rallye-vogelsberg.de\/\">http:\/\/www.rallye-vogelsberg.de\/<\/a> zu finden.<\/p>\n<p><a rel=\"lightbox[roadtrip]\" target=\"_blank\" href=\"http:\/\/www.schoene-nachrichten.de\/wp-content\/uploads\/2007\/04\/070422_Rallye_40.jpg\" title=\"Foto: Max Colin Heydenreich\"><img decoding=\"async\" width=\"128\" src=\"http:\/\/www.schoene-nachrichten.de\/wp-content\/uploads\/2007\/04\/070422_Rallye_40.thumbnail.jpg\" alt=\"070422_Rallye_40.jpg\" \/><\/a> <a rel=\"lightbox[roadtrip]\" target=\"_blank\" href=\"http:\/\/www.schoene-nachrichten.de\/wp-content\/uploads\/2007\/04\/070422_Rallye_41.jpg\" title=\"Foto: Max Colin Heydenreich\"><img decoding=\"async\" width=\"128\" src=\"http:\/\/www.schoene-nachrichten.de\/wp-content\/uploads\/2007\/04\/070422_Rallye_41.thumbnail.jpg\" alt=\"070422_Rallye_41.jpg\" \/><\/a> <a rel=\"lightbox[roadtrip]\" target=\"_blank\" href=\"http:\/\/www.schoene-nachrichten.de\/wp-content\/uploads\/2007\/04\/070422_Rallye_42.jpg\" title=\"Foto: Max Colin Heydenreich\"><img decoding=\"async\" width=\"128\" src=\"http:\/\/www.schoene-nachrichten.de\/wp-content\/uploads\/2007\/04\/070422_Rallye_42.thumbnail.jpg\" alt=\"070422_Rallye_42.jpg\" \/><\/a><\/p>\n<p>Den Veranstaltern ist auch dieses Jahr wieder ein reibungsloser Ablauf der ADAC Hessen-Rallye Vogelsberg gelungen und man kann ihnen nur w\u00fcnschen, dass im n\u00e4chsten Jahr die DRM zur gro\u00dfen Freude der Zuschauer und Teams wieder in Schlitz gastieren wird.<\/p>\n<p><a rel=\"lightbox[roadtrip]\" target=\"_blank\" href=\"http:\/\/www.schoene-nachrichten.de\/wp-content\/uploads\/2007\/04\/070422_Rallye_46.jpg\" title=\"Foto: Max Colin Heydenreich\"><img decoding=\"async\" width=\"128\" src=\"http:\/\/www.schoene-nachrichten.de\/wp-content\/uploads\/2007\/04\/070422_Rallye_46.thumbnail.jpg\" alt=\"070422_Rallye_46.jpg\" \/><\/a> <a rel=\"lightbox[roadtrip]\" target=\"_blank\" href=\"http:\/\/www.schoene-nachrichten.de\/wp-content\/uploads\/2007\/04\/070422_Rallye_47.jpg\" title=\"Foto: Max Colin Heydenreich\"><img decoding=\"async\" width=\"128\" src=\"http:\/\/www.schoene-nachrichten.de\/wp-content\/uploads\/2007\/04\/070422_Rallye_47.thumbnail.jpg\" alt=\"070422_Rallye_47.jpg\" \/><\/a> <a rel=\"lightbox[roadtrip]\" target=\"_blank\" href=\"http:\/\/www.schoene-nachrichten.de\/wp-content\/uploads\/2007\/04\/070422_Rallye_48.jpg\" title=\"Foto: Max Colin Heydenreich\"><img decoding=\"async\" width=\"128\" src=\"http:\/\/www.schoene-nachrichten.de\/wp-content\/uploads\/2007\/04\/070422_Rallye_48.thumbnail.jpg\" alt=\"070422_Rallye_48.jpg\" \/><\/a><\/p>\n<p><a rel=\"lightbox[roadtrip]\" target=\"_blank\" href=\"http:\/\/www.schoene-nachrichten.de\/wp-content\/uploads\/2007\/04\/070422_Rallye_43.jpg\" title=\"Foto: Max Colin Heydenreich\"><img decoding=\"async\" width=\"128\" src=\"http:\/\/www.schoene-nachrichten.de\/wp-content\/uploads\/2007\/04\/070422_Rallye_43.thumbnail.jpg\" alt=\"070422_Rallye_43.jpg\" \/><\/a> <a rel=\"lightbox[roadtrip]\" target=\"_blank\" href=\"http:\/\/www.schoene-nachrichten.de\/wp-content\/uploads\/2007\/04\/070422_Rallye_44.jpg\" title=\"Foto: Max Colin Heydenreich\"><img decoding=\"async\" width=\"128\" src=\"http:\/\/www.schoene-nachrichten.de\/wp-content\/uploads\/2007\/04\/070422_Rallye_44.thumbnail.jpg\" alt=\"070422_Rallye_44.jpg\" \/><\/a> <a rel=\"lightbox[roadtrip]\" target=\"_blank\" href=\"http:\/\/www.schoene-nachrichten.de\/wp-content\/uploads\/2007\/04\/070422_Rallye_45.jpg\" title=\"Foto: Max Colin Heydenreich\"><img decoding=\"async\" width=\"128\" src=\"http:\/\/www.schoene-nachrichten.de\/wp-content\/uploads\/2007\/04\/070422_Rallye_45.thumbnail.jpg\" alt=\"070422_Rallye_45.jpg\" \/><\/a><\/p>\n<p><a rel=\"lightbox[roadtrip]\" target=\"_blank\" href=\"http:\/\/www.schoene-nachrichten.de\/wp-content\/uploads\/2007\/04\/070422_Rallye_52.jpg\" title=\"Foto: Max Colin Heydenreich\"><img decoding=\"async\" width=\"128\" src=\"http:\/\/www.schoene-nachrichten.de\/wp-content\/uploads\/2007\/04\/070422_Rallye_52.thumbnail.jpg\" alt=\"070422_Rallye_52.jpg\" \/><\/a> <a rel=\"lightbox[roadtrip]\" target=\"_blank\" href=\"http:\/\/www.schoene-nachrichten.de\/wp-content\/uploads\/2007\/04\/070422_Rallye_53.jpg\" title=\"Foto: Max Colin Heydenreich\"><img decoding=\"async\" width=\"128\" src=\"http:\/\/www.schoene-nachrichten.de\/wp-content\/uploads\/2007\/04\/070422_Rallye_53.thumbnail.jpg\" alt=\"070422_Rallye_53.jpg\" \/><\/a> <a rel=\"lightbox[roadtrip]\" target=\"_blank\" href=\"http:\/\/www.schoene-nachrichten.de\/wp-content\/uploads\/2007\/04\/070422_Rallye_54.jpg\" title=\"Foto: Max Colin Heydenreich\"><img decoding=\"async\" width=\"128\" src=\"http:\/\/www.schoene-nachrichten.de\/wp-content\/uploads\/2007\/04\/070422_Rallye_54.thumbnail.jpg\" alt=\"070422_Rallye_54.jpg\" \/><\/a><\/p>\n<p><a rel=\"lightbox[roadtrip]\" target=\"_blank\" href=\"http:\/\/www.schoene-nachrichten.de\/wp-content\/uploads\/2007\/04\/070422_Rallye_55.jpg\" title=\"Foto: Max Colin Heydenreich\"><img decoding=\"async\" width=\"128\" src=\"http:\/\/www.schoene-nachrichten.de\/wp-content\/uploads\/2007\/04\/070422_Rallye_55.thumbnail.jpg\" alt=\"070422_Rallye_55.jpg\" \/><\/a> <a rel=\"lightbox[roadtrip]\" target=\"_blank\" href=\"http:\/\/www.schoene-nachrichten.de\/wp-content\/uploads\/2007\/04\/070422_Rallye_56.jpg\" title=\"Foto: Max Colin Heydenreich\"><img decoding=\"async\" width=\"128\" src=\"http:\/\/www.schoene-nachrichten.de\/wp-content\/uploads\/2007\/04\/070422_Rallye_56.thumbnail.jpg\" alt=\"070422_Rallye_56.jpg\" \/><\/a> <a rel=\"lightbox[roadtrip]\" target=\"_blank\" href=\"http:\/\/www.schoene-nachrichten.de\/wp-content\/uploads\/2007\/04\/070422_Rallye_57.jpg\" title=\"Foto: Max Colin Heydenreich\"><img decoding=\"async\" width=\"128\" src=\"http:\/\/www.schoene-nachrichten.de\/wp-content\/uploads\/2007\/04\/070422_Rallye_57.thumbnail.jpg\" alt=\"070422_Rallye_57.jpg\" \/><\/a><\/p>\n<p><a rel=\"lightbox[roadtrip]\" target=\"_blank\" href=\"http:\/\/www.schoene-nachrichten.de\/wp-content\/uploads\/2007\/04\/070422_Rallye_58.jpg\" title=\"Foto: Max Colin Heydenreich\"><img decoding=\"async\" width=\"128\" src=\"http:\/\/www.schoene-nachrichten.de\/wp-content\/uploads\/2007\/04\/070422_Rallye_58.thumbnail.jpg\" alt=\"070422_Rallye_58.jpg\" \/><\/a> <a rel=\"lightbox[roadtrip]\" target=\"_blank\" href=\"http:\/\/www.schoene-nachrichten.de\/wp-content\/uploads\/2007\/04\/070422_Rallye_59.jpg\" title=\"Foto: Max Colin Heydenreich\"><img decoding=\"async\" width=\"128\" src=\"http:\/\/www.schoene-nachrichten.de\/wp-content\/uploads\/2007\/04\/070422_Rallye_59.thumbnail.jpg\" alt=\"070422_Rallye_59.jpg\" \/><\/a> <a rel=\"lightbox[roadtrip]\" target=\"_blank\" href=\"http:\/\/www.schoene-nachrichten.de\/wp-content\/uploads\/2007\/04\/070422_Rallye_60.jpg\" title=\"Foto: Max Colin Heydenreich\"><img decoding=\"async\" width=\"128\" src=\"http:\/\/www.schoene-nachrichten.de\/wp-content\/uploads\/2007\/04\/070422_Rallye_60.thumbnail.jpg\" alt=\"070422_Rallye_60.jpg\" \/><\/a><\/p>\n<p><a rel=\"lightbox[roadtrip]\" target=\"_blank\" href=\"http:\/\/www.schoene-nachrichten.de\/wp-content\/uploads\/2007\/04\/070422_Rallye_61.jpg\" title=\"Foto: Max Colin Heydenreich\"><img decoding=\"async\" width=\"128\" src=\"http:\/\/www.schoene-nachrichten.de\/wp-content\/uploads\/2007\/04\/070422_Rallye_61.thumbnail.jpg\" alt=\"070422_Rallye_61.jpg\" \/><\/a> <a rel=\"lightbox[roadtrip]\" target=\"_blank\" href=\"http:\/\/www.schoene-nachrichten.de\/wp-content\/uploads\/2007\/04\/070422_Rallye_62.jpg\" title=\"Foto: Max Colin Heydenreich\"><img decoding=\"async\" width=\"128\" src=\"http:\/\/www.schoene-nachrichten.de\/wp-content\/uploads\/2007\/04\/070422_Rallye_62.thumbnail.jpg\" alt=\"070422_Rallye_62.jpg\" \/><\/a> <a rel=\"lightbox[roadtrip]\" target=\"_blank\" href=\"http:\/\/www.schoene-nachrichten.de\/wp-content\/uploads\/2007\/04\/070422_Rallye_63.jpg\" title=\"Foto: Max Colin Heydenreich\"><img decoding=\"async\" width=\"128\" src=\"http:\/\/www.schoene-nachrichten.de\/wp-content\/uploads\/2007\/04\/070422_Rallye_63.thumbnail.jpg\" alt=\"070422_Rallye_63.jpg\" \/><\/a><\/p>\n","protected":false},"excerpt":{"rendered":"<div class=\"tmnf_excerpt\"><p>Sch\u00f6nes aus Schlitz. Am vergangenen Wochenende fand rund um Schlitz der Auftakt zur Deutschen Rallyemeisterschaft 2007 statt. Fast 100 Teams aus 11 Nationen fanden den Weg ins Rallyezentrum nach Schlitz. Bei wundersch\u00f6nem Rallyewetter begann die Jagd nach den Zeiten am legend\u00e4ren Rundkurs in Willofs. Fotos (63) und Text: Marco Hellwig , Denny Rausch und Sebastian &hellip;<\/p>\n<\/div>","protected":false},"author":1,"featured_media":0,"comment_status":"closed","ping_status":"closed","sticky":false,"template":"","format":"standard","meta":{"footnotes":""},"categories":[1,35,54,46],"tags":[],"class_list":["post-2722","post","type-post","status-publish","format-standard","hentry","category-startseite","category-auto","category-bildergalerien","category-sport"],"_links":{"self":[{"href":"https:\/\/www.fuldaernachrichten.de\/index.php?rest_route=\/wp\/v2\/posts\/2722","targetHints":{"allow":["GET"]}}],"collection":[{"href":"https:\/\/www.fuldaernachrichten.de\/index.php?rest_route=\/wp\/v2\/posts"}],"about":[{"href":"https:\/\/www.fuldaernachrichten.de\/index.php?rest_route=\/wp\/v2\/types\/post"}],"author":[{"embeddable":true,"href":"https:\/\/www.fuldaernachrichten.de\/index.php?rest_route=\/wp\/v2\/users\/1"}],"replies":[{"embeddable":true,"href":"https:\/\/www.fuldaernachrichten.de\/index.php?rest_route=%2Fwp%2Fv2%2Fcomments&post=2722"}],"version-history":[{"count":0,"href":"https:\/\/www.fuldaernachrichten.de\/index.php?rest_route=\/wp\/v2\/posts\/2722\/revisions"}],"wp:attachment":[{"href":"https:\/\/www.fuldaernachrichten.de\/index.php?rest_route=%2Fwp%2Fv2%2Fmedia&parent=2722"}],"wp:term":[{"taxonomy":"category","embeddable":true,"href":"https:\/\/www.fuldaernachrichten.de\/index.php?rest_route=%2Fwp%2Fv2%2Fcategories&post=2722"},{"taxonomy":"post_tag","embeddable":true,"href":"https:\/\/www.fuldaernachrichten.de\/index.php?rest_route=%2Fwp%2Fv2%2Ftags&post=2722"}],"curies":[{"name":"wp","href":"https:\/\/api.w.org\/{rel}","templated":true}]}}