{"id":2719,"date":"2007-04-22T00:22:36","date_gmt":"2007-04-21T22:22:36","guid":{"rendered":"http:\/\/www.schoene-nachrichten.de\/?p=2719"},"modified":"2007-04-22T00:28:46","modified_gmt":"2007-04-21T22:28:46","slug":"galeristen-verpassten-ihrem-stadtteil-ein-fruehjahrs-outfit","status":"publish","type":"post","link":"https:\/\/www.fuldaernachrichten.de\/?p=2719","title":{"rendered":"Galeristen verpassten Stadtteil ein Fr\u00fchjahrs-Outfit"},"content":{"rendered":"<p><strong>Sch\u00f6nes aus Fulda.<\/strong> Ger\u00fcstet mit Zangen, Stiefeln, Handschuhen und M\u00fcllbeuteln haben gestern mehr als 50 B\u00fcrgerinnen und B\u00fcrger der Fulda Galerie ihrem Stadtteil ein sauberes Fr\u00fchjahrs-Outfit verpasst. Unter Federf\u00fchrung von Renate Erdmann, Barbara Feret sowie Dr. Ulrich Arzt, Initiatoren der B\u00fcrgergruppe, wurden die neuen Wohnparks von Unrat befreit.<\/p>\n<p><strong>Fotos (15):<\/strong> Michael Liebsch<\/p>\n<p><a rel=\"lightbox[roadtrip]\" target=\"_blank\" href=\"http:\/\/www.schoene-nachrichten.de\/wp-content\/uploads\/2007\/04\/070422_Liebsch_08.jpg\" title=\"Foto: Michael Liebsch\"><img decoding=\"async\" width=\"128\" src=\"http:\/\/www.schoene-nachrichten.de\/wp-content\/uploads\/2007\/04\/070422_Liebsch_08.thumbnail.jpg\" alt=\"070422_Liebsch_08.jpg\" \/><\/a>\u00c2\u00a0<a rel=\"lightbox[roadtrip]\" target=\"_blank\" href=\"http:\/\/www.schoene-nachrichten.de\/wp-content\/uploads\/2007\/04\/070422_Liebsch_18.jpg\" title=\"Foto: Michael Liebsch\"><img decoding=\"async\" width=\"128\" src=\"http:\/\/www.schoene-nachrichten.de\/wp-content\/uploads\/2007\/04\/070422_Liebsch_18.thumbnail.jpg\" alt=\"070422_Liebsch_18.jpg\" \/><\/a> <a rel=\"lightbox[roadtrip]\" target=\"_blank\" href=\"http:\/\/www.schoene-nachrichten.de\/wp-content\/uploads\/2007\/04\/070422_Liebsch_16.jpg\" title=\"Foto: Michael Liebsch\"><img decoding=\"async\" width=\"128\" src=\"http:\/\/www.schoene-nachrichten.de\/wp-content\/uploads\/2007\/04\/070422_Liebsch_16.thumbnail.jpg\" alt=\"070422_Liebsch_16.jpg\" \/><\/a><\/p>\n<p><a rel=\"lightbox[roadtrip]\" target=\"_blank\" href=\"http:\/\/www.schoene-nachrichten.de\/wp-content\/uploads\/2007\/04\/070422_Liebsch_01.jpg\" title=\"Foto: Michael Liebsch\"><img decoding=\"async\" width=\"128\" src=\"http:\/\/www.schoene-nachrichten.de\/wp-content\/uploads\/2007\/04\/070422_Liebsch_01.thumbnail.jpg\" alt=\"070422_Liebsch_01.jpg\" \/><\/a>\u00c2\u00a0<a rel=\"lightbox[roadtrip]\" target=\"_blank\" href=\"http:\/\/www.schoene-nachrichten.de\/wp-content\/uploads\/2007\/04\/070422_Liebsch_02.jpg\" title=\"Foto: Michael Liebsch\"><img decoding=\"async\" width=\"128\" src=\"http:\/\/www.schoene-nachrichten.de\/wp-content\/uploads\/2007\/04\/070422_Liebsch_02.thumbnail.jpg\" alt=\"070422_Liebsch_02.jpg\" \/><\/a>\u00c2\u00a0<a rel=\"lightbox[roadtrip]\" target=\"_blank\" href=\"http:\/\/www.schoene-nachrichten.de\/wp-content\/uploads\/2007\/04\/070422_Liebsch_17.jpg\" title=\"Foto: Michael Liebsch\"><img decoding=\"async\" width=\"128\" src=\"http:\/\/www.schoene-nachrichten.de\/wp-content\/uploads\/2007\/04\/070422_Liebsch_17.thumbnail.jpg\" alt=\"070422_Liebsch_17.jpg\" \/><\/a><\/p>\n<p><!--more-->Der Einsatz war von Renate Erdmann und ihrem Team generalstabsm\u00e4\u00dfig geplant worden. Die Sauberfrauen und -m\u00e4nner aus dem neuen Stadtteil, darunter auch viele Jugendliche, sammelten zwei Stunden lang Plastik, Holz, Folien, Papier, Pappe, Glas, Textilien, Baumaterialien und vielerlei anderes Material. Es waren mehrere Schubkarren mit Sperrm\u00fcll zusammengekommen. Nach der Sammelarbeit konnten sich die flei\u00dfigen Sammler bei k\u00fchlen Getr\u00e4nken, Kaffee und S\u00fc\u00dfigkeiten von der anstrengenden Fr\u00fchjahrsaktion erholen und \u00fcber die \u201eFundst\u00fccke\u201c diskutieren.<\/p>\n<p><a rel=\"lightbox[roadtrip]\" target=\"_blank\" href=\"http:\/\/www.schoene-nachrichten.de\/wp-content\/uploads\/2007\/04\/070422_Liebsch_04.jpg\" title=\"Foto: Michael Liebsch\"><img decoding=\"async\" width=\"128\" src=\"http:\/\/www.schoene-nachrichten.de\/wp-content\/uploads\/2007\/04\/070422_Liebsch_04.thumbnail.jpg\" alt=\"070422_Liebsch_04.jpg\" \/><\/a>\u00c2\u00a0<a rel=\"lightbox[roadtrip]\" target=\"_blank\" href=\"http:\/\/www.schoene-nachrichten.de\/wp-content\/uploads\/2007\/04\/070422_Liebsch_05.jpg\" title=\"Foto: Michael Liebsch\"><img decoding=\"async\" width=\"128\" src=\"http:\/\/www.schoene-nachrichten.de\/wp-content\/uploads\/2007\/04\/070422_Liebsch_05.thumbnail.jpg\" alt=\"070422_Liebsch_05.jpg\" \/><\/a>\u00c2\u00a0<a rel=\"lightbox[roadtrip]\" target=\"_blank\" href=\"http:\/\/www.schoene-nachrichten.de\/wp-content\/uploads\/2007\/04\/070422_Liebsch_07.jpg\" title=\"Foto: Michael Liebsch\"><img decoding=\"async\" width=\"128\" src=\"http:\/\/www.schoene-nachrichten.de\/wp-content\/uploads\/2007\/04\/070422_Liebsch_07.thumbnail.jpg\" alt=\"070422_Liebsch_07.jpg\" \/><\/a><\/p>\n<p>Initiatorin Renate Erdmann freute sich \u00fcber die sehr gute Beteiligung. Der erste Stadtverordnete des neuen Stadtteils, Michael Liebsch, der ebenfalls an der Aktion beteiligt war, erkl\u00e4rte: &#8220;Das Engagement finde ich absolut toll, die rege Beteiligung hat mich beeindruckt. Aber diese und andere wilden M\u00fcllkippen und Ablagerungen, auch bei bereits vorgehaltenen Entsorgungsm\u00f6glichkeiten im Panoramawohnpark, m\u00fcssen einfach nicht sein.\u201c Denn alle Abf\u00e4lle k\u00f6nnten ohne gro\u00dfe Kosten, teilweise auch kostenlos, und ohne Aufwand in Fuldas Entsorgungseinrichtungen umweltfreundlich entsorgt werden.<\/p>\n<p><a rel=\"lightbox[roadtrip]\" target=\"_blank\" href=\"http:\/\/www.schoene-nachrichten.de\/wp-content\/uploads\/2007\/04\/070422_Liebsch_10.jpg\" title=\"Foto: Michael Liebsch\"><img decoding=\"async\" width=\"128\" src=\"http:\/\/www.schoene-nachrichten.de\/wp-content\/uploads\/2007\/04\/070422_Liebsch_10.thumbnail.jpg\" alt=\"070422_Liebsch_10.jpg\" \/><\/a>\u00c2\u00a0<a rel=\"lightbox[roadtrip]\" target=\"_blank\" href=\"http:\/\/www.schoene-nachrichten.de\/wp-content\/uploads\/2007\/04\/070422_Liebsch_11.jpg\" title=\"Foto: Michael Liebsch\"><img decoding=\"async\" width=\"128\" src=\"http:\/\/www.schoene-nachrichten.de\/wp-content\/uploads\/2007\/04\/070422_Liebsch_11.thumbnail.jpg\" alt=\"070422_Liebsch_11.jpg\" \/><\/a>\u00c2\u00a0<a rel=\"lightbox[roadtrip]\" target=\"_blank\" href=\"http:\/\/www.schoene-nachrichten.de\/wp-content\/uploads\/2007\/04\/070422_Liebsch_12.jpg\" title=\"Foto: Michael Liebsch\"><img decoding=\"async\" width=\"128\" src=\"http:\/\/www.schoene-nachrichten.de\/wp-content\/uploads\/2007\/04\/070422_Liebsch_12.thumbnail.jpg\" alt=\"070422_Liebsch_12.jpg\" \/><\/a><\/p>\n<p><a rel=\"lightbox[roadtrip]\" target=\"_blank\" href=\"http:\/\/www.schoene-nachrichten.de\/wp-content\/uploads\/2007\/04\/070422_Liebsch_09.jpg\" title=\"Foto: Michael Liebsch\"><img decoding=\"async\" width=\"128\" src=\"http:\/\/www.schoene-nachrichten.de\/wp-content\/uploads\/2007\/04\/070422_Liebsch_09.thumbnail.jpg\" alt=\"070422_Liebsch_09.jpg\" \/><\/a>\u00c2\u00a0<a rel=\"lightbox[roadtrip]\" target=\"_blank\" href=\"http:\/\/www.schoene-nachrichten.de\/wp-content\/uploads\/2007\/04\/070422_Liebsch_14.jpg\" title=\"Foto: Michael Liebsch\"><img decoding=\"async\" width=\"128\" src=\"http:\/\/www.schoene-nachrichten.de\/wp-content\/uploads\/2007\/04\/070422_Liebsch_14.thumbnail.jpg\" alt=\"070422_Liebsch_14.jpg\" \/><\/a>\u00c2\u00a0<a rel=\"lightbox[roadtrip]\" target=\"_blank\" href=\"http:\/\/www.schoene-nachrichten.de\/wp-content\/uploads\/2007\/04\/070422_Liebsch_13.jpg\" title=\"Foto: Michael Liebsch\"><img decoding=\"async\" width=\"128\" src=\"http:\/\/www.schoene-nachrichten.de\/wp-content\/uploads\/2007\/04\/070422_Liebsch_13.thumbnail.jpg\" alt=\"070422_Liebsch_13.jpg\" \/><\/a><a rel=\"lightbox[roadtrip]\" target=\"_blank\" href=\"http:\/\/www.schoene-nachrichten.de\/wp-content\/uploads\/2007\/04\/070422_Liebsch_09.jpg\" title=\"Foto: Michael Liebsch\"><\/a><a rel=\"lightbox[roadtrip]\" target=\"_blank\" href=\"http:\/\/www.schoene-nachrichten.de\/wp-content\/uploads\/2007\/04\/070422_Liebsch_15.jpg\" title=\"Foto: Michael Liebsch\"><\/a><\/p>\n<p>Die Aktion, die von allen Beteiligten als \u201esehr erfolgreich\u201c bezeichnet worden war, sei ein weiterer Beitrag zur Bildung einer neuen Stadteilgemeinschaft, so die Initiatoren der engagierten B\u00fcrgergruppe in Fuldas j\u00fcngstem Stadtteil. Die Getr\u00e4nke und Sammelbeutel waren von der Projektgesellschaft Fulda Galerie zur Verf\u00fcgung gestellt worden. Der zusammengetragene M\u00fcllberg wird laut Liebsch von der Stadt Fulda entsorgt.<\/p>\n","protected":false},"excerpt":{"rendered":"<div class=\"tmnf_excerpt\"><p>Sch\u00f6nes aus Fulda. Ger\u00fcstet mit Zangen, Stiefeln, Handschuhen und M\u00fcllbeuteln haben gestern mehr als 50 B\u00fcrgerinnen und B\u00fcrger der Fulda Galerie ihrem Stadtteil ein sauberes Fr\u00fchjahrs-Outfit verpasst. Unter Federf\u00fchrung von Renate Erdmann, Barbara Feret sowie Dr. Ulrich Arzt, Initiatoren der B\u00fcrgergruppe, wurden die neuen Wohnparks von Unrat befreit. Fotos (15): Michael Liebsch \u00c2\u00a0 \u00c2\u00a0\u00c2\u00a0<\/p>\n<\/div>","protected":false},"author":1,"featured_media":0,"comment_status":"closed","ping_status":"closed","sticky":false,"template":"","format":"standard","meta":{"footnotes":""},"categories":[1,52],"tags":[],"class_list":["post-2719","post","type-post","status-publish","format-standard","hentry","category-startseite","category-umwelt"],"_links":{"self":[{"href":"https:\/\/www.fuldaernachrichten.de\/index.php?rest_route=\/wp\/v2\/posts\/2719","targetHints":{"allow":["GET"]}}],"collection":[{"href":"https:\/\/www.fuldaernachrichten.de\/index.php?rest_route=\/wp\/v2\/posts"}],"about":[{"href":"https:\/\/www.fuldaernachrichten.de\/index.php?rest_route=\/wp\/v2\/types\/post"}],"author":[{"embeddable":true,"href":"https:\/\/www.fuldaernachrichten.de\/index.php?rest_route=\/wp\/v2\/users\/1"}],"replies":[{"embeddable":true,"href":"https:\/\/www.fuldaernachrichten.de\/index.php?rest_route=%2Fwp%2Fv2%2Fcomments&post=2719"}],"version-history":[{"count":0,"href":"https:\/\/www.fuldaernachrichten.de\/index.php?rest_route=\/wp\/v2\/posts\/2719\/revisions"}],"wp:attachment":[{"href":"https:\/\/www.fuldaernachrichten.de\/index.php?rest_route=%2Fwp%2Fv2%2Fmedia&parent=2719"}],"wp:term":[{"taxonomy":"category","embeddable":true,"href":"https:\/\/www.fuldaernachrichten.de\/index.php?rest_route=%2Fwp%2Fv2%2Fcategories&post=2719"},{"taxonomy":"post_tag","embeddable":true,"href":"https:\/\/www.fuldaernachrichten.de\/index.php?rest_route=%2Fwp%2Fv2%2Ftags&post=2719"}],"curies":[{"name":"wp","href":"https:\/\/api.w.org\/{rel}","templated":true}]}}