{"id":270,"date":"2006-12-07T10:49:34","date_gmt":"2006-12-07T09:49:34","guid":{"rendered":"http:\/\/www.schoene-nachrichten.de\/?p=270"},"modified":"2006-12-07T10:49:34","modified_gmt":"2006-12-07T09:49:34","slug":"16-weihnachtsmarkt-der-jungen-union","status":"publish","type":"post","link":"https:\/\/www.fuldaernachrichten.de\/?p=270","title":{"rendered":"16. Weihnachtsmarkt der Jungen Union"},"content":{"rendered":"<p><strong>Sch\u00f6nes aus Poppenhausen.<\/strong> \u00dcber einen gelungenen Weihnachtsmarkt freut sich Poppenhausens B\u00fcrgermeister Manfred Helfrich. Viele Einheimische, G\u00e4ste und sogar der Nikolaus waren am 1. Adventssonntag auf den historischen Marktplatz nach Poppenhausen gekommen. Sie\u00c2\u00a0 genossen dort weihnachtliche Leckereien und nutzten die Gelegenheit zum Meinungsaustausch. Eingeladen hatte wie in den vergangenen Jahren die Junge Union Poppenhausen.<\/p>\n<p>\u00c2\u00a0<\/p>\n<p><a title=\"Foto: Gemeinde Poppenhausen\" href=\"http:\/\/www.schoene-nachrichten.de\/wp-content\/uploads\/2006\/12\/poppenhausen_xmasmarkt.jpg\" target=\"_blank\"><img decoding=\"async\" id=\"image269\" height=\"96\" alt=\"poppenhausen_xmasmarkt.jpg\" src=\"http:\/\/www.schoene-nachrichten.de\/wp-content\/uploads\/2006\/12\/poppenhausen_xmasmarkt.thumbnail.jpg\" \/><\/a><\/p>\n<p>\u00c2\u00a0<\/p>\n<p><!--more--><\/p>\n<p>Der Vorsitzende der Jungen Union Poppenhausen, Jan-Peter M\u00fcller, begr\u00fc\u00dfte nach dem Gottesdienst die Besucher und einige Ehreng\u00e4ste auf dem Marktplatz. Neben dem neuen Ersten Kreisbeigeordneten Dr. Heiko Wingenfeld und B\u00fcrgermeister Manfred Helfrich waren dies die Ortsvorsteherein Margarete Unger, der Vorsitzende des CDU-Gemeindeverbandes Hans-J\u00f6rg Hauke und der Vorsitzende der Gemeindevertretung Helmuth Sapper. Er dankte der Tourist-Managerin Andrea Speckenheuer und dem gemeindlichen Bauhof sowie der Kirchengemeinde f\u00fcr die Unterst\u00fctzung.<\/p>\n<p>\u00c2\u00a0<\/p>\n<p>Mit den Erl\u00f6sen des Weihnachtsmarktes sollen auch in diesem Jahr gemeinn\u00fctzige Initiativen finanziell unterst\u00fctzt werden, so die Junge Union. Waren es in den vergangenen Jahren vorwiegend Jugendeinrichtungen soll in diesem Jahr das Schwesternhaus Elisabeth bedacht werden. Zudem gebe dieser Markt wieder dem kirchlichen Kindergarten die Gelegenheit, mit dem Verkauf von Kaffee und Kuchen, sinnvolle Anschaffungen f\u00fcr die Kinderbetreuung t\u00e4tigen zu k\u00f6nnen. B\u00fcrgermeister Helfrich hofft nun, dass der Weihnachtsmarkt wieder zu einem Ort der Begegnung, der Kommunikation und der Einstimmung in die Adventszeit wird.<\/p>\n","protected":false},"excerpt":{"rendered":"<div class=\"tmnf_excerpt\"><p>Sch\u00f6nes aus Poppenhausen. \u00dcber einen gelungenen Weihnachtsmarkt freut sich Poppenhausens B\u00fcrgermeister Manfred Helfrich. Viele Einheimische, G\u00e4ste und sogar der Nikolaus waren am 1. Adventssonntag auf den historischen Marktplatz nach Poppenhausen gekommen. Sie\u00c2\u00a0 genossen dort weihnachtliche Leckereien und nutzten die Gelegenheit zum Meinungsaustausch. Eingeladen hatte wie in den vergangenen Jahren die Junge Union Poppenhausen. \u00c2\u00a0 \u00c2\u00a0<\/p>\n<\/div>","protected":false},"author":1,"featured_media":0,"comment_status":"closed","ping_status":"closed","sticky":false,"template":"","format":"standard","meta":{"footnotes":""},"categories":[1],"tags":[],"class_list":["post-270","post","type-post","status-publish","format-standard","hentry","category-startseite"],"_links":{"self":[{"href":"https:\/\/www.fuldaernachrichten.de\/index.php?rest_route=\/wp\/v2\/posts\/270","targetHints":{"allow":["GET"]}}],"collection":[{"href":"https:\/\/www.fuldaernachrichten.de\/index.php?rest_route=\/wp\/v2\/posts"}],"about":[{"href":"https:\/\/www.fuldaernachrichten.de\/index.php?rest_route=\/wp\/v2\/types\/post"}],"author":[{"embeddable":true,"href":"https:\/\/www.fuldaernachrichten.de\/index.php?rest_route=\/wp\/v2\/users\/1"}],"replies":[{"embeddable":true,"href":"https:\/\/www.fuldaernachrichten.de\/index.php?rest_route=%2Fwp%2Fv2%2Fcomments&post=270"}],"version-history":[{"count":0,"href":"https:\/\/www.fuldaernachrichten.de\/index.php?rest_route=\/wp\/v2\/posts\/270\/revisions"}],"wp:attachment":[{"href":"https:\/\/www.fuldaernachrichten.de\/index.php?rest_route=%2Fwp%2Fv2%2Fmedia&parent=270"}],"wp:term":[{"taxonomy":"category","embeddable":true,"href":"https:\/\/www.fuldaernachrichten.de\/index.php?rest_route=%2Fwp%2Fv2%2Fcategories&post=270"},{"taxonomy":"post_tag","embeddable":true,"href":"https:\/\/www.fuldaernachrichten.de\/index.php?rest_route=%2Fwp%2Fv2%2Ftags&post=270"}],"curies":[{"name":"wp","href":"https:\/\/api.w.org\/{rel}","templated":true}]}}