{"id":268,"date":"2006-12-07T08:54:43","date_gmt":"2006-12-07T07:54:43","guid":{"rendered":"http:\/\/www.schoene-nachrichten.de\/?p=268"},"modified":"2006-12-07T08:54:43","modified_gmt":"2006-12-07T07:54:43","slug":"pflegestift-mediana-in-fulda-wird-2007-ein-%e2%80%9eausgewahlter-ort-im-land-der-ideen%e2%80%9c","status":"publish","type":"post","link":"https:\/\/www.fuldaernachrichten.de\/?p=268","title":{"rendered":"Pflegestift Mediana in Fulda wird 2007 ein \u201eAusgew\u00e4hlter Ort im Land der Ideen\u201c"},"content":{"rendered":"<p><strong>Sch\u00f6nes aus Fulda.<\/strong> Das Pflegestift Mediana in Fulda wird im kommenden Jahr ein &#8220;Ausgew\u00e4hlter Ort im Land der Ideen&#8221; sein. Die Initiative unter der Schirmherrschaft des Bundespr\u00e4sidenten zeichnete damit die moderne wie innovative Pflegeeinrichtung am Martin-Luther-Platz f\u00fcr das Engagement in der Betreuung und Pflege von pflegebed\u00fcrftigen \u00e4lteren Menschen aus. Besonders die Betreuung in Hausgemeinschaften, die vom Pflegestift mit bundesweiter Beachtung aufgebaut und betrieben wird, findet damit eine gro\u00dfe Anerkennung.<\/p>\n<p>\u00c2\u00a0<\/p>\n<p><a title=\"Foto: Pflegestift Mediana\" href=\"http:\/\/www.schoene-nachrichten.de\/wp-content\/uploads\/2006\/12\/pflegestiftaussendetail.jpg\" target=\"_blank\"><img decoding=\"async\" id=\"image267\" height=\"31\" alt=\"pflegestiftaussendetail.jpg\" src=\"http:\/\/www.schoene-nachrichten.de\/wp-content\/uploads\/2006\/12\/pflegestiftaussendetail.thumbnail.jpg\" \/><\/a><\/p>\n<p>\u00c2\u00a0<\/p>\n<p><!--more--><\/p>\n<p>Am 31.03.2007 wird es im Pflegestift Mediana im Rahmen der Kampagne \u201eDeutschland \u2013 Land der Ideen\u201c eine \u00f6ffentliche Veranstaltung zum Thema \u201eWie wir k\u00fcnftig leben wollen\u201c geben.<\/p>\n<p>\u00c2\u00a0<\/p>\n<p>Mediana-Gesch\u00e4ftsf\u00fchrer Dr. Stefan Arend und Pflegestift-Leiter Jens Czapek zeigten sich \u00fcber die Entscheidung in Berlin sehr gl\u00fccklich. Diese Wahl sei ein \u201erichtig sch\u00f6nes wenn auch etwas verfr\u00fchtes Weihnachtsgeschenk\u201c f\u00fcr alle Mitarbeiterinnen und Mitarbeiter, die Bewohnerinnen und Bewohner und deren Angeh\u00f6rigen. Es w\u00e4re sehr sch\u00f6n, wenn am 31.3.2007 einmal die station\u00e4re Pflege im Mittelpunkt des \u00f6ffentlichen Interesses stehen w\u00fcrde.<\/p>\n<p>\u00c2\u00a0<\/p>\n","protected":false},"excerpt":{"rendered":"<div class=\"tmnf_excerpt\"><p>Sch\u00f6nes aus Fulda. Das Pflegestift Mediana in Fulda wird im kommenden Jahr ein &#8220;Ausgew\u00e4hlter Ort im Land der Ideen&#8221; sein. Die Initiative unter der Schirmherrschaft des Bundespr\u00e4sidenten zeichnete damit die moderne wie innovative Pflegeeinrichtung am Martin-Luther-Platz f\u00fcr das Engagement in der Betreuung und Pflege von pflegebed\u00fcrftigen \u00e4lteren Menschen aus. Besonders die Betreuung in Hausgemeinschaften, die &hellip;<\/p>\n<\/div>","protected":false},"author":1,"featured_media":0,"comment_status":"closed","ping_status":"closed","sticky":false,"template":"","format":"standard","meta":{"footnotes":""},"categories":[1],"tags":[],"class_list":["post-268","post","type-post","status-publish","format-standard","hentry","category-startseite"],"_links":{"self":[{"href":"https:\/\/www.fuldaernachrichten.de\/index.php?rest_route=\/wp\/v2\/posts\/268","targetHints":{"allow":["GET"]}}],"collection":[{"href":"https:\/\/www.fuldaernachrichten.de\/index.php?rest_route=\/wp\/v2\/posts"}],"about":[{"href":"https:\/\/www.fuldaernachrichten.de\/index.php?rest_route=\/wp\/v2\/types\/post"}],"author":[{"embeddable":true,"href":"https:\/\/www.fuldaernachrichten.de\/index.php?rest_route=\/wp\/v2\/users\/1"}],"replies":[{"embeddable":true,"href":"https:\/\/www.fuldaernachrichten.de\/index.php?rest_route=%2Fwp%2Fv2%2Fcomments&post=268"}],"version-history":[{"count":0,"href":"https:\/\/www.fuldaernachrichten.de\/index.php?rest_route=\/wp\/v2\/posts\/268\/revisions"}],"wp:attachment":[{"href":"https:\/\/www.fuldaernachrichten.de\/index.php?rest_route=%2Fwp%2Fv2%2Fmedia&parent=268"}],"wp:term":[{"taxonomy":"category","embeddable":true,"href":"https:\/\/www.fuldaernachrichten.de\/index.php?rest_route=%2Fwp%2Fv2%2Fcategories&post=268"},{"taxonomy":"post_tag","embeddable":true,"href":"https:\/\/www.fuldaernachrichten.de\/index.php?rest_route=%2Fwp%2Fv2%2Ftags&post=268"}],"curies":[{"name":"wp","href":"https:\/\/api.w.org\/{rel}","templated":true}]}}