{"id":2669,"date":"2007-04-21T00:35:41","date_gmt":"2007-04-20T22:35:41","guid":{"rendered":"http:\/\/www.schoene-nachrichten.de\/?p=2669"},"modified":"2007-04-21T00:38:55","modified_gmt":"2007-04-20T22:38:55","slug":"spedition-zufall-fit-fuer-den-gwv-challenge-lauf","status":"publish","type":"post","link":"https:\/\/www.fuldaernachrichten.de\/?p=2669","title":{"rendered":"Spedition Zufall fit f\u00fcr den GWV-Challenge-Lauf"},"content":{"rendered":"<p><strong>Sch\u00f6nes aus Fulda.<\/strong> Man k\u00f6nnte denken, bei der Spedition Zufall geht nix mehr, weil sich alle auf den GWV-Challenge-Lauf konzentrieren. Stimmt aber nicht. Zwar sind jetzt die neuen T-Shirts eingetroffen, die das 40-k\u00f6pfige Team am 05. Mai tragen wird, f\u00fcr Logistik, Be- und Entladung ist\u00c2\u00a0aber trotzdem\u00c2\u00a0gesorgt.<\/p>\n<p><strong>Fotos (12):<\/strong> Max Colin Heydenreich<\/p>\n<p><a rel=\"lightbox[roadtrip]\" target=\"_blank\" href=\"http:\/\/www.schoene-nachrichten.de\/wp-content\/uploads\/2007\/04\/070419_Zufall_05.jpg\" title=\"Foto: Max Colin Heydenreich\"><img decoding=\"async\" width=\"128\" src=\"http:\/\/www.schoene-nachrichten.de\/wp-content\/uploads\/2007\/04\/070419_Zufall_05.thumbnail.jpg\" alt=\"070419_Zufall_05.jpg\" \/><\/a>\u00c2\u00a0<a rel=\"lightbox[roadtrip]\" target=\"_blank\" href=\"http:\/\/www.schoene-nachrichten.de\/wp-content\/uploads\/2007\/04\/070419_Zufall_10.jpg\" title=\"Foto: Max Colin Heydenreich\"><img decoding=\"async\" width=\"128\" src=\"http:\/\/www.schoene-nachrichten.de\/wp-content\/uploads\/2007\/04\/070419_Zufall_10.thumbnail.jpg\" alt=\"070419_Zufall_10.jpg\" \/><\/a> <a rel=\"lightbox[roadtrip]\" target=\"_blank\" href=\"http:\/\/www.schoene-nachrichten.de\/wp-content\/uploads\/2007\/04\/070419_Zufall_04.jpg\" title=\"Foto: Max Colin Heydenreich\"><img decoding=\"async\" width=\"128\" src=\"http:\/\/www.schoene-nachrichten.de\/wp-content\/uploads\/2007\/04\/070419_Zufall_04.thumbnail.jpg\" alt=\"070419_Zufall_04.jpg\" \/><\/a><\/p>\n<p><a rel=\"lightbox[roadtrip]\" target=\"_blank\" href=\"http:\/\/www.schoene-nachrichten.de\/wp-content\/uploads\/2007\/04\/070419_Zufall_01.jpg\" title=\"Foto: Max Colin Heydenreich\"><img decoding=\"async\" width=\"128\" src=\"http:\/\/www.schoene-nachrichten.de\/wp-content\/uploads\/2007\/04\/070419_Zufall_01.thumbnail.jpg\" alt=\"070419_Zufall_01.jpg\" \/><\/a>\u00c2\u00a0<a rel=\"lightbox[roadtrip]\" target=\"_blank\" href=\"http:\/\/www.schoene-nachrichten.de\/wp-content\/uploads\/2007\/04\/070419_Zufall_02.jpg\" title=\"Foto: Max Colin Heydenreich\"><img decoding=\"async\" width=\"128\" src=\"http:\/\/www.schoene-nachrichten.de\/wp-content\/uploads\/2007\/04\/070419_Zufall_02.thumbnail.jpg\" alt=\"070419_Zufall_02.jpg\" \/><\/a>\u00c2\u00a0<a rel=\"lightbox[roadtrip]\" target=\"_blank\" href=\"http:\/\/www.schoene-nachrichten.de\/wp-content\/uploads\/2007\/04\/070419_Zufall_03.jpg\" title=\"Foto: Max Colin Heydenreich\"><img decoding=\"async\" width=\"128\" src=\"http:\/\/www.schoene-nachrichten.de\/wp-content\/uploads\/2007\/04\/070419_Zufall_03.thumbnail.jpg\" alt=\"070419_Zufall_03.jpg\" \/><\/a><\/p>\n<p><!--more-->&#8220;Bei uns wird es zwei Gruppen geben. Die einen Joggen, und die anderen Walken&#8221;, sagt Tino Mickstein aus der Marketingabteilung. Die Jungs und M\u00e4dels sind fit. Schlie\u00dflich sind sie es ja auch gewohnt, so schnell wie m\u00f6glich\u00c2\u00a0von A nach B zu kommen.<\/p>\n<p><a rel=\"lightbox[roadtrip]\" target=\"_blank\" href=\"http:\/\/www.schoene-nachrichten.de\/wp-content\/uploads\/2007\/04\/070419_Zufall_08.jpg\" title=\"Foto: Max Colin Heydenreich\"><img decoding=\"async\" width=\"128\" src=\"http:\/\/www.schoene-nachrichten.de\/wp-content\/uploads\/2007\/04\/070419_Zufall_08.thumbnail.jpg\" alt=\"070419_Zufall_08.jpg\" \/><\/a> <a rel=\"lightbox[roadtrip]\" target=\"_blank\" href=\"http:\/\/www.schoene-nachrichten.de\/wp-content\/uploads\/2007\/04\/070419_Zufall_07.jpg\" title=\"Foto: Max Colin Heydenreich\"><img decoding=\"async\" width=\"128\" src=\"http:\/\/www.schoene-nachrichten.de\/wp-content\/uploads\/2007\/04\/070419_Zufall_07.thumbnail.jpg\" alt=\"070419_Zufall_07.jpg\" \/><\/a> <a rel=\"lightbox[roadtrip]\" target=\"_blank\" href=\"http:\/\/www.schoene-nachrichten.de\/wp-content\/uploads\/2007\/04\/070419_Zufall_06.jpg\" title=\"Foto: Max Colin Heydenreich\"><img decoding=\"async\" width=\"128\" src=\"http:\/\/www.schoene-nachrichten.de\/wp-content\/uploads\/2007\/04\/070419_Zufall_06.thumbnail.jpg\" alt=\"070419_Zufall_06.jpg\" \/><\/a><\/p>\n<p><a rel=\"lightbox[roadtrip]\" target=\"_blank\" href=\"http:\/\/www.schoene-nachrichten.de\/wp-content\/uploads\/2007\/04\/070419_Zufall_12.jpg\" title=\"Foto: Max Colin Heydenreich\"><img decoding=\"async\" width=\"128\" src=\"http:\/\/www.schoene-nachrichten.de\/wp-content\/uploads\/2007\/04\/070419_Zufall_12.thumbnail.jpg\" alt=\"070419_Zufall_12.jpg\" \/><\/a> <a rel=\"lightbox[roadtrip]\" target=\"_blank\" href=\"http:\/\/www.schoene-nachrichten.de\/wp-content\/uploads\/2007\/04\/070419_Zufall_11.jpg\" title=\"Foto: Max Colin Heydenreich\"><img decoding=\"async\" width=\"128\" src=\"http:\/\/www.schoene-nachrichten.de\/wp-content\/uploads\/2007\/04\/070419_Zufall_11.thumbnail.jpg\" alt=\"070419_Zufall_11.jpg\" \/><\/a>\u00c2\u00a0<a rel=\"lightbox[roadtrip]\" target=\"_blank\" href=\"http:\/\/www.schoene-nachrichten.de\/wp-content\/uploads\/2007\/04\/070419_Zufall_09.jpg\" title=\"Foto: Max Colin Heydenreich\"><img decoding=\"async\" width=\"128\" src=\"http:\/\/www.schoene-nachrichten.de\/wp-content\/uploads\/2007\/04\/070419_Zufall_09.thumbnail.jpg\" alt=\"070419_Zufall_09.jpg\" \/><\/a><\/p>\n<p>Die 6 km-Strecke des GWV-Challenge-Laufs zu bew\u00e4ltigen,\u00c2\u00a0d\u00fcrfte\u00c2\u00a0f\u00fcr eine\u00c2\u00a0Spedition wie Zufall wohl ein Kinderspiel sein. Denn wer es t\u00e4glich von Fulda nach Milano und zur\u00fcck schafft,\u00c2\u00a0spielt\u00c2\u00a0doch irgendwie\u00c2\u00a0in einer anderen Liga. Oder?<\/p>\n","protected":false},"excerpt":{"rendered":"<div class=\"tmnf_excerpt\"><p>Sch\u00f6nes aus Fulda. Man k\u00f6nnte denken, bei der Spedition Zufall geht nix mehr, weil sich alle auf den GWV-Challenge-Lauf konzentrieren. Stimmt aber nicht. Zwar sind jetzt die neuen T-Shirts eingetroffen, die das 40-k\u00f6pfige Team am 05. Mai tragen wird, f\u00fcr Logistik, Be- und Entladung ist\u00c2\u00a0aber trotzdem\u00c2\u00a0gesorgt. Fotos (12): Max Colin Heydenreich \u00c2\u00a0 \u00c2\u00a0\u00c2\u00a0<\/p>\n<\/div>","protected":false},"author":1,"featured_media":0,"comment_status":"closed","ping_status":"closed","sticky":false,"template":"","format":"standard","meta":{"footnotes":""},"categories":[1,54,46],"tags":[],"class_list":["post-2669","post","type-post","status-publish","format-standard","hentry","category-startseite","category-bildergalerien","category-sport"],"_links":{"self":[{"href":"https:\/\/www.fuldaernachrichten.de\/index.php?rest_route=\/wp\/v2\/posts\/2669","targetHints":{"allow":["GET"]}}],"collection":[{"href":"https:\/\/www.fuldaernachrichten.de\/index.php?rest_route=\/wp\/v2\/posts"}],"about":[{"href":"https:\/\/www.fuldaernachrichten.de\/index.php?rest_route=\/wp\/v2\/types\/post"}],"author":[{"embeddable":true,"href":"https:\/\/www.fuldaernachrichten.de\/index.php?rest_route=\/wp\/v2\/users\/1"}],"replies":[{"embeddable":true,"href":"https:\/\/www.fuldaernachrichten.de\/index.php?rest_route=%2Fwp%2Fv2%2Fcomments&post=2669"}],"version-history":[{"count":0,"href":"https:\/\/www.fuldaernachrichten.de\/index.php?rest_route=\/wp\/v2\/posts\/2669\/revisions"}],"wp:attachment":[{"href":"https:\/\/www.fuldaernachrichten.de\/index.php?rest_route=%2Fwp%2Fv2%2Fmedia&parent=2669"}],"wp:term":[{"taxonomy":"category","embeddable":true,"href":"https:\/\/www.fuldaernachrichten.de\/index.php?rest_route=%2Fwp%2Fv2%2Fcategories&post=2669"},{"taxonomy":"post_tag","embeddable":true,"href":"https:\/\/www.fuldaernachrichten.de\/index.php?rest_route=%2Fwp%2Fv2%2Ftags&post=2669"}],"curies":[{"name":"wp","href":"https:\/\/api.w.org\/{rel}","templated":true}]}}