{"id":2664,"date":"2007-04-22T00:20:49","date_gmt":"2007-04-21T22:20:49","guid":{"rendered":"http:\/\/www.schoene-nachrichten.de\/?p=2664"},"modified":"2007-04-22T00:33:03","modified_gmt":"2007-04-21T22:33:03","slug":"schallmauer-durchbrochen-500-mitglieder-im-fgv","status":"publish","type":"post","link":"https:\/\/www.fuldaernachrichten.de\/?p=2664","title":{"rendered":"&#8220;Schallmauer durchbrochen&#8221;: 500 Mitglieder im FGV"},"content":{"rendered":"<p><a rel=\"lightbox[roadtrip]\" target=\"_blank\" href=\"http:\/\/www.schoene-nachrichten.de\/wp-content\/uploads\/2007\/04\/070420_geschichtsverein.jpg\" title=\"070420_geschichtsverein.jpg\"><img decoding=\"async\" align=\"left\" src=\"http:\/\/www.schoene-nachrichten.de\/wp-content\/uploads\/2007\/04\/070420_geschichtsverein.thumbnail.jpg\" hspace=\"5\" alt=\"070420_geschichtsverein.jpg\" \/><\/a><strong>Sch\u00f6nes aus Fulda.<\/strong> Bei der letzten Vortragsveran-staltung des Fuldaer Geschichtsvereins (FGV) wurden Werner L\u00fcth und Klaus Uebelacker als 500. und 501. Mitglied des Vereins herzlich begr\u00fc\u00dft. Werner L\u00fcth wurde geworben durch Rudolf Beck, langj\u00e4hriges Mitglied des Fuldaer Geschichtsvereins.<\/p>\n<p><!--more--><\/p>\n<p>Beide erhielten vom Vorsitzenden, Dr. Wolfgang Hamberger, einen Gutschein zum Erwerb fr\u00fcherer Publikationen des FGV. Zum Ereignis erkl\u00e4rte der Vorsitzende: \u201eImmer wieder konnten wir in den letzten Jahren den durch Todesf\u00e4lle und Wegz\u00fcge bedingten Verlust an Mitgliedern durch Neuzug\u00e4nge ausgleichen, aber die Zahl stagnierte bei etwa 490. Nun haben wir endlich die Schallmauer 500 durchbrochen, und ich hoffe, es geht noch weiter, denn wem die Fuldaer Geschichte ein Anliegen ist, der sollte auch im FGV sein!\u201c<\/p>\n","protected":false},"excerpt":{"rendered":"<div class=\"tmnf_excerpt\"><p>Sch\u00f6nes aus Fulda. Bei der letzten Vortragsveran-staltung des Fuldaer Geschichtsvereins (FGV) wurden Werner L\u00fcth und Klaus Uebelacker als 500. und 501. Mitglied des Vereins herzlich begr\u00fc\u00dft. Werner L\u00fcth wurde geworben durch Rudolf Beck, langj\u00e4hriges Mitglied des Fuldaer Geschichtsvereins.<\/p>\n<\/div>","protected":false},"author":1,"featured_media":0,"comment_status":"closed","ping_status":"closed","sticky":false,"template":"","format":"standard","meta":{"footnotes":""},"categories":[1,44],"tags":[],"class_list":["post-2664","post","type-post","status-publish","format-standard","hentry","category-startseite","category-kultur"],"_links":{"self":[{"href":"https:\/\/www.fuldaernachrichten.de\/index.php?rest_route=\/wp\/v2\/posts\/2664","targetHints":{"allow":["GET"]}}],"collection":[{"href":"https:\/\/www.fuldaernachrichten.de\/index.php?rest_route=\/wp\/v2\/posts"}],"about":[{"href":"https:\/\/www.fuldaernachrichten.de\/index.php?rest_route=\/wp\/v2\/types\/post"}],"author":[{"embeddable":true,"href":"https:\/\/www.fuldaernachrichten.de\/index.php?rest_route=\/wp\/v2\/users\/1"}],"replies":[{"embeddable":true,"href":"https:\/\/www.fuldaernachrichten.de\/index.php?rest_route=%2Fwp%2Fv2%2Fcomments&post=2664"}],"version-history":[{"count":0,"href":"https:\/\/www.fuldaernachrichten.de\/index.php?rest_route=\/wp\/v2\/posts\/2664\/revisions"}],"wp:attachment":[{"href":"https:\/\/www.fuldaernachrichten.de\/index.php?rest_route=%2Fwp%2Fv2%2Fmedia&parent=2664"}],"wp:term":[{"taxonomy":"category","embeddable":true,"href":"https:\/\/www.fuldaernachrichten.de\/index.php?rest_route=%2Fwp%2Fv2%2Fcategories&post=2664"},{"taxonomy":"post_tag","embeddable":true,"href":"https:\/\/www.fuldaernachrichten.de\/index.php?rest_route=%2Fwp%2Fv2%2Ftags&post=2664"}],"curies":[{"name":"wp","href":"https:\/\/api.w.org\/{rel}","templated":true}]}}