{"id":2662,"date":"2007-04-22T00:13:12","date_gmt":"2007-04-21T22:13:12","guid":{"rendered":"http:\/\/www.schoene-nachrichten.de\/?p=2662"},"modified":"2007-04-22T00:14:31","modified_gmt":"2007-04-21T22:14:31","slug":"clubmeisterschaften-des-verc-lauterbach-mit-ueber-60-teilnehmern","status":"publish","type":"post","link":"https:\/\/www.fuldaernachrichten.de\/?p=2662","title":{"rendered":"Clubmeisterschaften des VERC Lauterbach mit \u00fcber 60 Teilnehmern"},"content":{"rendered":"<p><strong>Sport.<\/strong> Traditionell zum Saisonabschluss tr\u00e4gt der VERC Lauterbach die Club-meisterschaften aus. Aufgrund der hohen Teilnehmerzahlen wurde der Wettbewerb in diesem Jahr erstmals an zwei Tagen durchgef\u00fchrt. Viele Eltern, Gro\u00dfeltern und Verwandte waren ins Eisstadion Steinigsgrund nach Lauterbach gekommen, um den Vorf\u00fchrungen des Eiskunstlaufnachwuchses des VERC zuzusehen.<\/p>\n<p><a rel=\"lightbox[roadtrip]\" target=\"_blank\" href=\"http:\/\/www.schoene-nachrichten.de\/wp-content\/uploads\/2007\/04\/070422_ice_1.jpg\" title=\"070422_ice_1.jpg\"><img decoding=\"async\" src=\"http:\/\/www.schoene-nachrichten.de\/wp-content\/uploads\/2007\/04\/070422_ice_1.thumbnail.jpg\" alt=\"070422_ice_1.jpg\" \/><\/a>\u00c2\u00a0<a rel=\"lightbox[roadtrip]\" target=\"_blank\" href=\"http:\/\/www.schoene-nachrichten.de\/wp-content\/uploads\/2007\/04\/070422_ice_2.jpg\" title=\"070422_ice_2.jpg\"><img decoding=\"async\" src=\"http:\/\/www.schoene-nachrichten.de\/wp-content\/uploads\/2007\/04\/070422_ice_2.thumbnail.jpg\" alt=\"070422_ice_2.jpg\" \/><\/a>\u00c2\u00a0<a rel=\"lightbox[roadtrip]\" target=\"_blank\" href=\"http:\/\/www.schoene-nachrichten.de\/wp-content\/uploads\/2007\/04\/070422_ice_3.jpg\" title=\"070422_ice_3.jpg\"><img decoding=\"async\" src=\"http:\/\/www.schoene-nachrichten.de\/wp-content\/uploads\/2007\/04\/070422_ice_3.thumbnail.jpg\" alt=\"070422_ice_3.jpg\" \/><\/a><\/p>\n<p><!--more-->Die Aktiven waren, je nach Leistungsverm\u00f6gen, in verschiedene Gruppen eingeteilt und pr\u00e4sentierten ihr K\u00f6nnen. Die Kinder, die in der vergangenen Saison mit dem Eislauftraining begonnen hatten, zeigten bereits kleine Figuren wie Storch, Hocke, Flieger, Eierlaufen und bremsen. Einige, die besonders flei\u00dfig waren und vor kurzem bereits die Freil\u00e4uferpr\u00fcfung abgelegt hatten, starteten in der n\u00e4chsten Kategorie. Auch die Alterunterschiede wurden hier zus\u00e4tzlich ber\u00fccksichtigt.<\/p>\n<p>Kinder, f\u00fcr die Trainerin Marianne Streifler bereits ein K\u00fcrprogramm mit Musik zusammengestellt hatte, pr\u00e4sentierten ihr K\u00f6nnen einer qualifizierten Jury von ehemaligen Wettbewerbsl\u00e4uferinnen, die alle die Eislaufschule der VERC-Trainerin durchlaufen haben. Sichtlich Spa\u00df machte den Damen und den aktiven SportlerInnen die Clubmeisterschaft. H\u00f6hepunkt der Veranstaltung war beim Abschlusstraining am letzten \u201eEistag\u201c die gro\u00dfe Siegerehrung.<\/p>\n<p>Vereinsvorsitzender Bertram H\u00f6hl dankte allen Sportlerinnen und Sportlern f\u00fcr ihren Trainingsflei\u00df und die hervorragende Repr\u00e4sentation des VERC auch weit \u00fcber die hessischen Landesgrenzen hinaus. Er ehrte alle Teilnehmer mit Urkunden und Geschenken. Die Preisrichter hatten die Pl\u00e4tze 1,2 und 3 vergeben und stolz stiegen die Platzierten auf das Siegertreppchen. Platz vier wurde an alle weiteren Gruppenteilnehmer vergeben. Die Zuschauer spendeten kr\u00e4ftigen Applaus.<\/p>\n<p>Abteilungsleiterin H\u00f6hl dankte allen Aktiven f\u00fcr den Einsatz in der letzten Saison und verabschiedete alle in die \u201eeisfreie\u201c Zeit. Nach einer kurzen Erholungsphase treffen sich die Aktiven bereits am 14. Mai um 16 Uhr zum Start ins Sommertraining. Hier werden die Grundsteine f\u00fcr die neue Saison gelegt, in der sich die VERC-Eiskunstlaufabteilung neben den Wettbewerben und Leistungspr\u00fcfungen auch wieder ein Showprogramm auf dem Eis vorgenommen hat.<\/p>\n<p>Titel der Pr\u00e4sentation wollten weder Trainerin noch Abteilungsleiterin verraten, aber nach den gro\u00dfen Erfolgen der Musicals auf dem Eis \u201eWestside Story\u201c, \u201eDer Gl\u00f6ckner von Notre Dame\u201c und \u201eRobin Hood\u201c haben sich die Verantwortlichen die Messlatte bestimmt erneut recht hoch gelegt und das Publikum darf jetzt schon auf ein unterhaltsames Programm gespannt sein.<\/p>\n<p>Wie der VERC mitteilte, sind zu den Trainingseinheiten im Sommer \u201eNeueinsteiger\u201c herzlich willkommen und k\u00f6nnen sich bei Trainerin Marianne Streifler unter Tel. 0171-4052741 anmelden.<\/p>\n<p><strong>Platzierungen:<\/strong><br \/>\nMinis: 1. Klarissa K\u00f6hl, 2. Sophie Brosch, 3. Elisa Habl<br \/>\nStarter: Pauline Caspar, 2. Dilara Duru, 3. Mirella Golle und Vladimir Rexius<br \/>\nIce Cup: 1. Jennifer B\u00f6ttinger und Christina Spick, 2. Luisa Flarup<br \/>\nH\u00e4schen: 1. Lisa Kolbe<br \/>\nSternchen: 1. Franziska Weishaupt, 2. Kimberly Traud, 3. Denise Traud<br \/>\nFreil\u00e4ufer: 1. Kim Pietsch, 2. Till Schmelz, 3. Michelle Kr\u00f6bl und Lousi Pietsch<br \/>\nAnf\u00e4nger: 1. Jessica Gossen, 2. Inga Rausch, 3. Julia Janzen<br \/>\nAnw\u00e4rter: 1. Melina Weickert, 2. Lisa Schuster, 3. Maria Dimmerling<br \/>\nNachwuchs: 1. Selina McQueen und Stephanie Arend, 2. Victoria Krjukov<\/p>\n","protected":false},"excerpt":{"rendered":"<div class=\"tmnf_excerpt\"><p>Sport. Traditionell zum Saisonabschluss tr\u00e4gt der VERC Lauterbach die Club-meisterschaften aus. Aufgrund der hohen Teilnehmerzahlen wurde der Wettbewerb in diesem Jahr erstmals an zwei Tagen durchgef\u00fchrt. Viele Eltern, Gro\u00dfeltern und Verwandte waren ins Eisstadion Steinigsgrund nach Lauterbach gekommen, um den Vorf\u00fchrungen des Eiskunstlaufnachwuchses des VERC zuzusehen. \u00c2\u00a0\u00c2\u00a0<\/p>\n<\/div>","protected":false},"author":1,"featured_media":0,"comment_status":"closed","ping_status":"closed","sticky":false,"template":"","format":"standard","meta":{"footnotes":""},"categories":[1,46],"tags":[],"class_list":["post-2662","post","type-post","status-publish","format-standard","hentry","category-startseite","category-sport"],"_links":{"self":[{"href":"https:\/\/www.fuldaernachrichten.de\/index.php?rest_route=\/wp\/v2\/posts\/2662","targetHints":{"allow":["GET"]}}],"collection":[{"href":"https:\/\/www.fuldaernachrichten.de\/index.php?rest_route=\/wp\/v2\/posts"}],"about":[{"href":"https:\/\/www.fuldaernachrichten.de\/index.php?rest_route=\/wp\/v2\/types\/post"}],"author":[{"embeddable":true,"href":"https:\/\/www.fuldaernachrichten.de\/index.php?rest_route=\/wp\/v2\/users\/1"}],"replies":[{"embeddable":true,"href":"https:\/\/www.fuldaernachrichten.de\/index.php?rest_route=%2Fwp%2Fv2%2Fcomments&post=2662"}],"version-history":[{"count":0,"href":"https:\/\/www.fuldaernachrichten.de\/index.php?rest_route=\/wp\/v2\/posts\/2662\/revisions"}],"wp:attachment":[{"href":"https:\/\/www.fuldaernachrichten.de\/index.php?rest_route=%2Fwp%2Fv2%2Fmedia&parent=2662"}],"wp:term":[{"taxonomy":"category","embeddable":true,"href":"https:\/\/www.fuldaernachrichten.de\/index.php?rest_route=%2Fwp%2Fv2%2Fcategories&post=2662"},{"taxonomy":"post_tag","embeddable":true,"href":"https:\/\/www.fuldaernachrichten.de\/index.php?rest_route=%2Fwp%2Fv2%2Ftags&post=2662"}],"curies":[{"name":"wp","href":"https:\/\/api.w.org\/{rel}","templated":true}]}}