{"id":2661,"date":"2007-04-21T00:37:15","date_gmt":"2007-04-20T22:37:15","guid":{"rendered":"http:\/\/www.schoene-nachrichten.de\/?p=2661"},"modified":"2007-04-21T00:40:05","modified_gmt":"2007-04-20T22:40:05","slug":"uewag-bauzaun-malwettbewerb-hauptpreis-geht-nach-grossenlueder","status":"publish","type":"post","link":"https:\/\/www.fuldaernachrichten.de\/?p=2661","title":{"rendered":"\u00dcWAG-Bauzaun-Malwettbewerb: Hauptpreis geht nach Gro\u00dfenl\u00fcder"},"content":{"rendered":"<p><strong>Sch\u00f6nes aus Fulda.<\/strong> Energie sinnvoll nutzen und damit die Umwelt und das Klima schonen: die Klasse 4b der Grundschule St. Georg in Gro\u00dfenl\u00fcder hatte sich f\u00fcr ihren Beitrag zum \u00dcWAG-Bauzaun-Malwettbewerb ein aktuelles Thema ausgesucht und damit die Jury \u00fcberzeugt.<\/p>\n<p><strong>Fotos (54):<\/strong> Max Colin Heydenreich<\/p>\n<p><a rel=\"lightbox[roadtrip]\" target=\"_blank\" href=\"http:\/\/www.schoene-nachrichten.de\/wp-content\/uploads\/2007\/04\/070420_Uewag_54.jpg\" title=\"Foto: Max Colin Heydenreich\"><img decoding=\"async\" width=\"128\" src=\"http:\/\/www.schoene-nachrichten.de\/wp-content\/uploads\/2007\/04\/070420_Uewag_54.thumbnail.jpg\" alt=\"070420_Uewag_54.jpg\" \/><\/a> <a rel=\"lightbox[roadtrip]\" target=\"_blank\" href=\"http:\/\/www.schoene-nachrichten.de\/wp-content\/uploads\/2007\/04\/070420_Uewag_53.jpg\" title=\"Foto: Max Colin Heydenreich\"><img decoding=\"async\" width=\"128\" src=\"http:\/\/www.schoene-nachrichten.de\/wp-content\/uploads\/2007\/04\/070420_Uewag_53.thumbnail.jpg\" alt=\"070420_Uewag_53.jpg\" \/><\/a> <a rel=\"lightbox[roadtrip]\" target=\"_blank\" href=\"http:\/\/www.schoene-nachrichten.de\/wp-content\/uploads\/2007\/04\/070420_Uewag_52.jpg\" title=\"Foto: Max Colin Heydenreich\"><img decoding=\"async\" width=\"128\" src=\"http:\/\/www.schoene-nachrichten.de\/wp-content\/uploads\/2007\/04\/070420_Uewag_52.thumbnail.jpg\" alt=\"070420_Uewag_52.jpg\" \/><\/a><\/p>\n<p><a rel=\"lightbox[roadtrip]\" target=\"_blank\" href=\"http:\/\/www.schoene-nachrichten.de\/wp-content\/uploads\/2007\/04\/070420_Uewag_24.jpg\" title=\"Foto: Max Colin Heydenreich\"><img decoding=\"async\" width=\"128\" src=\"http:\/\/www.schoene-nachrichten.de\/wp-content\/uploads\/2007\/04\/070420_Uewag_24.thumbnail.jpg\" alt=\"070420_Uewag_24.jpg\" \/><\/a> <a rel=\"lightbox[roadtrip]\" target=\"_blank\" href=\"http:\/\/www.schoene-nachrichten.de\/wp-content\/uploads\/2007\/04\/070420_Uewag_23.jpg\" title=\"Foto: Max Colin Heydenreich\"><img decoding=\"async\" width=\"128\" src=\"http:\/\/www.schoene-nachrichten.de\/wp-content\/uploads\/2007\/04\/070420_Uewag_23.thumbnail.jpg\" alt=\"070420_Uewag_23.jpg\" \/><\/a> <a rel=\"lightbox[roadtrip]\" target=\"_blank\" href=\"http:\/\/www.schoene-nachrichten.de\/wp-content\/uploads\/2007\/04\/070420_Uewag_22.jpg\" title=\"Foto: Max Colin Heydenreich\"><img decoding=\"async\" width=\"128\" src=\"http:\/\/www.schoene-nachrichten.de\/wp-content\/uploads\/2007\/04\/070420_Uewag_22.thumbnail.jpg\" alt=\"070420_Uewag_22.jpg\" \/><\/a><\/p>\n<p><!--more-->Auf den Pl\u00e4tzen zwei und drei landeten die Kunstwerke der Klassen 4a der Fliedetalschule in Flieden und 1\/2 der Grundschule Marjo\u00df. Bei einer Feier im \u00dcWAG-Informationszentrum in Fulda erhielten die Hauptgewinner-Klassen\u00c2\u00a0gestern ihre Preise. Alle 35 Kunstwerke, die bei dem Malwettbewerb entstanden sind, schm\u00fccken in K\u00fcrze den Bauzaun rund um die \u00dcWAG-Hauptverwaltung in Fulda.<\/p>\n<p><a rel=\"lightbox[roadtrip]\" target=\"_blank\" href=\"http:\/\/www.schoene-nachrichten.de\/wp-content\/uploads\/2007\/04\/070420_Uewag_33.jpg\" title=\"Foto: Max Colin Heydenreich\"><img decoding=\"async\" width=\"128\" src=\"http:\/\/www.schoene-nachrichten.de\/wp-content\/uploads\/2007\/04\/070420_Uewag_33.thumbnail.jpg\" alt=\"070420_Uewag_33.jpg\" \/><\/a> <a rel=\"lightbox[roadtrip]\" target=\"_blank\" href=\"http:\/\/www.schoene-nachrichten.de\/wp-content\/uploads\/2007\/04\/070420_Uewag_32.jpg\" title=\"Foto: Max Colin Heydenreich\"><img decoding=\"async\" width=\"128\" src=\"http:\/\/www.schoene-nachrichten.de\/wp-content\/uploads\/2007\/04\/070420_Uewag_32.thumbnail.jpg\" alt=\"070420_Uewag_32.jpg\" \/><\/a> <a rel=\"lightbox[roadtrip]\" target=\"_blank\" href=\"http:\/\/www.schoene-nachrichten.de\/wp-content\/uploads\/2007\/04\/070420_Uewag_31.jpg\" title=\"Foto: Max Colin Heydenreich\"><img decoding=\"async\" width=\"128\" src=\"http:\/\/www.schoene-nachrichten.de\/wp-content\/uploads\/2007\/04\/070420_Uewag_31.thumbnail.jpg\" alt=\"070420_Uewag_31.jpg\" \/><\/a><\/p>\n<p><a rel=\"lightbox[roadtrip]\" target=\"_blank\" href=\"http:\/\/www.schoene-nachrichten.de\/wp-content\/uploads\/2007\/04\/070420_Uewag_51.jpg\" title=\"Foto: Max Colin Heydenreich\"><img decoding=\"async\" width=\"128\" src=\"http:\/\/www.schoene-nachrichten.de\/wp-content\/uploads\/2007\/04\/070420_Uewag_51.thumbnail.jpg\" alt=\"070420_Uewag_51.jpg\" \/><\/a> <a rel=\"lightbox[roadtrip]\" target=\"_blank\" href=\"http:\/\/www.schoene-nachrichten.de\/wp-content\/uploads\/2007\/04\/070420_Uewag_50.jpg\" title=\"Foto: Max Colin Heydenreich\"><img decoding=\"async\" width=\"128\" src=\"http:\/\/www.schoene-nachrichten.de\/wp-content\/uploads\/2007\/04\/070420_Uewag_50.thumbnail.jpg\" alt=\"070420_Uewag_50.jpg\" \/><\/a> <a rel=\"lightbox[roadtrip]\" target=\"_blank\" href=\"http:\/\/www.schoene-nachrichten.de\/wp-content\/uploads\/2007\/04\/070420_Uewag_49.jpg\" title=\"Foto: Max Colin Heydenreich\"><img decoding=\"async\" width=\"128\" src=\"http:\/\/www.schoene-nachrichten.de\/wp-content\/uploads\/2007\/04\/070420_Uewag_49.thumbnail.jpg\" alt=\"070420_Uewag_49.jpg\" \/><\/a><\/p>\n<p>\u201eEs sind wundersch\u00f6ne, kreative Bilder zusammengekommen und wir freuen uns dar\u00fcber, dass so viele Schulen und Klassen bei unserem Malwettbewerb mitgemacht haben\u201c, sagte \u00dcWAG-Bereichsleiter Energiewirtschaft Dipl.-Ing. Bernhard Herber bei der Preisverleihung im Informationszentrum.<\/p>\n<p><a rel=\"lightbox[roadtrip]\" target=\"_blank\" href=\"http:\/\/www.schoene-nachrichten.de\/wp-content\/uploads\/2007\/04\/070420_Uewag_18.jpg\" title=\"Foto: Max Colin Heydenreich\"><img decoding=\"async\" width=\"128\" src=\"http:\/\/www.schoene-nachrichten.de\/wp-content\/uploads\/2007\/04\/070420_Uewag_18.thumbnail.jpg\" alt=\"070420_Uewag_18.jpg\" \/><\/a> <a rel=\"lightbox[roadtrip]\" target=\"_blank\" href=\"http:\/\/www.schoene-nachrichten.de\/wp-content\/uploads\/2007\/04\/070420_Uewag_17.jpg\" title=\"Foto: Max Colin Heydenreich\"><img decoding=\"async\" width=\"128\" src=\"http:\/\/www.schoene-nachrichten.de\/wp-content\/uploads\/2007\/04\/070420_Uewag_17.thumbnail.jpg\" alt=\"070420_Uewag_17.jpg\" \/><\/a> <a rel=\"lightbox[roadtrip]\" target=\"_blank\" href=\"http:\/\/www.schoene-nachrichten.de\/wp-content\/uploads\/2007\/04\/070420_Uewag_16.jpg\" title=\"Foto: Max Colin Heydenreich\"><img decoding=\"async\" width=\"128\" src=\"http:\/\/www.schoene-nachrichten.de\/wp-content\/uploads\/2007\/04\/070420_Uewag_16.thumbnail.jpg\" alt=\"070420_Uewag_16.jpg\" \/><\/a><\/p>\n<p><a rel=\"lightbox[roadtrip]\" target=\"_blank\" href=\"http:\/\/www.schoene-nachrichten.de\/wp-content\/uploads\/2007\/04\/070420_Uewag_48.jpg\" title=\"Foto: Max Colin Heydenreich\"><img decoding=\"async\" width=\"128\" src=\"http:\/\/www.schoene-nachrichten.de\/wp-content\/uploads\/2007\/04\/070420_Uewag_48.thumbnail.jpg\" alt=\"070420_Uewag_48.jpg\" \/><\/a> <a rel=\"lightbox[roadtrip]\" target=\"_blank\" href=\"http:\/\/www.schoene-nachrichten.de\/wp-content\/uploads\/2007\/04\/070420_Uewag_47.jpg\" title=\"Foto: Max Colin Heydenreich\"><img decoding=\"async\" width=\"128\" src=\"http:\/\/www.schoene-nachrichten.de\/wp-content\/uploads\/2007\/04\/070420_Uewag_47.thumbnail.jpg\" alt=\"070420_Uewag_47.jpg\" \/><\/a> <a rel=\"lightbox[roadtrip]\" target=\"_blank\" href=\"http:\/\/www.schoene-nachrichten.de\/wp-content\/uploads\/2007\/04\/070420_Uewag_46.jpg\" title=\"Foto: Max Colin Heydenreich\"><img decoding=\"async\" width=\"128\" src=\"http:\/\/www.schoene-nachrichten.de\/wp-content\/uploads\/2007\/04\/070420_Uewag_46.thumbnail.jpg\" alt=\"070420_Uewag_46.jpg\" \/><\/a><\/p>\n<p>\u201eBemerkenswert, wie viele tolle Ideen die Kinder zur \u00dcWAG-Gruppe entwickelt haben. Licht und Beleuchtung spielen bei den Bildern ebenso eine Rolle, wie die Busse der \u00dcWAG-Verkehrsbetriebe oder die Bohrfahrzeuge der TERRA THERM Erdw\u00e4rme GmbH.\u201c\u00c2\u00a0<\/p>\n<p><a rel=\"lightbox[roadtrip]\" target=\"_blank\" href=\"http:\/\/www.schoene-nachrichten.de\/wp-content\/uploads\/2007\/04\/070420_Uewag_15.jpg\" title=\"Foto: Max Colin Heydenreich\"><img decoding=\"async\" width=\"128\" src=\"http:\/\/www.schoene-nachrichten.de\/wp-content\/uploads\/2007\/04\/070420_Uewag_15.thumbnail.jpg\" alt=\"070420_Uewag_15.jpg\" \/><\/a> <a rel=\"lightbox[roadtrip]\" target=\"_blank\" href=\"http:\/\/www.schoene-nachrichten.de\/wp-content\/uploads\/2007\/04\/070420_Uewag_14.jpg\" title=\"Foto: Max Colin Heydenreich\"><img decoding=\"async\" width=\"128\" src=\"http:\/\/www.schoene-nachrichten.de\/wp-content\/uploads\/2007\/04\/070420_Uewag_14.thumbnail.jpg\" alt=\"070420_Uewag_14.jpg\" \/><\/a> <a rel=\"lightbox[roadtrip]\" target=\"_blank\" href=\"http:\/\/www.schoene-nachrichten.de\/wp-content\/uploads\/2007\/04\/070420_Uewag_13.jpg\" title=\"Foto: Max Colin Heydenreich\"><img decoding=\"async\" width=\"128\" src=\"http:\/\/www.schoene-nachrichten.de\/wp-content\/uploads\/2007\/04\/070420_Uewag_13.thumbnail.jpg\" alt=\"070420_Uewag_13.jpg\" \/><\/a><\/p>\n<p><a rel=\"lightbox[roadtrip]\" target=\"_blank\" href=\"http:\/\/www.schoene-nachrichten.de\/wp-content\/uploads\/2007\/04\/070420_Uewag_45.jpg\" title=\"Foto: Max Colin Heydenreich\"><img decoding=\"async\" width=\"128\" src=\"http:\/\/www.schoene-nachrichten.de\/wp-content\/uploads\/2007\/04\/070420_Uewag_45.thumbnail.jpg\" alt=\"070420_Uewag_45.jpg\" \/><\/a> <a rel=\"lightbox[roadtrip]\" target=\"_blank\" href=\"http:\/\/www.schoene-nachrichten.de\/wp-content\/uploads\/2007\/04\/070420_Uewag_44.jpg\" title=\"Foto: Max Colin Heydenreich\"><img decoding=\"async\" width=\"128\" src=\"http:\/\/www.schoene-nachrichten.de\/wp-content\/uploads\/2007\/04\/070420_Uewag_44.thumbnail.jpg\" alt=\"070420_Uewag_44.jpg\" \/><\/a> <a rel=\"lightbox[roadtrip]\" target=\"_blank\" href=\"http:\/\/www.schoene-nachrichten.de\/wp-content\/uploads\/2007\/04\/070420_Uewag_43.jpg\" title=\"Foto: Max Colin Heydenreich\"><img decoding=\"async\" width=\"128\" src=\"http:\/\/www.schoene-nachrichten.de\/wp-content\/uploads\/2007\/04\/070420_Uewag_43.thumbnail.jpg\" alt=\"070420_Uewag_43.jpg\" \/><\/a><\/p>\n<p>Den drei Hautgewinner-Klassen, die zu der Feier eingeladen waren, gratulierte Bernhard Herber herzlich und \u00fcberreichte ihnen anschlie\u00dfend ihre Preise: Die Sch\u00fclerinnen und Sch\u00fcler aus Gro\u00dfenl\u00fcder k\u00f6nnen sich \u00fcber ein komplettes Klassenfahrt-Paket zum Edersee inklusive An- und Abreise mit einem \u00dcWAG-Bus und einem spannenden Tagesprogramm freuen.\u00c2\u00a0<\/p>\n<p><a rel=\"lightbox[roadtrip]\" target=\"_blank\" href=\"http:\/\/www.schoene-nachrichten.de\/wp-content\/uploads\/2007\/04\/070420_Uewag_09.jpg\" title=\"Foto: Max Colin Heydenreich\"><img decoding=\"async\" width=\"128\" src=\"http:\/\/www.schoene-nachrichten.de\/wp-content\/uploads\/2007\/04\/070420_Uewag_09.thumbnail.jpg\" alt=\"070420_Uewag_09.jpg\" \/><\/a> <a rel=\"lightbox[roadtrip]\" target=\"_blank\" href=\"http:\/\/www.schoene-nachrichten.de\/wp-content\/uploads\/2007\/04\/070420_Uewag_08.jpg\" title=\"Foto: Max Colin Heydenreich\"><img decoding=\"async\" width=\"128\" src=\"http:\/\/www.schoene-nachrichten.de\/wp-content\/uploads\/2007\/04\/070420_Uewag_08.thumbnail.jpg\" alt=\"070420_Uewag_08.jpg\" \/><\/a> <a rel=\"lightbox[roadtrip]\" target=\"_blank\" href=\"http:\/\/www.schoene-nachrichten.de\/wp-content\/uploads\/2007\/04\/070420_Uewag_07.jpg\" title=\"Foto: Max Colin Heydenreich\"><img decoding=\"async\" width=\"128\" src=\"http:\/\/www.schoene-nachrichten.de\/wp-content\/uploads\/2007\/04\/070420_Uewag_07.thumbnail.jpg\" alt=\"070420_Uewag_07.jpg\" \/><\/a><\/p>\n<p><a rel=\"lightbox[roadtrip]\" target=\"_blank\" href=\"http:\/\/www.schoene-nachrichten.de\/wp-content\/uploads\/2007\/04\/070420_Uewag_42.jpg\" title=\"Foto: Max Colin Heydenreich\"><img decoding=\"async\" width=\"128\" src=\"http:\/\/www.schoene-nachrichten.de\/wp-content\/uploads\/2007\/04\/070420_Uewag_42.thumbnail.jpg\" alt=\"070420_Uewag_42.jpg\" \/><\/a> <a rel=\"lightbox[roadtrip]\" target=\"_blank\" href=\"http:\/\/www.schoene-nachrichten.de\/wp-content\/uploads\/2007\/04\/070420_Uewag_41.jpg\" title=\"Foto: Max Colin Heydenreich\"><img decoding=\"async\" width=\"128\" src=\"http:\/\/www.schoene-nachrichten.de\/wp-content\/uploads\/2007\/04\/070420_Uewag_41.thumbnail.jpg\" alt=\"070420_Uewag_41.jpg\" \/><\/a> <a rel=\"lightbox[roadtrip]\" target=\"_blank\" href=\"http:\/\/www.schoene-nachrichten.de\/wp-content\/uploads\/2007\/04\/070420_Uewag_40.jpg\" title=\"Foto: Max Colin Heydenreich\"><img decoding=\"async\" width=\"128\" src=\"http:\/\/www.schoene-nachrichten.de\/wp-content\/uploads\/2007\/04\/070420_Uewag_40.thumbnail.jpg\" alt=\"070420_Uewag_40.jpg\" \/><\/a><\/p>\n<p>Der Gewinn der zweitplatzierten Klasse 4a der Fliedetalschule: Ein Gutschein f\u00fcr eine Tagesfahrt im \u00dcWAG-Bus zu einem Ziel nach Wahl in Hessen. Die Jungen und M\u00e4dchen von der Grundschule Marjo\u00df werden f\u00fcr ihren dritten Platz mit einem erlebnisreichen Informationstag im \u00dcWAG-Informationszentrum inklusive Bustransfer belohnt.<\/p>\n<p><a rel=\"lightbox[roadtrip]\" target=\"_blank\" href=\"http:\/\/www.schoene-nachrichten.de\/wp-content\/uploads\/2007\/04\/070420_Uewag_12.jpg\" title=\"Foto: Max Colin Heydenreich\"><img decoding=\"async\" width=\"128\" src=\"http:\/\/www.schoene-nachrichten.de\/wp-content\/uploads\/2007\/04\/070420_Uewag_12.thumbnail.jpg\" alt=\"070420_Uewag_12.jpg\" \/><\/a> <a rel=\"lightbox[roadtrip]\" target=\"_blank\" href=\"http:\/\/www.schoene-nachrichten.de\/wp-content\/uploads\/2007\/04\/070420_Uewag_11.jpg\" title=\"Foto: Max Colin Heydenreich\"><img decoding=\"async\" width=\"128\" src=\"http:\/\/www.schoene-nachrichten.de\/wp-content\/uploads\/2007\/04\/070420_Uewag_11.thumbnail.jpg\" alt=\"070420_Uewag_11.jpg\" \/><\/a> <a rel=\"lightbox[roadtrip]\" target=\"_blank\" href=\"http:\/\/www.schoene-nachrichten.de\/wp-content\/uploads\/2007\/04\/070420_Uewag_10.jpg\" title=\"Foto: Max Colin Heydenreich\"><img decoding=\"async\" width=\"128\" src=\"http:\/\/www.schoene-nachrichten.de\/wp-content\/uploads\/2007\/04\/070420_Uewag_10.thumbnail.jpg\" alt=\"070420_Uewag_10.jpg\" \/><\/a><\/p>\n<p><a rel=\"lightbox[roadtrip]\" target=\"_blank\" href=\"http:\/\/www.schoene-nachrichten.de\/wp-content\/uploads\/2007\/04\/070420_Uewag_39.jpg\" title=\"Foto: Max Colin Heydenreich\"><img decoding=\"async\" width=\"128\" src=\"http:\/\/www.schoene-nachrichten.de\/wp-content\/uploads\/2007\/04\/070420_Uewag_39.thumbnail.jpg\" alt=\"070420_Uewag_39.jpg\" \/><\/a> <a rel=\"lightbox[roadtrip]\" target=\"_blank\" href=\"http:\/\/www.schoene-nachrichten.de\/wp-content\/uploads\/2007\/04\/070420_Uewag_38.jpg\" title=\"Foto: Max Colin Heydenreich\"><img decoding=\"async\" width=\"128\" src=\"http:\/\/www.schoene-nachrichten.de\/wp-content\/uploads\/2007\/04\/070420_Uewag_38.thumbnail.jpg\" alt=\"070420_Uewag_38.jpg\" \/><\/a> <a rel=\"lightbox[roadtrip]\" target=\"_blank\" href=\"http:\/\/www.schoene-nachrichten.de\/wp-content\/uploads\/2007\/04\/070420_Uewag_37.jpg\" title=\"Foto: Max Colin Heydenreich\"><img decoding=\"async\" width=\"128\" src=\"http:\/\/www.schoene-nachrichten.de\/wp-content\/uploads\/2007\/04\/070420_Uewag_37.thumbnail.jpg\" alt=\"070420_Uewag_37.jpg\" \/><\/a><\/p>\n<p>Anlass f\u00fcr den Malwettbewerb war die Erneuerung und Erweiterung des Kundenzentrums der \u00dcWAG in der Fuldaer Bahnhofstra\u00dfe. Im Rahmen des Umbaus hatte der Energieversorger die Grundschulklassen der Region sowie die Kinder-Akademie Fulda eingeladen, den Bauzaun f\u00fcr das \u00dcWAG-Geb\u00e4ude mit Pinsel und Farbe zu gestalten. Allen Klassen und Arbeitsgruppen, die mitmachen wollten, stellte die \u00dcWAG eines der fast zwei Meter hohen und ebenso breiten Bauzaun-Elemente sowie alle notwendigen Malutensilien zur Verf\u00fcgung: Insgesamt 35 bunte Motive im XXL-Format kamen bei der \u00dcWAG an.\u00c2\u00a0<\/p>\n<p><a rel=\"lightbox[roadtrip]\" target=\"_blank\" href=\"http:\/\/www.schoene-nachrichten.de\/wp-content\/uploads\/2007\/04\/070420_Uewag_21.jpg\" title=\"Foto: Max Colin Heydenreich\"><img decoding=\"async\" width=\"128\" src=\"http:\/\/www.schoene-nachrichten.de\/wp-content\/uploads\/2007\/04\/070420_Uewag_21.thumbnail.jpg\" alt=\"070420_Uewag_21.jpg\" \/><\/a> <a rel=\"lightbox[roadtrip]\" target=\"_blank\" href=\"http:\/\/www.schoene-nachrichten.de\/wp-content\/uploads\/2007\/04\/070420_Uewag_20.jpg\" title=\"Foto: Max Colin Heydenreich\"><img decoding=\"async\" width=\"128\" src=\"http:\/\/www.schoene-nachrichten.de\/wp-content\/uploads\/2007\/04\/070420_Uewag_20.thumbnail.jpg\" alt=\"070420_Uewag_20.jpg\" \/><\/a> <a rel=\"lightbox[roadtrip]\" target=\"_blank\" href=\"http:\/\/www.schoene-nachrichten.de\/wp-content\/uploads\/2007\/04\/070420_Uewag_19.jpg\" title=\"Foto: Max Colin Heydenreich\"><img decoding=\"async\" width=\"128\" src=\"http:\/\/www.schoene-nachrichten.de\/wp-content\/uploads\/2007\/04\/070420_Uewag_19.thumbnail.jpg\" alt=\"070420_Uewag_19.jpg\" \/><\/a><\/p>\n<p><a rel=\"lightbox[roadtrip]\" target=\"_blank\" href=\"http:\/\/www.schoene-nachrichten.de\/wp-content\/uploads\/2007\/04\/070420_Uewag_36.jpg\" title=\"Foto: Max Colin Heydenreich\"><img decoding=\"async\" width=\"128\" src=\"http:\/\/www.schoene-nachrichten.de\/wp-content\/uploads\/2007\/04\/070420_Uewag_36.thumbnail.jpg\" alt=\"070420_Uewag_36.jpg\" \/><\/a> <a rel=\"lightbox[roadtrip]\" target=\"_blank\" href=\"http:\/\/www.schoene-nachrichten.de\/wp-content\/uploads\/2007\/04\/070420_Uewag_35.jpg\" title=\"Foto: Max Colin Heydenreich\"><img decoding=\"async\" width=\"128\" src=\"http:\/\/www.schoene-nachrichten.de\/wp-content\/uploads\/2007\/04\/070420_Uewag_35.thumbnail.jpg\" alt=\"070420_Uewag_35.jpg\" \/><\/a> <a rel=\"lightbox[roadtrip]\" target=\"_blank\" href=\"http:\/\/www.schoene-nachrichten.de\/wp-content\/uploads\/2007\/04\/070420_Uewag_34.jpg\" title=\"Foto: Max Colin Heydenreich\"><img decoding=\"async\" width=\"128\" src=\"http:\/\/www.schoene-nachrichten.de\/wp-content\/uploads\/2007\/04\/070420_Uewag_34.thumbnail.jpg\" alt=\"070420_Uewag_34.jpg\" \/><\/a><\/p>\n<p>Eine sechsk\u00f6pfige Jury k\u00fcrte anschlie\u00dfend insgesamt zehn Gewinner: Heidtrud Paschmann und Joachim Pfannm\u00fcller von den staatlichen Schul\u00e4mtern in Fulda und im Main-Kinzig-Kreis, Michael Schwab, Magistratspressesprecher der Stadt Fulda, Michael Tillmann, Ressortleiter Lokales bei der Fuldaer Zeitung sowie Bernhard Herber und Michael Nix von der \u00dcWAG hatten die schwierige Aufgabe, die sch\u00f6nsten Bilder auszuw\u00e4hlen. Neben den zehn Preistr\u00e4gern, die mit interessanten Sachpreisen belohnt wurden, erhielten alle teilnehmenden Klassen von der \u00dcWAG ein Anerkennungs-Geschenk als Dankesch\u00f6n.<\/p>\n<p><a rel=\"lightbox[roadtrip]\" target=\"_blank\" href=\"http:\/\/www.schoene-nachrichten.de\/wp-content\/uploads\/2007\/04\/070420_Uewag_06.jpg\" title=\"Foto: Max Colin Heydenreich\"><img decoding=\"async\" width=\"128\" src=\"http:\/\/www.schoene-nachrichten.de\/wp-content\/uploads\/2007\/04\/070420_Uewag_06.thumbnail.jpg\" alt=\"070420_Uewag_06.jpg\" \/><\/a> <a rel=\"lightbox[roadtrip]\" target=\"_blank\" href=\"http:\/\/www.schoene-nachrichten.de\/wp-content\/uploads\/2007\/04\/070420_Uewag_05.jpg\" title=\"Foto: Max Colin Heydenreich\"><img decoding=\"async\" width=\"128\" src=\"http:\/\/www.schoene-nachrichten.de\/wp-content\/uploads\/2007\/04\/070420_Uewag_05.thumbnail.jpg\" alt=\"070420_Uewag_05.jpg\" \/><\/a> <a rel=\"lightbox[roadtrip]\" target=\"_blank\" href=\"http:\/\/www.schoene-nachrichten.de\/wp-content\/uploads\/2007\/04\/070420_Uewag_04.jpg\" title=\"Foto: Max Colin Heydenreich\"><img decoding=\"async\" width=\"128\" src=\"http:\/\/www.schoene-nachrichten.de\/wp-content\/uploads\/2007\/04\/070420_Uewag_04.thumbnail.jpg\" alt=\"070420_Uewag_04.jpg\" \/><\/a><\/p>\n<p><a rel=\"lightbox[roadtrip]\" target=\"_blank\" href=\"http:\/\/www.schoene-nachrichten.de\/wp-content\/uploads\/2007\/04\/070420_Uewag_30.jpg\" title=\"Foto: Max Colin Heydenreich\"><img decoding=\"async\" width=\"128\" src=\"http:\/\/www.schoene-nachrichten.de\/wp-content\/uploads\/2007\/04\/070420_Uewag_30.thumbnail.jpg\" alt=\"070420_Uewag_30.jpg\" \/><\/a> <a rel=\"lightbox[roadtrip]\" target=\"_blank\" href=\"http:\/\/www.schoene-nachrichten.de\/wp-content\/uploads\/2007\/04\/070420_Uewag_29.jpg\" title=\"Foto: Max Colin Heydenreich\"><img decoding=\"async\" width=\"128\" src=\"http:\/\/www.schoene-nachrichten.de\/wp-content\/uploads\/2007\/04\/070420_Uewag_29.thumbnail.jpg\" alt=\"070420_Uewag_29.jpg\" \/><\/a> <a rel=\"lightbox[roadtrip]\" target=\"_blank\" href=\"http:\/\/www.schoene-nachrichten.de\/wp-content\/uploads\/2007\/04\/070420_Uewag_28.jpg\" title=\"Foto: Max Colin Heydenreich\"><img decoding=\"async\" width=\"128\" src=\"http:\/\/www.schoene-nachrichten.de\/wp-content\/uploads\/2007\/04\/070420_Uewag_28.thumbnail.jpg\" alt=\"070420_Uewag_28.jpg\" \/><\/a><\/p>\n<p>Die gesammelten Kunstwerke werden jetzt mit einer speziellen Schutzimpr\u00e4gnierung wetterfest gemacht und anschlie\u00dfend am Bauzaun rund um das \u00dcWAG-Geb\u00e4ude in Fuldas Innenstadt angebracht. Dort sind die bunten Kinder-Kunstwerke dann bis zum Abschluss der Bauarbeiten zu bewundern.<\/p>\n<p><a rel=\"lightbox[roadtrip]\" target=\"_blank\" href=\"http:\/\/www.schoene-nachrichten.de\/wp-content\/uploads\/2007\/04\/070420_Uewag_03.jpg\" title=\"Foto: Max Colin Heydenreich\"><img decoding=\"async\" width=\"128\" src=\"http:\/\/www.schoene-nachrichten.de\/wp-content\/uploads\/2007\/04\/070420_Uewag_03.thumbnail.jpg\" alt=\"070420_Uewag_03.jpg\" \/><\/a> <a rel=\"lightbox[roadtrip]\" target=\"_blank\" href=\"http:\/\/www.schoene-nachrichten.de\/wp-content\/uploads\/2007\/04\/070420_Uewag_02.jpg\" title=\"Foto: Max Colin Heydenreich\"><img decoding=\"async\" width=\"128\" src=\"http:\/\/www.schoene-nachrichten.de\/wp-content\/uploads\/2007\/04\/070420_Uewag_02.thumbnail.jpg\" alt=\"070420_Uewag_02.jpg\" \/><\/a> <a rel=\"lightbox[roadtrip]\" target=\"_blank\" href=\"http:\/\/www.schoene-nachrichten.de\/wp-content\/uploads\/2007\/04\/070420_Uewag_01.jpg\" title=\"Foto: Max Colin Heydenreich\"><img decoding=\"async\" width=\"128\" src=\"http:\/\/www.schoene-nachrichten.de\/wp-content\/uploads\/2007\/04\/070420_Uewag_01.thumbnail.jpg\" alt=\"070420_Uewag_01.jpg\" \/><\/a><\/p>\n<p><a rel=\"lightbox[roadtrip]\" target=\"_blank\" href=\"http:\/\/www.schoene-nachrichten.de\/wp-content\/uploads\/2007\/04\/070420_Uewag_27.jpg\" title=\"Foto: Max Colin Heydenreich\"><img decoding=\"async\" width=\"128\" src=\"http:\/\/www.schoene-nachrichten.de\/wp-content\/uploads\/2007\/04\/070420_Uewag_27.thumbnail.jpg\" alt=\"070420_Uewag_27.jpg\" \/><\/a> <a rel=\"lightbox[roadtrip]\" target=\"_blank\" href=\"http:\/\/www.schoene-nachrichten.de\/wp-content\/uploads\/2007\/04\/070420_Uewag_26.jpg\" title=\"Foto: Max Colin Heydenreich\"><img decoding=\"async\" width=\"128\" src=\"http:\/\/www.schoene-nachrichten.de\/wp-content\/uploads\/2007\/04\/070420_Uewag_26.thumbnail.jpg\" alt=\"070420_Uewag_26.jpg\" \/><\/a> <a rel=\"lightbox[roadtrip]\" target=\"_blank\" href=\"http:\/\/www.schoene-nachrichten.de\/wp-content\/uploads\/2007\/04\/070420_Uewag_25.jpg\" title=\"Foto: Max Colin Heydenreich\"><img decoding=\"async\" width=\"128\" src=\"http:\/\/www.schoene-nachrichten.de\/wp-content\/uploads\/2007\/04\/070420_Uewag_25.thumbnail.jpg\" alt=\"070420_Uewag_25.jpg\" \/><\/a><\/p>\n<p><strong>Die Preistr\u00e4ger des \u00dcWAG-Bauzaun-Malwettbewerbs<\/strong><\/p>\n<p>1. Platz:\u00c2\u00a0Grundschule St. Georg, Gro\u00dfenl\u00fcder, Klasse 4b<br \/>\n2. Platz:\u00c2\u00a0Fliedetalschule, Flieden, Klasse 4a<br \/>\n3. Platz:\u00c2\u00a0Grundschule Marjo\u00df, Steinau a. d. Stra\u00dfe-Marjo\u00df, Klasse 1\/2<\/p>\n<p>4. Platz:\u00c2\u00a0Grundschule St. Georg, Gro\u00dfenl\u00fcder, Klasse 1b<br \/>\n5. Platz:\u00c2\u00a0Grundschule St. Georg, Gro\u00dfenl\u00fcder, Klasse 4a<br \/>\n6. Platz:\u00c2\u00a0Landr\u00fcckenschule Wallroth, Schl\u00fcchtern-Wallroth, Klasse 4<br \/>\n7. Platz:\u00c2\u00a0Grundschule Weyhers, Ebersburg-Weyhers, Klasse 3<br \/>\n8. Platz:\u00c2\u00a0Br\u00fcder-Grimm-Schule, Steinau a. d. Stra\u00dfe, Klasse 4b<br \/>\n9. Platz:\u00c2\u00a0Finkenbergschule Kleinl\u00fcder, Gro\u00dfenl\u00fcder-Kleinl\u00fcder, Klasse 3\/4<br \/>\n10. Platz:\u00c2\u00a0Marquardschule, Fulda, Klasse 4b<\/p>\n","protected":false},"excerpt":{"rendered":"<div class=\"tmnf_excerpt\"><p>Sch\u00f6nes aus Fulda. Energie sinnvoll nutzen und damit die Umwelt und das Klima schonen: die Klasse 4b der Grundschule St. Georg in Gro\u00dfenl\u00fcder hatte sich f\u00fcr ihren Beitrag zum \u00dcWAG-Bauzaun-Malwettbewerb ein aktuelles Thema ausgesucht und damit die Jury \u00fcberzeugt. Fotos (54): Max Colin Heydenreich<\/p>\n<\/div>","protected":false},"author":1,"featured_media":0,"comment_status":"closed","ping_status":"closed","sticky":false,"template":"","format":"standard","meta":{"footnotes":""},"categories":[1,54,44],"tags":[],"class_list":["post-2661","post","type-post","status-publish","format-standard","hentry","category-startseite","category-bildergalerien","category-kultur"],"_links":{"self":[{"href":"https:\/\/www.fuldaernachrichten.de\/index.php?rest_route=\/wp\/v2\/posts\/2661","targetHints":{"allow":["GET"]}}],"collection":[{"href":"https:\/\/www.fuldaernachrichten.de\/index.php?rest_route=\/wp\/v2\/posts"}],"about":[{"href":"https:\/\/www.fuldaernachrichten.de\/index.php?rest_route=\/wp\/v2\/types\/post"}],"author":[{"embeddable":true,"href":"https:\/\/www.fuldaernachrichten.de\/index.php?rest_route=\/wp\/v2\/users\/1"}],"replies":[{"embeddable":true,"href":"https:\/\/www.fuldaernachrichten.de\/index.php?rest_route=%2Fwp%2Fv2%2Fcomments&post=2661"}],"version-history":[{"count":0,"href":"https:\/\/www.fuldaernachrichten.de\/index.php?rest_route=\/wp\/v2\/posts\/2661\/revisions"}],"wp:attachment":[{"href":"https:\/\/www.fuldaernachrichten.de\/index.php?rest_route=%2Fwp%2Fv2%2Fmedia&parent=2661"}],"wp:term":[{"taxonomy":"category","embeddable":true,"href":"https:\/\/www.fuldaernachrichten.de\/index.php?rest_route=%2Fwp%2Fv2%2Fcategories&post=2661"},{"taxonomy":"post_tag","embeddable":true,"href":"https:\/\/www.fuldaernachrichten.de\/index.php?rest_route=%2Fwp%2Fv2%2Ftags&post=2661"}],"curies":[{"name":"wp","href":"https:\/\/api.w.org\/{rel}","templated":true}]}}