{"id":2647,"date":"2007-04-20T05:00:06","date_gmt":"2007-04-20T03:00:06","guid":{"rendered":"http:\/\/www.schoene-nachrichten.de\/?p=2647"},"modified":"2007-04-20T10:12:07","modified_gmt":"2007-04-20T08:12:07","slug":"gesundheit-macht-mobil-expertenrunde-im-klinikum","status":"publish","type":"post","link":"https:\/\/www.fuldaernachrichten.de\/?p=2647","title":{"rendered":"&#8220;Gesundheit macht mobil&#8221; &#8211; Expertenrunde im Klinikum"},"content":{"rendered":"<p><strong>Sch\u00f6nes aus Fulda.<\/strong> Bewegung und Ausdauersport spielen f\u00fcr die Gesundheit eine wichtige Rolle. Deshalb empfehlen Mediziner Jogging, Walking und das Gelenk schonende Nordic Walking. Im Klinikum Fulda hielten gestern Abend vier Experten Vortr\u00e4ge dar\u00fcber, wie sich Sport auf K\u00f6rper und Geist auswirken kann. Die Veranstaltung stand unter dem Motto \u201eGesundheit macht mobil\u201c und wurde von Prof. Dr. Daniel Jaspersen, Direktor der Medizinischen Klinik II, moderiert. Bei der Veranstaltung handelte es sich um die dritte und letzte Expertenrunde im Vorfeld des GWV-Challengelaufs.<\/p>\n<p><strong>Fotos (27):<\/strong> Max Colin Heydenreich<\/p>\n<p><a rel=\"lightbox[roadtrip]\" target=\"_blank\" href=\"http:\/\/www.schoene-nachrichten.de\/wp-content\/uploads\/2007\/04\/070419_GWV_24.jpg\" title=\"Foto: Max Colin Heydenreich\"><img decoding=\"async\" width=\"128\" src=\"http:\/\/www.schoene-nachrichten.de\/wp-content\/uploads\/2007\/04\/070419_GWV_24.thumbnail.jpg\" alt=\"070419_GWV_24.jpg\" \/><\/a> <a rel=\"lightbox[roadtrip]\" target=\"_blank\" href=\"http:\/\/www.schoene-nachrichten.de\/wp-content\/uploads\/2007\/04\/070419_GWV_23.jpg\" title=\"Foto: Max Colin Heydenreich\"><img decoding=\"async\" width=\"128\" src=\"http:\/\/www.schoene-nachrichten.de\/wp-content\/uploads\/2007\/04\/070419_GWV_23.thumbnail.jpg\" alt=\"070419_GWV_23.jpg\" \/><\/a> <a rel=\"lightbox[roadtrip]\" target=\"_blank\" href=\"http:\/\/www.schoene-nachrichten.de\/wp-content\/uploads\/2007\/04\/070419_GWV_22.jpg\" title=\"Foto: Max Colin Heydenreich\"><img decoding=\"async\" width=\"128\" src=\"http:\/\/www.schoene-nachrichten.de\/wp-content\/uploads\/2007\/04\/070419_GWV_22.thumbnail.jpg\" alt=\"070419_GWV_22.jpg\" \/><\/a><\/p>\n<p><a rel=\"lightbox[roadtrip]\" target=\"_blank\" href=\"http:\/\/www.schoene-nachrichten.de\/wp-content\/uploads\/2007\/04\/070419_GWV_21.jpg\" title=\"Foto: Max Colin Heydenreich\"><img decoding=\"async\" width=\"128\" src=\"http:\/\/www.schoene-nachrichten.de\/wp-content\/uploads\/2007\/04\/070419_GWV_21.thumbnail.jpg\" alt=\"070419_GWV_21.jpg\" \/><\/a> <a rel=\"lightbox[roadtrip]\" target=\"_blank\" href=\"http:\/\/www.schoene-nachrichten.de\/wp-content\/uploads\/2007\/04\/070419_GWV_20.jpg\" title=\"Foto: Max Colin Heydenreich\"><img decoding=\"async\" width=\"128\" src=\"http:\/\/www.schoene-nachrichten.de\/wp-content\/uploads\/2007\/04\/070419_GWV_20.thumbnail.jpg\" alt=\"070419_GWV_20.jpg\" \/><\/a> <a rel=\"lightbox[roadtrip]\" target=\"_blank\" href=\"http:\/\/www.schoene-nachrichten.de\/wp-content\/uploads\/2007\/04\/070419_GWV_19.jpg\" title=\"Foto: Max Colin Heydenreich\"><img decoding=\"async\" width=\"128\" src=\"http:\/\/www.schoene-nachrichten.de\/wp-content\/uploads\/2007\/04\/070419_GWV_19.thumbnail.jpg\" alt=\"070419_GWV_19.jpg\" \/><\/a><\/p>\n<p><!--more-->Der Challenge-Lauf ist ein Mannschaftsstrassenlauf bei dem Frauen-, M\u00e4nner- und Mixed-Teams starten. Ein Team besteht aus vier Personen. Das Sport-Event findet am Samstag, dem 5. Mai statt. Gestartet wird bei\u00c2\u00a0 der GWV Fulda in der Rangstrasse 10.\u00c2\u00a0 Ziel ist die Sportwelt Osthessen in K\u00fcnzell. Zwischen Start und Ziel liegen ca. 6 km Lauf- oder Walking-Strecke.<\/p>\n<p><a rel=\"lightbox[roadtrip]\" target=\"_blank\" href=\"http:\/\/www.schoene-nachrichten.de\/wp-content\/uploads\/2007\/04\/070419_GWV_18.jpg\" title=\"Foto: Max Colin Heydenreich\"><img decoding=\"async\" width=\"128\" src=\"http:\/\/www.schoene-nachrichten.de\/wp-content\/uploads\/2007\/04\/070419_GWV_18.thumbnail.jpg\" alt=\"070419_GWV_18.jpg\" \/><\/a> <a rel=\"lightbox[roadtrip]\" target=\"_blank\" href=\"http:\/\/www.schoene-nachrichten.de\/wp-content\/uploads\/2007\/04\/070419_GWV_17.jpg\" title=\"Foto: Max Colin Heydenreich\"><img decoding=\"async\" width=\"128\" src=\"http:\/\/www.schoene-nachrichten.de\/wp-content\/uploads\/2007\/04\/070419_GWV_17.thumbnail.jpg\" alt=\"070419_GWV_17.jpg\" \/><\/a> <a rel=\"lightbox[roadtrip]\" target=\"_blank\" href=\"http:\/\/www.schoene-nachrichten.de\/wp-content\/uploads\/2007\/04\/070419_GWV_16.jpg\" title=\"Foto: Max Colin Heydenreich\"><img decoding=\"async\" width=\"128\" src=\"http:\/\/www.schoene-nachrichten.de\/wp-content\/uploads\/2007\/04\/070419_GWV_16.thumbnail.jpg\" alt=\"070419_GWV_16.jpg\" \/><\/a><\/p>\n<p><a rel=\"lightbox[roadtrip]\" target=\"_blank\" href=\"http:\/\/www.schoene-nachrichten.de\/wp-content\/uploads\/2007\/04\/070419_GWV_15.jpg\" title=\"Foto: Max Colin Heydenreich\"><img decoding=\"async\" width=\"128\" src=\"http:\/\/www.schoene-nachrichten.de\/wp-content\/uploads\/2007\/04\/070419_GWV_15.thumbnail.jpg\" alt=\"070419_GWV_15.jpg\" \/><\/a> <a rel=\"lightbox[roadtrip]\" target=\"_blank\" href=\"http:\/\/www.schoene-nachrichten.de\/wp-content\/uploads\/2007\/04\/070419_GWV_14.jpg\" title=\"Foto: Max Colin Heydenreich\"><img decoding=\"async\" width=\"128\" src=\"http:\/\/www.schoene-nachrichten.de\/wp-content\/uploads\/2007\/04\/070419_GWV_14.thumbnail.jpg\" alt=\"070419_GWV_14.jpg\" \/><\/a> <a rel=\"lightbox[roadtrip]\" target=\"_blank\" href=\"http:\/\/www.schoene-nachrichten.de\/wp-content\/uploads\/2007\/04\/070419_GWV_13.jpg\" title=\"Foto: Max Colin Heydenreich\"><img decoding=\"async\" width=\"128\" src=\"http:\/\/www.schoene-nachrichten.de\/wp-content\/uploads\/2007\/04\/070419_GWV_13.thumbnail.jpg\" alt=\"070419_GWV_13.jpg\" \/><\/a><\/p>\n<p>Teamgeist, Freude am Laufen, Begeisterung f\u00fcr den Laufsport und ein soziales Engagement stehen nach Angaben der Veranstalter im Vordergrund des GWV Challenge-Laufes. Der Ertrag der Veranstaltung soll der FZ-Spendenaktion \u201eIch brauche Deine Hilfe\u201c zugute kommen<\/p>\n<p><a rel=\"lightbox[roadtrip]\" target=\"_blank\" href=\"http:\/\/www.schoene-nachrichten.de\/wp-content\/uploads\/2007\/04\/070419_GWV_12.jpg\" title=\"Foto: Max Colin Heydenreich\"><img decoding=\"async\" width=\"128\" src=\"http:\/\/www.schoene-nachrichten.de\/wp-content\/uploads\/2007\/04\/070419_GWV_12.thumbnail.jpg\" alt=\"070419_GWV_12.jpg\" \/><\/a> <a rel=\"lightbox[roadtrip]\" target=\"_blank\" href=\"http:\/\/www.schoene-nachrichten.de\/wp-content\/uploads\/2007\/04\/070419_GWV_11.jpg\" title=\"Foto: Max Colin Heydenreich\"><img decoding=\"async\" width=\"128\" src=\"http:\/\/www.schoene-nachrichten.de\/wp-content\/uploads\/2007\/04\/070419_GWV_11.thumbnail.jpg\" alt=\"070419_GWV_11.jpg\" \/><\/a> <a rel=\"lightbox[roadtrip]\" target=\"_blank\" href=\"http:\/\/www.schoene-nachrichten.de\/wp-content\/uploads\/2007\/04\/070419_GWV_10.jpg\" title=\"Foto: Max Colin Heydenreich\"><img decoding=\"async\" width=\"128\" src=\"http:\/\/www.schoene-nachrichten.de\/wp-content\/uploads\/2007\/04\/070419_GWV_10.thumbnail.jpg\" alt=\"070419_GWV_10.jpg\" \/><\/a><\/p>\n<p><a rel=\"lightbox[roadtrip]\" target=\"_blank\" href=\"http:\/\/www.schoene-nachrichten.de\/wp-content\/uploads\/2007\/04\/070419_GWV_09.jpg\" title=\"Foto: Max Colin Heydenreich\"><img decoding=\"async\" width=\"128\" src=\"http:\/\/www.schoene-nachrichten.de\/wp-content\/uploads\/2007\/04\/070419_GWV_09.thumbnail.jpg\" alt=\"070419_GWV_09.jpg\" \/><\/a> <a rel=\"lightbox[roadtrip]\" target=\"_blank\" href=\"http:\/\/www.schoene-nachrichten.de\/wp-content\/uploads\/2007\/04\/070419_GWV_08.jpg\" title=\"Foto: Max Colin Heydenreich\"><img decoding=\"async\" width=\"128\" src=\"http:\/\/www.schoene-nachrichten.de\/wp-content\/uploads\/2007\/04\/070419_GWV_08.thumbnail.jpg\" alt=\"070419_GWV_08.jpg\" \/><\/a> <a rel=\"lightbox[roadtrip]\" target=\"_blank\" href=\"http:\/\/www.schoene-nachrichten.de\/wp-content\/uploads\/2007\/04\/070419_GWV_07.jpg\" title=\"Foto: Max Colin Heydenreich\"><img decoding=\"async\" width=\"128\" src=\"http:\/\/www.schoene-nachrichten.de\/wp-content\/uploads\/2007\/04\/070419_GWV_07.thumbnail.jpg\" alt=\"070419_GWV_07.jpg\" \/><\/a><\/p>\n<p><a rel=\"lightbox[roadtrip]\" target=\"_blank\" href=\"http:\/\/www.schoene-nachrichten.de\/wp-content\/uploads\/2007\/04\/070419_GWV_06.jpg\" title=\"Foto: Max Colin Heydenreich\"><img decoding=\"async\" width=\"128\" src=\"http:\/\/www.schoene-nachrichten.de\/wp-content\/uploads\/2007\/04\/070419_GWV_06.thumbnail.jpg\" alt=\"070419_GWV_06.jpg\" \/><\/a> <a rel=\"lightbox[roadtrip]\" target=\"_blank\" href=\"http:\/\/www.schoene-nachrichten.de\/wp-content\/uploads\/2007\/04\/070419_GWV_05.jpg\" title=\"Foto: Max Colin Heydenreich\"><img decoding=\"async\" width=\"128\" src=\"http:\/\/www.schoene-nachrichten.de\/wp-content\/uploads\/2007\/04\/070419_GWV_05.thumbnail.jpg\" alt=\"070419_GWV_05.jpg\" \/><\/a> <a rel=\"lightbox[roadtrip]\" target=\"_blank\" href=\"http:\/\/www.schoene-nachrichten.de\/wp-content\/uploads\/2007\/04\/070419_GWV_04.jpg\" title=\"Foto: Max Colin Heydenreich\"><img decoding=\"async\" width=\"128\" src=\"http:\/\/www.schoene-nachrichten.de\/wp-content\/uploads\/2007\/04\/070419_GWV_04.thumbnail.jpg\" alt=\"070419_GWV_04.jpg\" \/><\/a><\/p>\n<p><a rel=\"lightbox[roadtrip]\" target=\"_blank\" href=\"http:\/\/www.schoene-nachrichten.de\/wp-content\/uploads\/2007\/04\/070419_GWV_03.jpg\" title=\"Foto: Max Colin Heydenreich\"><img decoding=\"async\" width=\"128\" src=\"http:\/\/www.schoene-nachrichten.de\/wp-content\/uploads\/2007\/04\/070419_GWV_03.thumbnail.jpg\" alt=\"070419_GWV_03.jpg\" \/><\/a> <a rel=\"lightbox[roadtrip]\" target=\"_blank\" href=\"http:\/\/www.schoene-nachrichten.de\/wp-content\/uploads\/2007\/04\/070419_GWV_02.jpg\" title=\"Foto: Max Colin Heydenreich\"><img decoding=\"async\" width=\"128\" src=\"http:\/\/www.schoene-nachrichten.de\/wp-content\/uploads\/2007\/04\/070419_GWV_02.thumbnail.jpg\" alt=\"070419_GWV_02.jpg\" \/><\/a> <a rel=\"lightbox[roadtrip]\" target=\"_blank\" href=\"http:\/\/www.schoene-nachrichten.de\/wp-content\/uploads\/2007\/04\/070419_GWV_01.jpg\" title=\"Foto: Max Colin Heydenreich\"><img decoding=\"async\" width=\"128\" src=\"http:\/\/www.schoene-nachrichten.de\/wp-content\/uploads\/2007\/04\/070419_GWV_01.thumbnail.jpg\" alt=\"070419_GWV_01.jpg\" \/><\/a><\/p>\n","protected":false},"excerpt":{"rendered":"<div class=\"tmnf_excerpt\"><p>Sch\u00f6nes aus Fulda. Bewegung und Ausdauersport spielen f\u00fcr die Gesundheit eine wichtige Rolle. Deshalb empfehlen Mediziner Jogging, Walking und das Gelenk schonende Nordic Walking. Im Klinikum Fulda hielten gestern Abend vier Experten Vortr\u00e4ge dar\u00fcber, wie sich Sport auf K\u00f6rper und Geist auswirken kann. Die Veranstaltung stand unter dem Motto \u201eGesundheit macht mobil\u201c und wurde von &hellip;<\/p>\n<\/div>","protected":false},"author":1,"featured_media":0,"comment_status":"closed","ping_status":"closed","sticky":false,"template":"","format":"standard","meta":{"footnotes":""},"categories":[1,54,46],"tags":[],"class_list":["post-2647","post","type-post","status-publish","format-standard","hentry","category-startseite","category-bildergalerien","category-sport"],"_links":{"self":[{"href":"https:\/\/www.fuldaernachrichten.de\/index.php?rest_route=\/wp\/v2\/posts\/2647","targetHints":{"allow":["GET"]}}],"collection":[{"href":"https:\/\/www.fuldaernachrichten.de\/index.php?rest_route=\/wp\/v2\/posts"}],"about":[{"href":"https:\/\/www.fuldaernachrichten.de\/index.php?rest_route=\/wp\/v2\/types\/post"}],"author":[{"embeddable":true,"href":"https:\/\/www.fuldaernachrichten.de\/index.php?rest_route=\/wp\/v2\/users\/1"}],"replies":[{"embeddable":true,"href":"https:\/\/www.fuldaernachrichten.de\/index.php?rest_route=%2Fwp%2Fv2%2Fcomments&post=2647"}],"version-history":[{"count":0,"href":"https:\/\/www.fuldaernachrichten.de\/index.php?rest_route=\/wp\/v2\/posts\/2647\/revisions"}],"wp:attachment":[{"href":"https:\/\/www.fuldaernachrichten.de\/index.php?rest_route=%2Fwp%2Fv2%2Fmedia&parent=2647"}],"wp:term":[{"taxonomy":"category","embeddable":true,"href":"https:\/\/www.fuldaernachrichten.de\/index.php?rest_route=%2Fwp%2Fv2%2Fcategories&post=2647"},{"taxonomy":"post_tag","embeddable":true,"href":"https:\/\/www.fuldaernachrichten.de\/index.php?rest_route=%2Fwp%2Fv2%2Ftags&post=2647"}],"curies":[{"name":"wp","href":"https:\/\/api.w.org\/{rel}","templated":true}]}}