{"id":2630,"date":"2007-04-18T19:53:28","date_gmt":"2007-04-18T17:53:28","guid":{"rendered":"http:\/\/www.schoene-nachrichten.de\/?p=2630"},"modified":"2007-04-18T19:58:53","modified_gmt":"2007-04-18T17:58:53","slug":"general-motors-zeichnete-edag-aus-lieferant-des-jahres-2006","status":"publish","type":"post","link":"https:\/\/www.fuldaernachrichten.de\/?p=2630","title":{"rendered":"General Motors zeichnete EDAG aus &#8211; &#8220;Lieferant des Jahres 2006&#8221;"},"content":{"rendered":"<p><strong><a rel=\"lightbox[roadtrip]\" target=\"_blank\" href=\"http:\/\/www.schoene-nachrichten.de\/wp-content\/uploads\/2007\/04\/070418-edag_a.jpg\" title=\"070418-edag_a.jpg\"><img decoding=\"async\" align=\"left\" src=\"http:\/\/www.schoene-nachrichten.de\/wp-content\/uploads\/2007\/04\/070418-edag_a.thumbnail.jpg\" hspace=\"5\" alt=\"070418-edag_a.jpg\" \/><\/a>Sch\u00f6nes aus Fulda.<\/strong> Die EDAG\u00c2\u00a0wurde von General Motors als \u201eLieferant des Jahres 2006\u00e2\u20ac\u009d ausgezeichnet.\u00c2\u00a0Das Unternehmen\u00c2\u00a0wurde f\u00fcr die Gesamtgesch\u00e4ftsleistung bei der weltweiten Versorgung des GM-Konzerns mit Teilen und Dienstleistungen auf h\u00f6chstem Niveau geehrt.\u00c2\u00a0Die Verleihung fand unter dem Motto \u201eBest of the Best\u00e2\u20ac\u009d Ende M\u00e4rz in\u00c2\u00a0Orlando, Florida statt.<\/p>\n<p><!--more-->1992 begann GM damit, die besten Lieferanten nach Qualit\u00e4t, Service, Technologie und Preis auszuzeichnen. In diesem Jahr wurden 89 Lieferanten\u00c2\u00a0von General Motors geehrt.\u00c2\u00a0Der EDAG Konzern\u00c2\u00a0wurde in den 15 Jahren bereits elf Mal ausgezeichnet, davon vier Mal f\u00fcr den Bereich Manufacturing Equipment (Entwicklung und Bau von Produktionsanlagen).<\/p>\n<p>Wie Pressesprecher Christoph Horvath mitteilte, wurden dieses Mal speziell die Leistung in den Projekten f\u00fcr Produktionsanlagen des neuen Opel Corsa in Eisenach und im spanischen Zaragoza, die Integration des Opel Combo in Zaragoza und den reibungslosen Produktionsanlauf des neuen Saturn Vue im mexikanischen Werk Ramos Arispe hervorgehoben.<\/p>\n<p>F\u00fcr das EDAG Tochterunternehmen FFT EDAG Produktionssyteme GmbH\u00c2\u00a0hatten Manfred Hahl als Gesch\u00e4ftf\u00fchrer und Dr. Andreas Quanz als Gesch\u00e4ftbereichsleiter GM den Award in Orlando entgegengenommen.<\/p>\n","protected":false},"excerpt":{"rendered":"<div class=\"tmnf_excerpt\"><p>Sch\u00f6nes aus Fulda. Die EDAG\u00c2\u00a0wurde von General Motors als \u201eLieferant des Jahres 2006\u00e2\u20ac\u009d ausgezeichnet.\u00c2\u00a0Das Unternehmen\u00c2\u00a0wurde f\u00fcr die Gesamtgesch\u00e4ftsleistung bei der weltweiten Versorgung des GM-Konzerns mit Teilen und Dienstleistungen auf h\u00f6chstem Niveau geehrt.\u00c2\u00a0Die Verleihung fand unter dem Motto \u201eBest of the Best\u00e2\u20ac\u009d Ende M\u00e4rz in\u00c2\u00a0Orlando, Florida statt.<\/p>\n<\/div>","protected":false},"author":1,"featured_media":0,"comment_status":"closed","ping_status":"closed","sticky":false,"template":"","format":"standard","meta":{"footnotes":""},"categories":[1,35],"tags":[],"class_list":["post-2630","post","type-post","status-publish","format-standard","hentry","category-startseite","category-auto"],"_links":{"self":[{"href":"https:\/\/www.fuldaernachrichten.de\/index.php?rest_route=\/wp\/v2\/posts\/2630","targetHints":{"allow":["GET"]}}],"collection":[{"href":"https:\/\/www.fuldaernachrichten.de\/index.php?rest_route=\/wp\/v2\/posts"}],"about":[{"href":"https:\/\/www.fuldaernachrichten.de\/index.php?rest_route=\/wp\/v2\/types\/post"}],"author":[{"embeddable":true,"href":"https:\/\/www.fuldaernachrichten.de\/index.php?rest_route=\/wp\/v2\/users\/1"}],"replies":[{"embeddable":true,"href":"https:\/\/www.fuldaernachrichten.de\/index.php?rest_route=%2Fwp%2Fv2%2Fcomments&post=2630"}],"version-history":[{"count":0,"href":"https:\/\/www.fuldaernachrichten.de\/index.php?rest_route=\/wp\/v2\/posts\/2630\/revisions"}],"wp:attachment":[{"href":"https:\/\/www.fuldaernachrichten.de\/index.php?rest_route=%2Fwp%2Fv2%2Fmedia&parent=2630"}],"wp:term":[{"taxonomy":"category","embeddable":true,"href":"https:\/\/www.fuldaernachrichten.de\/index.php?rest_route=%2Fwp%2Fv2%2Fcategories&post=2630"},{"taxonomy":"post_tag","embeddable":true,"href":"https:\/\/www.fuldaernachrichten.de\/index.php?rest_route=%2Fwp%2Fv2%2Ftags&post=2630"}],"curies":[{"name":"wp","href":"https:\/\/api.w.org\/{rel}","templated":true}]}}