{"id":2626,"date":"2007-04-18T23:49:13","date_gmt":"2007-04-18T21:49:13","guid":{"rendered":"http:\/\/www.schoene-nachrichten.de\/?p=2626"},"modified":"2007-04-18T23:49:13","modified_gmt":"2007-04-18T21:49:13","slug":"gwv-gibt-energiespar-tipps-infos-zum-erdgasfahrzeug","status":"publish","type":"post","link":"https:\/\/www.fuldaernachrichten.de\/?p=2626","title":{"rendered":"GWV gibt Energiespar-Tipps + Infos zum Erdgasfahrzeug"},"content":{"rendered":"<p><strong>Termin.<\/strong> Am Wochenende 21.- 22. April 2007 findet rund um das Wartenberg-Oval in Angersbach wieder der Fr\u00fchlingsmarkt des Gewerbevereins Wartenberg statt. Das diesj\u00e4hrige Motto des Veranstalters lautet \u201eBauen und Renovieren\u201c. Auch die Gas- und Wasserversorgung Osthessen GmbH (GWV) wird dabei sein, Tipps zum Energiesparen geben sowie \u00fcber das Erdgasfahrzeug informieren.<!--more--><\/p>\n<p>Im Infomobil k\u00f6nnen sich interessierte Besucher \u00fcber die Vorz\u00fcge und vor allem das Sparpotenzial des Energietr\u00e4gers Erdgas informieren. Insbesondere wer einen Neubau oder eine Renovierung plant, findet hier wertvolle Anregungen. Neben der bew\u00e4hrten Gasbrennwert-Technik, die sich \u00fcbrigens auch mit einer Solaranlage kombinieren l\u00e4sst, sind Mini-Blockheizkraftwerke hochaktuell. Im pers\u00f6nlichen Beratungsgespr\u00e4ch findet sich f\u00fcr jeden Energiebedarf eine L\u00f6sung, die sich auch rechnet, versprechen die GWV-Berater.<\/p>\n<p>Energie sparen und gleichzeitig die Umwelt schonen, das kann man auch mit einem Erdgasfahrzeug. Nicht umsonst w\u00e4hlen immer mehr Fahrzeughalter diese clevere Alternative. Man reduziert die Betriebskosten um etwa die H\u00e4lfte und verringert dazu deutlich den Aussto\u00df von klimasch\u00e4digendem CO2 und Feinstaub. Am Stand\u00c2\u00a0der GWV sind auch Erdgasfahrzeuge zu besichtigen.<\/p>\n<p>Der Fr\u00fchlingsmarkt ist am Samstag (21.4.) von 14:00 Uhr bis 18:00 Uhr ge\u00f6ffnet, am Sonntag (22.4.) von 11:00 Uhr bis 18:00 Uhr.<br \/>\nWeitere Informationen unter <a target=\"_blank\" href=\"http:\/\/www.gwv-osthessen.de\/\">http:\/\/www.gwv-osthessen.de\/<\/a> und\u00c2\u00a0 <a target=\"_blank\" href=\"http:\/\/www.gas24.de\/\">http:\/\/www.gas24.de\/<\/a><\/p>\n","protected":false},"excerpt":{"rendered":"<div class=\"tmnf_excerpt\"><p>Termin. Am Wochenende 21.- 22. April 2007 findet rund um das Wartenberg-Oval in Angersbach wieder der Fr\u00fchlingsmarkt des Gewerbevereins Wartenberg statt. Das diesj\u00e4hrige Motto des Veranstalters lautet \u201eBauen und Renovieren\u201c. Auch die Gas- und Wasserversorgung Osthessen GmbH (GWV) wird dabei sein, Tipps zum Energiesparen geben sowie \u00fcber das Erdgasfahrzeug informieren.<\/p>\n<\/div>","protected":false},"author":1,"featured_media":0,"comment_status":"closed","ping_status":"closed","sticky":false,"template":"","format":"standard","meta":{"footnotes":""},"categories":[1,52],"tags":[],"class_list":["post-2626","post","type-post","status-publish","format-standard","hentry","category-startseite","category-umwelt"],"_links":{"self":[{"href":"https:\/\/www.fuldaernachrichten.de\/index.php?rest_route=\/wp\/v2\/posts\/2626","targetHints":{"allow":["GET"]}}],"collection":[{"href":"https:\/\/www.fuldaernachrichten.de\/index.php?rest_route=\/wp\/v2\/posts"}],"about":[{"href":"https:\/\/www.fuldaernachrichten.de\/index.php?rest_route=\/wp\/v2\/types\/post"}],"author":[{"embeddable":true,"href":"https:\/\/www.fuldaernachrichten.de\/index.php?rest_route=\/wp\/v2\/users\/1"}],"replies":[{"embeddable":true,"href":"https:\/\/www.fuldaernachrichten.de\/index.php?rest_route=%2Fwp%2Fv2%2Fcomments&post=2626"}],"version-history":[{"count":0,"href":"https:\/\/www.fuldaernachrichten.de\/index.php?rest_route=\/wp\/v2\/posts\/2626\/revisions"}],"wp:attachment":[{"href":"https:\/\/www.fuldaernachrichten.de\/index.php?rest_route=%2Fwp%2Fv2%2Fmedia&parent=2626"}],"wp:term":[{"taxonomy":"category","embeddable":true,"href":"https:\/\/www.fuldaernachrichten.de\/index.php?rest_route=%2Fwp%2Fv2%2Fcategories&post=2626"},{"taxonomy":"post_tag","embeddable":true,"href":"https:\/\/www.fuldaernachrichten.de\/index.php?rest_route=%2Fwp%2Fv2%2Ftags&post=2626"}],"curies":[{"name":"wp","href":"https:\/\/api.w.org\/{rel}","templated":true}]}}