{"id":26194,"date":"2009-04-14T05:10:47","date_gmt":"2009-04-14T03:10:47","guid":{"rendered":"http:\/\/www.schoene-nachrichten.de\/?p=26194"},"modified":"2009-04-14T20:47:44","modified_gmt":"2009-04-14T18:47:44","slug":"organspende-rettet-leben-julis-starten-initiative","status":"publish","type":"post","link":"https:\/\/www.fuldaernachrichten.de\/?p=26194","title":{"rendered":"Organspende rettet Leben &#8211; JuLis starten Initiative"},"content":{"rendered":"<p><a href=\"http:\/\/www.schoene-nachrichten.de\/wp-content\/uploads\/2009\/04\/organspende_ausweis_bzga.jpg\"><img decoding=\"async\" class=\"alignleft size-full wp-image-26195\" title=\"Benedikt Happ\" src=\"http:\/\/www.schoene-nachrichten.de\/wp-content\/uploads\/2009\/04\/organspende_ausweis_bzga.jpg\" alt=\"Benedikt Happ\" width=\"560\" srcset=\"https:\/\/www.fuldaernachrichten.de\/wp-content\/uploads\/2009\/04\/organspende_ausweis_bzga.jpg 835w, https:\/\/www.fuldaernachrichten.de\/wp-content\/uploads\/2009\/04\/organspende_ausweis_bzga-265x190.jpg 265w\" sizes=\"(max-width: 835px) 100vw, 835px\" \/><\/a><\/p>\n<p><strong>Fulda. <\/strong>Die Jungen Liberalen (JuLis) im Landkreis Fulda sehen mit Sorge die\u00c2\u00a0 sinkende\u00c2\u00a0 Zahl\u00c2\u00a0 von\u00c2\u00a0 Organspendern\u00c2\u00a0 in\u00c2\u00a0 Hessen.\u00c2\u00a0 Wie\u00c2\u00a0 die\u00c2\u00a0 Techniker Krankenkasse\u00c2\u00a0 (TK)\u00c2\u00a0 berichtet,\u00c2\u00a0 ist\u00c2\u00a0 in\u00c2\u00a0 keinem\u00c2\u00a0 Land\u00c2\u00a0 die Organspendebereitschaft so gering wie\u00c2\u00a0 in Hessen. Lediglich neun Menschen pro\u00c2\u00a0 eine\u00c2\u00a0\u00c2\u00a0 Millionen Einwohner\u00c2\u00a0 h\u00e4tten\u00c2\u00a0 ihre Organe\u00c2\u00a0 gespendet. Die Zahl der Spenden\u00c2\u00a0 ist damit auf den niedrigsten Stand seit sieben Jahre gesunken.\u00c2\u00a0 \u201eAngesichts\u00c2\u00a0 dieser\u00c2\u00a0 dramatischen\u00c2\u00a0 Entwicklung\u00c2\u00a0 m\u00f6chten\u00c2\u00a0 wir\u00c2\u00a0 die Kommunen im Landkreis Fulda dazu bewegen, sich am Kampf gegen Organspenderknappheit zu beteiligen&#8221;,\u00c2\u00a0 so der JuLi-Kreisvorsitzende Mark Matthies.<!--more--><\/p>\n<p><strong>12.000 warten meist vergebens<\/strong><\/p>\n<p>Rund 12.000 Menschen in der Bundesrepublik warten derzeit auf eine Organspende &#8211; viele davon vergebens. Jeden Tag sterben drei Menschen, weil f\u00fcr sie kein passendes Spenderorgan bereit\u00c2\u00a0 steht. Obwohl vier von\u00c2\u00a0 f\u00fcnf B\u00fcrgern der Organspende prinzipiell positiv gegen\u00fcberst\u00fcnden, bes\u00e4\u00dfen nur zw\u00f6lf Prozent der Bev\u00f6lkerung einen Organspendeausweis. Dies ist nach Ansicht der Jungen Liberalen\u00c2\u00a0 die\u00c2\u00a0 Folge mangelnder Aufkl\u00e4rung\u00c2\u00a0 und\u00c2\u00a0 unzureichender\u00c2\u00a0 Informationen. Wichtig sei, dass sich die Menschen fr\u00fchzeitig mit dem Thema auseinander setzen und immer bedenken: Organe spenden kann Leben retten. \u201eEs\u00c2\u00a0 reicht nicht\u00c2\u00a0 aus, dass\u00c2\u00a0 in den Rath\u00e4usern\u00c2\u00a0 ausschlie\u00dflich Organspendeausweise ausgelegt werden. Wichtiger\u00c2\u00a0 ist, dass die aktive Ansprache an die B\u00fcrgerinnen und B\u00fcrger verst\u00e4rkt wird\u201c,\u00c2\u00a0 so Matthies.<\/p>\n<p>Aus diesem Grund\u00c2\u00a0 fordert die\u00c2\u00a0 FDP-Nachwuchsorganisation\u00c2\u00a0 ein\u00c2\u00a0 gr\u00f6\u00dferes\u00c2\u00a0 Engagement\u00c2\u00a0 der\u00c2\u00a0 St\u00e4dte\u00c2\u00a0 und Gemeinden im Landkreis Fulda. Die Jungen Liberalen haben es sich zum Ziel gesetzt, dazu beizutragen, die Zahl der Organspender mit Hilfe der Kommunen\u00c2\u00a0zu erh\u00f6hen. \u201eDas Konzept der JuLis ist einfach: Jeder B\u00fcrger, der einen Ausweis\u00c2\u00a0oder\u00c2\u00a0F\u00fchrerschein\u00c2\u00a0 im\u00c2\u00a0 Rathaus\u00c2\u00a0 beantragt,\u00c2\u00a0 wird\u00c2\u00a0 auf\u00c2\u00a0 die\u00c2\u00a0 Organknappheit hingewiesen\u00c2\u00a0 und\u00c2\u00a0 bekommt\u00c2\u00a0 einen\u00c2\u00a0 Infoflyer mit Organspendeausweis\u201c,\u00c2\u00a0 erkl\u00e4rt Mark Matthies,\u00c2\u00a0 der\u00c2\u00a0auch Mitglied\u00c2\u00a0 im\u00c2\u00a0 Landesvorstand\u00c2\u00a0 der\u00c2\u00a0 Jungen\u00c2\u00a0 Liberalen Hessen ist. \u201eDie Menschen werden in der \u00d6ffentlichkeit einfach zu wenig auf das Thema Organspende aufmerksam gemacht.\u201c<\/p>\n<p><strong>Organspende zum Gespr\u00e4chsthema machen<\/strong><\/p>\n<p>Ziel der Aktion sei es, Organspende zum Gespr\u00e4chsthema zu machen und die Basis\u00c2\u00a0 der\u00c2\u00a0 Spender\u00c2\u00a0 zu\u00c2\u00a0 verbreitern.\u00c2\u00a0 Durch\u00c2\u00a0 die\u00c2\u00a0 Kommunen\u00c2\u00a0 bestehe\u00c2\u00a0 dabei\u00c2\u00a0 die M\u00f6glichkeit eine Vielzahl an B\u00fcrgern zu erreichen und direkt vor Ort auf dieses wichtige Thema aufmerksam zu machen. Da jeder einen aktuellen Ausweis oder F\u00fchrerschein ben\u00f6tige, k\u00f6nne man nahezu alle B\u00fcrger\u00c2\u00a0 erreichen. \u201eJeder sollte sich hierbei ins Bewusstsein rufen, dass auch das eigene Leben oder das eines\u00c2\u00a0 Familienmitgliedes\u00c2\u00a0 oder\u00c2\u00a0 einer\u00c2\u00a0 Person\u00c2\u00a0 aus\u00c2\u00a0 dem\u00c2\u00a0 eigenen\u00c2\u00a0 Freundeskreis von einer Organspende abh\u00e4ngen k\u00f6nnte&#8221;, so der JuLi-Vorsitzende. \u201eWir werden diese\u00c2\u00a0 Idee auch\u00c2\u00a0 in unsere Mutterpartei FDP\u00c2\u00a0 tragen, um das Vorhaben\u00c2\u00a0 in den Kommunalparlamenten\u00c2\u00a0 zu verwirklichen. Mit wenig Aufwand kann\u00c2\u00a0 hier viel erreicht und Leben gerettet werden&#8221;, erkl\u00e4rte Matthies, der m\u00f6glichst viele Kommunen davon \u00fcberzeugen m\u00f6chte \u2013 denn Hilfsbereitschaft fange vor Ort an.<\/p>\n<p>Weitere\u00c2\u00a0 Informationen rund um das Thema Organspende stellt auch die Bundeszentrale\u00c2\u00a0 f\u00fcr\u00c2\u00a0 gesundheitliche\u00c2\u00a0 Aufkl\u00e4rung\u00c2\u00a0 (BZgA)\u00c2\u00a0 auf\u00c2\u00a0 ihrer\u00c2\u00a0 Homepage <a href=\"http:\/\/www.organspende-info.de\" target=\"_blank\">www.organspende-info.de<\/a> zur Verf\u00fcgung.<\/p>\n","protected":false},"excerpt":{"rendered":"<div class=\"tmnf_excerpt\"><p>Fulda. Die Jungen Liberalen (JuLis) im Landkreis Fulda sehen mit Sorge die\u00c2\u00a0 sinkende\u00c2\u00a0 Zahl\u00c2\u00a0 von\u00c2\u00a0 Organspendern\u00c2\u00a0 in\u00c2\u00a0 Hessen.\u00c2\u00a0 Wie\u00c2\u00a0 die\u00c2\u00a0 Techniker Krankenkasse\u00c2\u00a0 (TK)\u00c2\u00a0 berichtet,\u00c2\u00a0 ist\u00c2\u00a0 in\u00c2\u00a0 keinem\u00c2\u00a0 Land\u00c2\u00a0 die Organspendebereitschaft so gering wie\u00c2\u00a0 in Hessen. Lediglich neun Menschen pro\u00c2\u00a0 eine\u00c2\u00a0\u00c2\u00a0 Millionen Einwohner\u00c2\u00a0 h\u00e4tten\u00c2\u00a0 ihre Organe\u00c2\u00a0 gespendet. Die Zahl der Spenden\u00c2\u00a0 ist damit auf den niedrigsten &hellip;<\/p>\n<\/div>","protected":false},"author":1,"featured_media":0,"comment_status":"closed","ping_status":"closed","sticky":false,"template":"","format":"standard","meta":{"footnotes":""},"categories":[1,51,29,78],"tags":[],"class_list":["post-26194","post","type-post","status-publish","format-standard","hentry","category-startseite","category-medizin","category-politik","category-topthema"],"_links":{"self":[{"href":"https:\/\/www.fuldaernachrichten.de\/index.php?rest_route=\/wp\/v2\/posts\/26194","targetHints":{"allow":["GET"]}}],"collection":[{"href":"https:\/\/www.fuldaernachrichten.de\/index.php?rest_route=\/wp\/v2\/posts"}],"about":[{"href":"https:\/\/www.fuldaernachrichten.de\/index.php?rest_route=\/wp\/v2\/types\/post"}],"author":[{"embeddable":true,"href":"https:\/\/www.fuldaernachrichten.de\/index.php?rest_route=\/wp\/v2\/users\/1"}],"replies":[{"embeddable":true,"href":"https:\/\/www.fuldaernachrichten.de\/index.php?rest_route=%2Fwp%2Fv2%2Fcomments&post=26194"}],"version-history":[{"count":5,"href":"https:\/\/www.fuldaernachrichten.de\/index.php?rest_route=\/wp\/v2\/posts\/26194\/revisions"}],"predecessor-version":[{"id":26258,"href":"https:\/\/www.fuldaernachrichten.de\/index.php?rest_route=\/wp\/v2\/posts\/26194\/revisions\/26258"}],"wp:attachment":[{"href":"https:\/\/www.fuldaernachrichten.de\/index.php?rest_route=%2Fwp%2Fv2%2Fmedia&parent=26194"}],"wp:term":[{"taxonomy":"category","embeddable":true,"href":"https:\/\/www.fuldaernachrichten.de\/index.php?rest_route=%2Fwp%2Fv2%2Fcategories&post=26194"},{"taxonomy":"post_tag","embeddable":true,"href":"https:\/\/www.fuldaernachrichten.de\/index.php?rest_route=%2Fwp%2Fv2%2Ftags&post=26194"}],"curies":[{"name":"wp","href":"https:\/\/api.w.org\/{rel}","templated":true}]}}