{"id":2618,"date":"2007-04-18T00:21:22","date_gmt":"2007-04-17T22:21:22","guid":{"rendered":"http:\/\/www.schoene-nachrichten.de\/?p=2618"},"modified":"2008-12-15T13:13:34","modified_gmt":"2008-12-15T12:13:34","slug":"rallyesport-34-adac-fahrt-rund-um-den-knuell","status":"publish","type":"post","link":"https:\/\/www.fuldaernachrichten.de\/?p=2618","title":{"rendered":"Rallyesport &#8211; 34. ADAC-Fahrt \u201eRund um den Kn\u00fcll\u201c"},"content":{"rendered":"<p><strong>Sch\u00f6nes aus Fulda.<\/strong> Am vergangenen Samstag veranstaltete die MSG-Frielendorf ihre 34. ADAC-Fahrt \u201eRund um den Kn\u00fcll\u201c. Die Veranstaltung wird als Wertungslauf f\u00fcr die hessische Automobil-Rallye-Meisterschaft des HFM, die Osthessenmeisterschaft, den Nordhessenpokal 2007, die ADAC-Hessenmeisterschaft und f\u00fcr das Sport- und Erfolgsabzeichen des ADAC Hessen Th\u00fcringen gewertet. Ca. 80 Teams fanden den Weg zum Silbersee in Frielendorf, wo der Veranstalter das Rallyezentrum errichtet hatte.<\/p>\n<p><strong>Fotos (21), Text\u00c2\u00a0und Onboard-Video:<\/strong> Marco Hellwig und Denny Rausch<\/p>\n<p><strong>Video ansehen mit:<\/strong> <a target=\"_blank\" href=\"http:\/\/www.rallye200.com\/media\/070414_mohr-becker_inboard\">Flash Player<\/a><\/p>\n<p><a rel=\"lightbox[roadtrip]\" target=\"_blank\" href=\"http:\/\/www.schoene-nachrichten.de\/wp-content\/uploads\/2007\/04\/070417_Rallye_03.jpg\" title=\"Foto: Marco Hellwig\"><img decoding=\"async\" width=\"128\" src=\"http:\/\/www.schoene-nachrichten.de\/wp-content\/uploads\/2007\/04\/070417_Rallye_03.thumbnail.jpg\" alt=\"070417_Rallye_03.jpg\" height=\"85\" \/><\/a> <a rel=\"lightbox[roadtrip]\" target=\"_blank\" href=\"http:\/\/www.schoene-nachrichten.de\/wp-content\/uploads\/2007\/04\/070417_Rallye_02.jpg\" title=\"Foto: Marco Hellwig\"><img decoding=\"async\" width=\"128\" src=\"http:\/\/www.schoene-nachrichten.de\/wp-content\/uploads\/2007\/04\/070417_Rallye_02.thumbnail.jpg\" alt=\"070417_Rallye_02.jpg\" height=\"85\" \/><\/a> <a rel=\"lightbox[roadtrip]\" target=\"_blank\" href=\"http:\/\/www.schoene-nachrichten.de\/wp-content\/uploads\/2007\/04\/070417_Rallye_01.jpg\" title=\"Foto: Marco Hellwig\"><img decoding=\"async\" width=\"128\" src=\"http:\/\/www.schoene-nachrichten.de\/wp-content\/uploads\/2007\/04\/070417_Rallye_01.thumbnail.jpg\" alt=\"070417_Rallye_01.jpg\" height=\"85\" \/><\/a><\/p>\n<p><a rel=\"lightbox[roadtrip]\" target=\"_blank\" href=\"http:\/\/www.schoene-nachrichten.de\/wp-content\/uploads\/2007\/04\/070417_Rallye_21.jpg\" title=\"Foto: Marco Hellwig\"><img loading=\"lazy\" decoding=\"async\" width=\"128\" src=\"http:\/\/www.schoene-nachrichten.de\/wp-content\/uploads\/2007\/04\/070417_Rallye_21.thumbnail.jpg\" alt=\"070417_Rallye_21.jpg\" height=\"85\" \/><\/a> <a rel=\"lightbox[roadtrip]\" target=\"_blank\" href=\"http:\/\/www.schoene-nachrichten.de\/wp-content\/uploads\/2007\/04\/070417_Rallye_20.jpg\" title=\"Foto: Marco Hellwig\"><img loading=\"lazy\" decoding=\"async\" width=\"128\" src=\"http:\/\/www.schoene-nachrichten.de\/wp-content\/uploads\/2007\/04\/070417_Rallye_20.thumbnail.jpg\" alt=\"070417_Rallye_20.jpg\" height=\"85\" \/><\/a> <a rel=\"lightbox[roadtrip]\" target=\"_blank\" href=\"http:\/\/www.schoene-nachrichten.de\/wp-content\/uploads\/2007\/04\/070417_Rallye_19.jpg\" title=\"Foto: Marco Hellwig\"><img loading=\"lazy\" decoding=\"async\" width=\"128\" src=\"http:\/\/www.schoene-nachrichten.de\/wp-content\/uploads\/2007\/04\/070417_Rallye_19.thumbnail.jpg\" alt=\"070417_Rallye_19.jpg\" height=\"85\" \/><\/a><\/p>\n<p><!--more-->Die wohl am meisten gefragten Artikel w\u00e4hrend der Veranstaltung waren Sonnencreme, Strohhut und k\u00fchle Getr\u00e4nke, denn der Wettergott meinte es sehr gut mit den Veranstaltern. Bei sagenhaften 28 Grad Celsius mussten die Teilnehmer insgesamt\u00c2\u00a0sechs Wertungspr\u00fcfungen (WPs) unter die R\u00e4der nehmen, von denen\u00c2\u00a0drei Wertungspr\u00fcfungen jeweils zwei Mal befahren wurden.<br \/>\n<a rel=\"lightbox[roadtrip]\" target=\"_blank\" href=\"http:\/\/www.schoene-nachrichten.de\/wp-content\/uploads\/2007\/04\/070417_Rallye_18.jpg\" title=\"Foto: Marco Hellwig\"><br \/>\n<img loading=\"lazy\" decoding=\"async\" width=\"128\" src=\"http:\/\/www.schoene-nachrichten.de\/wp-content\/uploads\/2007\/04\/070417_Rallye_18.thumbnail.jpg\" alt=\"070417_Rallye_18.jpg\" height=\"85\" \/><\/a> <a rel=\"lightbox[roadtrip]\" target=\"_blank\" href=\"http:\/\/www.schoene-nachrichten.de\/wp-content\/uploads\/2007\/04\/070417_Rallye_17.jpg\" title=\"Foto: Marco Hellwig\"><img loading=\"lazy\" decoding=\"async\" width=\"128\" src=\"http:\/\/www.schoene-nachrichten.de\/wp-content\/uploads\/2007\/04\/070417_Rallye_17.thumbnail.jpg\" alt=\"070417_Rallye_17.jpg\" height=\"85\" \/><\/a> <a rel=\"lightbox[roadtrip]\" target=\"_blank\" href=\"http:\/\/www.schoene-nachrichten.de\/wp-content\/uploads\/2007\/04\/070417_Rallye_16.jpg\" title=\"Foto: Marco Hellwig\"><img loading=\"lazy\" decoding=\"async\" width=\"128\" src=\"http:\/\/www.schoene-nachrichten.de\/wp-content\/uploads\/2007\/04\/070417_Rallye_16.thumbnail.jpg\" alt=\"070417_Rallye_16.jpg\" height=\"85\" \/><\/a><\/p>\n<p>Der Startschuss fiel um 13 Uhr am Silbersee, wo auch die vorherige Fahrervorstellung stattfand. Als erstes wurde die WP Hundshausen\/Dittershausen gefahren. Es folgten die WPs Niedergrenzebach\/Obergrenzebach und der Zuschauerrundkurs im Industriegebiet Ziegenhain Nord. Das Ganze wiederholte sich nach einer Pause, die in der Sammelkontrolle bei der Feuerwehr Schwalmstadt-Allendorf durchgef\u00fchrt wurde.<br \/>\n<a rel=\"lightbox[roadtrip]\" target=\"_blank\" href=\"http:\/\/www.schoene-nachrichten.de\/wp-content\/uploads\/2007\/04\/070417_Rallye_15.jpg\" title=\"Foto: Marco Hellwig\"><br \/>\n<img loading=\"lazy\" decoding=\"async\" width=\"128\" src=\"http:\/\/www.schoene-nachrichten.de\/wp-content\/uploads\/2007\/04\/070417_Rallye_15.thumbnail.jpg\" alt=\"070417_Rallye_15.jpg\" height=\"85\" \/><\/a> <a rel=\"lightbox[roadtrip]\" target=\"_blank\" href=\"http:\/\/www.schoene-nachrichten.de\/wp-content\/uploads\/2007\/04\/070417_Rallye_14.jpg\" title=\"Foto: Marco Hellwig\"><img loading=\"lazy\" decoding=\"async\" width=\"128\" src=\"http:\/\/www.schoene-nachrichten.de\/wp-content\/uploads\/2007\/04\/070417_Rallye_14.thumbnail.jpg\" alt=\"070417_Rallye_14.jpg\" height=\"85\" \/><\/a> <a rel=\"lightbox[roadtrip]\" target=\"_blank\" href=\"http:\/\/www.schoene-nachrichten.de\/wp-content\/uploads\/2007\/04\/070417_Rallye_13.jpg\" title=\"Foto: Marco Hellwig\"><img loading=\"lazy\" decoding=\"async\" width=\"128\" src=\"http:\/\/www.schoene-nachrichten.de\/wp-content\/uploads\/2007\/04\/070417_Rallye_13.thumbnail.jpg\" alt=\"070417_Rallye_13.jpg\" height=\"85\" \/><\/a><\/p>\n<p>Am schnellsten konnte der mehrfache Frielendorf-Sieger Norbert Moufang mit seiner Copilotin Michaela Frenzel, die f\u00fcr den MSC Horlofftal antraten, auf ihrem pfeilschnellen Opel Kadett C Coup\u00e9 die Rallye beenden. Das Marburger Dou Marco Koch und Stefan Assmann, ebenfalls auf Opel Kadett C Coup\u00e9, belegten den zweiten und das Team Markus Schmidtmeister und Stefan Schork, die f\u00fcr den AMC Hungen antraten, konnten mit ihrem BMW 320 den dritten Platz belegen.<br \/>\n<a rel=\"lightbox[roadtrip]\" target=\"_blank\" href=\"http:\/\/www.schoene-nachrichten.de\/wp-content\/uploads\/2007\/04\/070417_Rallye_12.jpg\" title=\"Foto: Marco Hellwig\"><br \/>\n<img loading=\"lazy\" decoding=\"async\" width=\"128\" src=\"http:\/\/www.schoene-nachrichten.de\/wp-content\/uploads\/2007\/04\/070417_Rallye_12.thumbnail.jpg\" alt=\"070417_Rallye_12.jpg\" height=\"85\" \/><\/a> <a rel=\"lightbox[roadtrip]\" target=\"_blank\" href=\"http:\/\/www.schoene-nachrichten.de\/wp-content\/uploads\/2007\/04\/070417_Rallye_11.jpg\" title=\"Foto: Marco Hellwig\"><img loading=\"lazy\" decoding=\"async\" width=\"128\" src=\"http:\/\/www.schoene-nachrichten.de\/wp-content\/uploads\/2007\/04\/070417_Rallye_11.thumbnail.jpg\" alt=\"070417_Rallye_11.jpg\" height=\"85\" \/><\/a> <a rel=\"lightbox[roadtrip]\" target=\"_blank\" href=\"http:\/\/www.schoene-nachrichten.de\/wp-content\/uploads\/2007\/04\/070417_Rallye_10.jpg\" title=\"Foto: Marco Hellwig\"><img loading=\"lazy\" decoding=\"async\" width=\"128\" src=\"http:\/\/www.schoene-nachrichten.de\/wp-content\/uploads\/2007\/04\/070417_Rallye_10.thumbnail.jpg\" alt=\"070417_Rallye_10.jpg\" height=\"85\" \/><\/a><\/p>\n<p>J\u00f6rg Schuhej aus Fulda mit seiner Copilotin Tanja Timmer aus Schwalmstadt belegten mit ihrem Opel Astra den f\u00fcnften Gesamtrang und den ersten Platz in ihrer Klasse N3. Das f\u00fcr den SFG-Vogelsberg gestartete Team Uwe Kiehm (Schlitz-Willofs) mit Copilot Alexander D\u00f6ring (Lauterbach) fuhr mit dem br\u00fcllenden Opel Kadett C Coup\u00e9 auf den sechsten Platz.<br \/>\n<a rel=\"lightbox[roadtrip]\" target=\"_blank\" href=\"http:\/\/www.schoene-nachrichten.de\/wp-content\/uploads\/2007\/04\/070417_Rallye_09.jpg\" title=\"Foto: Marco Hellwig\"><br \/>\n<img loading=\"lazy\" decoding=\"async\" width=\"128\" src=\"http:\/\/www.schoene-nachrichten.de\/wp-content\/uploads\/2007\/04\/070417_Rallye_09.thumbnail.jpg\" alt=\"070417_Rallye_09.jpg\" height=\"85\" \/><\/a> <a rel=\"lightbox[roadtrip]\" target=\"_blank\" href=\"http:\/\/www.schoene-nachrichten.de\/wp-content\/uploads\/2007\/04\/070417_Rallye_08.jpg\" title=\"Foto: Marco Hellwig\"><img loading=\"lazy\" decoding=\"async\" width=\"128\" src=\"http:\/\/www.schoene-nachrichten.de\/wp-content\/uploads\/2007\/04\/070417_Rallye_08.thumbnail.jpg\" alt=\"070417_Rallye_08.jpg\" height=\"85\" \/><\/a> <a rel=\"lightbox[roadtrip]\" target=\"_blank\" href=\"http:\/\/www.schoene-nachrichten.de\/wp-content\/uploads\/2007\/04\/070417_Rallye_07.jpg\" title=\"Foto: Marco Hellwig\"><img loading=\"lazy\" decoding=\"async\" width=\"128\" src=\"http:\/\/www.schoene-nachrichten.de\/wp-content\/uploads\/2007\/04\/070417_Rallye_07.thumbnail.jpg\" alt=\"070417_Rallye_07.jpg\" height=\"85\" \/><\/a><\/p>\n<p>Das Team Bj\u00f6rn Mohr (Heringen) und Oliver Becker (Breitenbach a. H.\/Oberjossa) auf ihrem \u201eRennbr\u00f6tchen\u201c Corsa Evo II hatte auf WP 1 mit einer defekten Antriebswelle zu k\u00e4mpfen und musste aufgeben. Bei ihnen ist jetzt eine schnelle \u201eSchrauberhand\u201c gefragt, das es bereits am kommenden Wochenende auf der ADAC Hessen-Rallye Vogelsberg (Infos unter <a target=\"_blank\" href=\"http:\/\/www.rallye-vogelsberg.de\">http:\/\/www.rallye-vogelsberg.de<\/a>) weitergehen soll. Daniel Wittner (Eiterfeld) mit Copilot Felix Ubrig (Grebenau) mussten mit ihrem Renault Clio 16V Williams ebenfalls auf WP 1 aufgrund einer defekten Zylinderkopfdichtung aufgeben.<br \/>\n<a rel=\"lightbox[roadtrip]\" target=\"_blank\" href=\"http:\/\/www.schoene-nachrichten.de\/wp-content\/uploads\/2007\/04\/070417_Rallye_06.jpg\" title=\"Foto: Marco Hellwig\"><br \/>\n<img loading=\"lazy\" decoding=\"async\" width=\"128\" src=\"http:\/\/www.schoene-nachrichten.de\/wp-content\/uploads\/2007\/04\/070417_Rallye_06.thumbnail.jpg\" alt=\"070417_Rallye_06.jpg\" height=\"85\" \/><\/a> <a rel=\"lightbox[roadtrip]\" target=\"_blank\" href=\"http:\/\/www.schoene-nachrichten.de\/wp-content\/uploads\/2007\/04\/070417_Rallye_05.jpg\" title=\"Foto: Marco Hellwig\"><img loading=\"lazy\" decoding=\"async\" width=\"128\" src=\"http:\/\/www.schoene-nachrichten.de\/wp-content\/uploads\/2007\/04\/070417_Rallye_05.thumbnail.jpg\" alt=\"070417_Rallye_05.jpg\" height=\"85\" \/><\/a> <a rel=\"lightbox[roadtrip]\" target=\"_blank\" href=\"http:\/\/www.schoene-nachrichten.de\/wp-content\/uploads\/2007\/04\/070417_Rallye_04.jpg\" title=\"Foto: Marco Hellwig\"><img loading=\"lazy\" decoding=\"async\" width=\"128\" src=\"http:\/\/www.schoene-nachrichten.de\/wp-content\/uploads\/2007\/04\/070417_Rallye_04.thumbnail.jpg\" alt=\"070417_Rallye_04.jpg\" height=\"85\" \/><\/a><\/p>\n<p>Der MSG Frielendorf bleibt abschlie\u00dfend zu w\u00fcnschen, dass sie diese Rallyeveranstaltung noch viele weitere Jahre durchf\u00fchren kann, auch wenn sie keine Garantie f\u00fcr optimales Wetter geben kann.<\/p>\n","protected":false},"excerpt":{"rendered":"<div class=\"tmnf_excerpt\"><p>Sch\u00f6nes aus Fulda. Am vergangenen Samstag veranstaltete die MSG-Frielendorf ihre 34. ADAC-Fahrt \u201eRund um den Kn\u00fcll\u201c. Die Veranstaltung wird als Wertungslauf f\u00fcr die hessische Automobil-Rallye-Meisterschaft des HFM, die Osthessenmeisterschaft, den Nordhessenpokal 2007, die ADAC-Hessenmeisterschaft und f\u00fcr das Sport- und Erfolgsabzeichen des ADAC Hessen Th\u00fcringen gewertet. Ca. 80 Teams fanden den Weg zum Silbersee in Frielendorf, &hellip;<\/p>\n<\/div>","protected":false},"author":1,"featured_media":0,"comment_status":"closed","ping_status":"closed","sticky":false,"template":"","format":"standard","meta":{"footnotes":""},"categories":[1,35,54,79,46],"tags":[],"class_list":["post-2618","post","type-post","status-publish","format-standard","hentry","category-startseite","category-auto","category-bildergalerien","category-kino","category-sport"],"_links":{"self":[{"href":"https:\/\/www.fuldaernachrichten.de\/index.php?rest_route=\/wp\/v2\/posts\/2618","targetHints":{"allow":["GET"]}}],"collection":[{"href":"https:\/\/www.fuldaernachrichten.de\/index.php?rest_route=\/wp\/v2\/posts"}],"about":[{"href":"https:\/\/www.fuldaernachrichten.de\/index.php?rest_route=\/wp\/v2\/types\/post"}],"author":[{"embeddable":true,"href":"https:\/\/www.fuldaernachrichten.de\/index.php?rest_route=\/wp\/v2\/users\/1"}],"replies":[{"embeddable":true,"href":"https:\/\/www.fuldaernachrichten.de\/index.php?rest_route=%2Fwp%2Fv2%2Fcomments&post=2618"}],"version-history":[{"count":1,"href":"https:\/\/www.fuldaernachrichten.de\/index.php?rest_route=\/wp\/v2\/posts\/2618\/revisions"}],"predecessor-version":[{"id":17410,"href":"https:\/\/www.fuldaernachrichten.de\/index.php?rest_route=\/wp\/v2\/posts\/2618\/revisions\/17410"}],"wp:attachment":[{"href":"https:\/\/www.fuldaernachrichten.de\/index.php?rest_route=%2Fwp%2Fv2%2Fmedia&parent=2618"}],"wp:term":[{"taxonomy":"category","embeddable":true,"href":"https:\/\/www.fuldaernachrichten.de\/index.php?rest_route=%2Fwp%2Fv2%2Fcategories&post=2618"},{"taxonomy":"post_tag","embeddable":true,"href":"https:\/\/www.fuldaernachrichten.de\/index.php?rest_route=%2Fwp%2Fv2%2Ftags&post=2618"}],"curies":[{"name":"wp","href":"https:\/\/api.w.org\/{rel}","templated":true}]}}