{"id":2610,"date":"2007-04-18T00:04:50","date_gmt":"2007-04-17T22:04:50","guid":{"rendered":"http:\/\/www.schoene-nachrichten.de\/?p=2610"},"modified":"2007-04-18T03:00:44","modified_gmt":"2007-04-18T01:00:44","slug":"leitungsteam-im-hanauer-st-vinzenz-krankenhaus-komplett","status":"publish","type":"post","link":"https:\/\/www.fuldaernachrichten.de\/?p=2610","title":{"rendered":"Leitungsteam im Hanauer St. Vinzenz Krankenhaus komplett"},"content":{"rendered":"<p><strong><a target=\"_blank\" rel=\"lightbox[roadtrip]\" href=\"http:\/\/www.schoene-nachrichten.de\/wp-content\/uploads\/2007\/04\/070418_liebsch.jpg\" title=\"070418_liebsch.jpg\"><img decoding=\"async\" align=\"left\" src=\"http:\/\/www.schoene-nachrichten.de\/wp-content\/uploads\/2007\/04\/070418_liebsch.thumbnail.jpg\" hspace=\"5\" alt=\"070418_liebsch.jpg\" title=\"070418_liebsch.jpg\" \/><\/a>Sch\u00f6nes aus Hanau.<\/strong> Das Team der Krankenhausleitung des St. Vinzenz Krankenhauses ist jetzt komplettiert worden. Mit der Wahl des internistischen Chefarztes, Dr. med. Wolfgang Dembowski zum neuen \u00c4rztlichen Direktor sowie von Prof. Dr. Holger Kaesemann, Chefarzt der Frauenklinik, zum Stellvertretenden \u00c4rztlichen Direktor ist die Krankenhausleitung unter der Leitung des Gesch\u00e4ftsf\u00fchrers Alexander Schmidtke nun vollst\u00e4ndig bestellt.<\/p>\n<p><!--more-->Dem obersten Management des Krankenhauses wird neben der bew\u00e4hrten Besetzung mit Konventsoberin Schwester Kunigunde Zasadzki und Pflegedirektorin Jutta Berg auch k\u00fcnftig die Personalleiterin Dipl.-P\u00e4dagogin Esther D\u00fcrr angeh\u00f6ren. Das teilte der Pressesprecher des Krankenhauses Michael Liebsch heute mit. Die neu formierte Krankenhausleitung werde f\u00fcr die medizinische und pflegerische Leistungsf\u00e4higkeit und die wirtschaftliche F\u00fchrung des Hanauer Krankenhauses gemeinschaftlich verantwortlich sein.<\/p>\n<p>Am\u00c2\u00a0St. Vinzenz Krankenhaus sollen die medizinischen Angebote zuk\u00fcnftig differenziert und neben den bisherigen medizinischen Zentren ein weiteres breites Spektrum an Behandlungsm\u00f6glichkeiten angeboten werden, hei\u00dft es in der Presseinformation. Als Rund-um-die-Uhr-Anlaufstelle f\u00fcr Notf\u00e4lle leiste das St. Vinzenz Krankenhaus mit \u00fcber 500 Mitarbeiterinnen und Mitarbeitern einen wertvollen Beitrag zur medizinischen Voll- und Akutversorgung der B\u00fcrgerinnen und B\u00fcrger f\u00fcr die Region Hanau.<\/p>\n","protected":false},"excerpt":{"rendered":"<div class=\"tmnf_excerpt\"><p>Sch\u00f6nes aus Hanau. Das Team der Krankenhausleitung des St. Vinzenz Krankenhauses ist jetzt komplettiert worden. Mit der Wahl des internistischen Chefarztes, Dr. med. Wolfgang Dembowski zum neuen \u00c4rztlichen Direktor sowie von Prof. Dr. Holger Kaesemann, Chefarzt der Frauenklinik, zum Stellvertretenden \u00c4rztlichen Direktor ist die Krankenhausleitung unter der Leitung des Gesch\u00e4ftsf\u00fchrers Alexander Schmidtke nun vollst\u00e4ndig bestellt.<\/p>\n<\/div>","protected":false},"author":1,"featured_media":0,"comment_status":"closed","ping_status":"closed","sticky":false,"template":"","format":"standard","meta":{"footnotes":""},"categories":[1,51],"tags":[],"class_list":["post-2610","post","type-post","status-publish","format-standard","hentry","category-startseite","category-medizin"],"_links":{"self":[{"href":"https:\/\/www.fuldaernachrichten.de\/index.php?rest_route=\/wp\/v2\/posts\/2610","targetHints":{"allow":["GET"]}}],"collection":[{"href":"https:\/\/www.fuldaernachrichten.de\/index.php?rest_route=\/wp\/v2\/posts"}],"about":[{"href":"https:\/\/www.fuldaernachrichten.de\/index.php?rest_route=\/wp\/v2\/types\/post"}],"author":[{"embeddable":true,"href":"https:\/\/www.fuldaernachrichten.de\/index.php?rest_route=\/wp\/v2\/users\/1"}],"replies":[{"embeddable":true,"href":"https:\/\/www.fuldaernachrichten.de\/index.php?rest_route=%2Fwp%2Fv2%2Fcomments&post=2610"}],"version-history":[{"count":0,"href":"https:\/\/www.fuldaernachrichten.de\/index.php?rest_route=\/wp\/v2\/posts\/2610\/revisions"}],"wp:attachment":[{"href":"https:\/\/www.fuldaernachrichten.de\/index.php?rest_route=%2Fwp%2Fv2%2Fmedia&parent=2610"}],"wp:term":[{"taxonomy":"category","embeddable":true,"href":"https:\/\/www.fuldaernachrichten.de\/index.php?rest_route=%2Fwp%2Fv2%2Fcategories&post=2610"},{"taxonomy":"post_tag","embeddable":true,"href":"https:\/\/www.fuldaernachrichten.de\/index.php?rest_route=%2Fwp%2Fv2%2Ftags&post=2610"}],"curies":[{"name":"wp","href":"https:\/\/api.w.org\/{rel}","templated":true}]}}