{"id":2598,"date":"2007-04-17T12:13:07","date_gmt":"2007-04-17T10:13:07","guid":{"rendered":"http:\/\/www.schoene-nachrichten.de\/?p=2598"},"modified":"2007-04-18T02:59:37","modified_gmt":"2007-04-18T00:59:37","slug":"fachpflegeheim-fuer-schaedel-hirn-verletzte-macht-fortschritte","status":"publish","type":"post","link":"https:\/\/www.fuldaernachrichten.de\/?p=2598","title":{"rendered":"Fachpflegeheim f\u00fcr Sch\u00e4del-Hirn-Verletzte macht Fortschritte"},"content":{"rendered":"<p><strong><a rel=\"lightbox[roadtrip]\" target=\"_blank\" href=\"http:\/\/www.schoene-nachrichten.de\/wp-content\/uploads\/2007\/04\/070417-pflegeheim.jpg\" title=\"070417-pflegeheim.jpg\"><img decoding=\"async\" align=\"left\" src=\"http:\/\/www.schoene-nachrichten.de\/wp-content\/uploads\/2007\/04\/070417-pflegeheim.thumbnail.jpg\" hspace=\"5\" alt=\"070417-pflegeheim.jpg\" \/><\/a>Sch\u00f6nes aus H\u00fcnfeld.<\/strong> Zu einer \u201eVorzeigeeinrichtung f\u00fcr Hessen\u201c soll das Neuro-Care-Fachpflegeheim f\u00fcr Sch\u00e4del-Hirn-Verletzte in H\u00fcnfeld werden, dessen Bau im Sp\u00e4therbst 2006 startete und das am 10. Mai 2007 bereits Richtfest feiern wird. Errichtet wird das Geb\u00e4ude von der Kropp-Immobiliengesellschaft, betrieben wird die Einrichtung von der Unternehmung Seniana, die in H\u00fcnfeld bereits Tr\u00e4gerin einer Seniorenpflegeeinrichtung, ambulanter Krankenpflege und einer Einrichtung f\u00fcr Betreutes Wohnen ist.<\/p>\n<p><a rel=\"lightbox[roadtrip]\" target=\"_blank\" href=\"http:\/\/www.schoene-nachrichten.de\/wp-content\/uploads\/2007\/04\/070417-pflegeheim.jpg\" title=\"070417-pflegeheim.jpg\"><\/a><\/p>\n<p><!--more-->Bauherr Willi Kropp und Seniana-Gesch\u00e4ftsf\u00fchrer Dr. Stefan Arend stellten jetzt auf der Baustelle, die aufgrund der g\u00fcnstigen Witterung w\u00e4hrend der Wintermonate rasante Fortschritte machen konnte, die wichtigsten Eckpunkte des Projekts vor.<\/p>\n<p>\u00dcber zwei Wohnbereiche mit Pflege- und Therapiepl\u00e4tze soll die Einrichtung verf\u00fcgen. Aufgenommen werden Sch\u00e4del-Hirn-Verletzte, Wachkomapatienten, Unfallopfer und\/oder Menschen, die aufgrund eines Schlaganfalls schwere Sch\u00e4digungen des Gehirns erleiden mussten.<\/p>\n<p><strong>Ganzheitliches Therapiekonzept<\/strong><\/p>\n<p>Diese Patienten ben\u00f6tigen eine langfristige, oftmals lebenslange, intensive Betreuung und Therapie, die, so Dr. Arend, ganzheitlich ausgelegt sein m\u00fcsse. Dazu geh\u00f6rten neben der medizinischen und pflegerischen Behandlung auch eine soziale Begleitung der Betroffenen sowie eine Integration der Angeh\u00f6rigen. Mit diesem Konzept soll das Fachpflegeheim neue Wege gehen und so mit den Worten des Bauherrn Willi Kropp auch \u00fcber die Grenzen der Region hinaus neue Akzente setzen.<\/p>\n<p>Konzeptionell l\u00f6st sich das Fachpflegeheim vom klassischen Image der Heim-Versorgung. Ziel sei vielmehr, Intimit\u00e4t und Alltagsnormalit\u00e4t zu schaffen. Das hei\u00dft, die Patienten leben in ihren \u201eeigenen vier W\u00e4nden\u201c. Diese k\u00f6nnen selbstverst\u00e4ndlich auch mit eigenen M\u00f6beln und Accessoires eingerichtet werden. Der Aspekt des Wohnens soll im Gegensatz zu fr\u00fcheren Konzepten im Vordergrund stehen.<\/p>\n<p><strong>Individuelle Bed\u00fcrfnisse ber\u00fccksichtigen<\/strong><\/p>\n<p>Zudem erhalten alle Zimmer raumhohe Fenster, um auf diesem Wege ganzt\u00e4gig sonnendurchflutet zu sein. In dem Geb\u00e4ude wird das Konzept der kurzen Wege verwirklicht, um, so Dr. Arend zufolge, den Charakter einer sterilen Institution zu vermeiden. Das Verh\u00e4ltnis Bewohner(in) \u2013 Mitarbeiter(in) wird bei 1:1 liegen, so kann auf die individuellen Bed\u00fcrfnisse optimal eingegangen werden. Desweiteren ist das Fachpflegeheim nach den Worten des zust\u00e4ndigen Architekten Karl M\u00f6ller (H\u00fcnfeld-Mackenzell) \u201eoptimal in die Landschaft integriert\u201c. Es liegt in der Stra\u00dfe \u201eAm M\u00fchlgraben\u201c unmittelbar im Anschluss an den H\u00fcnfelder B\u00fcrgerpark.<\/p>\n<p>\u00c2\u00a0Das 3000 Quadratmeter gro\u00dfe, sehr attraktive Gel\u00e4nde stellt die Stadt H\u00fcnfeld im Wege eines Erbbaurechtsvertrags zur Verf\u00fcgung; ein Vorgehen, das gerade auch H\u00fcnfelds B\u00fcrgermeister Dr. Fennel sehr am Herzen lag, um die soziale Infrastruktur nicht nur der Haunestadt, sondern auch der Region nachhaltig zu st\u00e4rken. Daf\u00fcr habe er sich nachdr\u00fccklich eingesetzt, zumal es bei den Gespr\u00e4chen zur Realisierung des Projekts zu Verz\u00f6gerungen kam.<\/p>\n<p><strong>Richtfest am 10. Mai geplant<\/strong><\/p>\n<p>Erst durch von B\u00fcrgermeister Dr. Fennel vermittelte Gespr\u00e4che mit Hessens Sozialministerin Silke Lautenschl\u00e4ger wurde das Projekt wieder auf den Weg gebracht und die Grundlagen f\u00fcr die Realisierung des Fachpflegeheims geschaffen. Die Sozialministerin wird auch beim Richtfest am 10. Mai pers\u00f6nlich anwesend sein. Dar\u00fcber freuen sich schon jetzt alle Beteiligten.<\/p>\n<p>Ebenso positiv f\u00fcr die Umsetzung der Baupl\u00e4ne, f\u00fcr die bereits seit September 2004 ein rechtskr\u00e4ftiger Bebauungsplan vorliegt, war die Zustimmung des Landeswohlfahrtsverbandes, des \u00fcber\u00f6rtlichen Tr\u00e4gers der Sozialhilfe f\u00fcr den betroffenen Personenkreis in Hessen. Dieser sah einen dringenden Bedarf f\u00fcr eine solche Einrichtung in Osthessen.<\/p>\n<p><strong>Fachpflegeheim am Herbst 2007 in Betrieb<\/strong><\/p>\n<p>Dar\u00fcber hinaus sei es, betont B\u00fcrgermeister Dr. Fennel, von besonderer Bedeutung, dass mit diesem Fachpflegeheim f\u00fcr Sch\u00e4del-Hirn-Verletzte nicht nur eine L\u00fccke zur Versorgung von Patienten in der Region geschlossen werde, sondern die Einrichtung viele Arbeitspl\u00e4tze f\u00fcr ein hoch qualifiziertes Personal biete, das weitgehend aus der H\u00fcnfelder Region kommen soll. Das Fachpflegeheim soll voraussichtlich bereits im Herbst 2007 in Betrieb gehen.<\/p>\n<p>Damit werde H\u00fcnfeld als \u201eKompetenzstandort f\u00fcr Gesundheit und Pflege\u201c weiter ausgebaut, betont B\u00fcrgermeister Dr. Eberhard Fennel, der das Projekt ma\u00dfgeblich unterst\u00fctzt: \u201eDieses Fachpflegeheim wird das erste Haus in Hessen sein, das in dieser Form und mit dieser Konzeption Sch\u00e4delhirnverletzte betreuen wird.\u201c<\/p>\n","protected":false},"excerpt":{"rendered":"<div class=\"tmnf_excerpt\"><p>Sch\u00f6nes aus H\u00fcnfeld. Zu einer \u201eVorzeigeeinrichtung f\u00fcr Hessen\u201c soll das Neuro-Care-Fachpflegeheim f\u00fcr Sch\u00e4del-Hirn-Verletzte in H\u00fcnfeld werden, dessen Bau im Sp\u00e4therbst 2006 startete und das am 10. Mai 2007 bereits Richtfest feiern wird. Errichtet wird das Geb\u00e4ude von der Kropp-Immobiliengesellschaft, betrieben wird die Einrichtung von der Unternehmung Seniana, die in H\u00fcnfeld bereits Tr\u00e4gerin einer Seniorenpflegeeinrichtung, ambulanter &hellip;<\/p>\n<\/div>","protected":false},"author":1,"featured_media":0,"comment_status":"closed","ping_status":"closed","sticky":false,"template":"","format":"standard","meta":{"footnotes":""},"categories":[1,51],"tags":[],"class_list":["post-2598","post","type-post","status-publish","format-standard","hentry","category-startseite","category-medizin"],"_links":{"self":[{"href":"https:\/\/www.fuldaernachrichten.de\/index.php?rest_route=\/wp\/v2\/posts\/2598","targetHints":{"allow":["GET"]}}],"collection":[{"href":"https:\/\/www.fuldaernachrichten.de\/index.php?rest_route=\/wp\/v2\/posts"}],"about":[{"href":"https:\/\/www.fuldaernachrichten.de\/index.php?rest_route=\/wp\/v2\/types\/post"}],"author":[{"embeddable":true,"href":"https:\/\/www.fuldaernachrichten.de\/index.php?rest_route=\/wp\/v2\/users\/1"}],"replies":[{"embeddable":true,"href":"https:\/\/www.fuldaernachrichten.de\/index.php?rest_route=%2Fwp%2Fv2%2Fcomments&post=2598"}],"version-history":[{"count":0,"href":"https:\/\/www.fuldaernachrichten.de\/index.php?rest_route=\/wp\/v2\/posts\/2598\/revisions"}],"wp:attachment":[{"href":"https:\/\/www.fuldaernachrichten.de\/index.php?rest_route=%2Fwp%2Fv2%2Fmedia&parent=2598"}],"wp:term":[{"taxonomy":"category","embeddable":true,"href":"https:\/\/www.fuldaernachrichten.de\/index.php?rest_route=%2Fwp%2Fv2%2Fcategories&post=2598"},{"taxonomy":"post_tag","embeddable":true,"href":"https:\/\/www.fuldaernachrichten.de\/index.php?rest_route=%2Fwp%2Fv2%2Ftags&post=2598"}],"curies":[{"name":"wp","href":"https:\/\/api.w.org\/{rel}","templated":true}]}}