{"id":2594,"date":"2007-04-20T05:10:26","date_gmt":"2007-04-20T03:10:26","guid":{"rendered":"http:\/\/www.schoene-nachrichten.de\/?p=2594"},"modified":"2007-04-20T05:11:35","modified_gmt":"2007-04-20T03:11:35","slug":"vier-jahreszeiten-in-der-rhoen-diavortrag-fuer-senioren","status":"publish","type":"post","link":"https:\/\/www.fuldaernachrichten.de\/?p=2594","title":{"rendered":"\u201eVier Jahreszeiten in der Rh\u00f6n\u201c &#8211; Diavortrag f\u00fcr Senioren"},"content":{"rendered":"<p><strong>Termin.<\/strong> Am Mittwoch, 25. April, um 14.00 Uhr sind die Fuldaer Seniorinnen und Senioren zu einem Diavortrag \u201eVier Jahreszeiten in der Rh\u00f6n\u201c im Kulturkeller des Vonderau Museums eingeladen. Herr Jenrich vom Naturpark Hessische Rh\u00f6n zeigt, welche Sch\u00f6nheiten die heimische Natur im Laufe des Jahres zu bieten hat. Die Eintrittskarten zum Preis von 1 Euro erhalten \u00e4ltere Mitb\u00fcrgerinnen und Mitb\u00fcrger der Stadt Fulda ab sofort im B\u00fcrgerb\u00fcro im Stadtschloss.<\/p>\n","protected":false},"excerpt":{"rendered":"<div class=\"tmnf_excerpt\"><p>Termin. Am Mittwoch, 25. April, um 14.00 Uhr sind die Fuldaer Seniorinnen und Senioren zu einem Diavortrag \u201eVier Jahreszeiten in der Rh\u00f6n\u201c im Kulturkeller des Vonderau Museums eingeladen. Herr Jenrich vom Naturpark Hessische Rh\u00f6n zeigt, welche Sch\u00f6nheiten die heimische Natur im Laufe des Jahres zu bieten hat. Die Eintrittskarten zum Preis von 1 Euro erhalten &hellip;<\/p>\n<\/div>","protected":false},"author":1,"featured_media":0,"comment_status":"closed","ping_status":"closed","sticky":false,"template":"","format":"standard","meta":{"footnotes":""},"categories":[1,53,44,52],"tags":[],"class_list":["post-2594","post","type-post","status-publish","format-standard","hentry","category-startseite","category-bildung","category-kultur","category-umwelt"],"_links":{"self":[{"href":"https:\/\/www.fuldaernachrichten.de\/index.php?rest_route=\/wp\/v2\/posts\/2594","targetHints":{"allow":["GET"]}}],"collection":[{"href":"https:\/\/www.fuldaernachrichten.de\/index.php?rest_route=\/wp\/v2\/posts"}],"about":[{"href":"https:\/\/www.fuldaernachrichten.de\/index.php?rest_route=\/wp\/v2\/types\/post"}],"author":[{"embeddable":true,"href":"https:\/\/www.fuldaernachrichten.de\/index.php?rest_route=\/wp\/v2\/users\/1"}],"replies":[{"embeddable":true,"href":"https:\/\/www.fuldaernachrichten.de\/index.php?rest_route=%2Fwp%2Fv2%2Fcomments&post=2594"}],"version-history":[{"count":0,"href":"https:\/\/www.fuldaernachrichten.de\/index.php?rest_route=\/wp\/v2\/posts\/2594\/revisions"}],"wp:attachment":[{"href":"https:\/\/www.fuldaernachrichten.de\/index.php?rest_route=%2Fwp%2Fv2%2Fmedia&parent=2594"}],"wp:term":[{"taxonomy":"category","embeddable":true,"href":"https:\/\/www.fuldaernachrichten.de\/index.php?rest_route=%2Fwp%2Fv2%2Fcategories&post=2594"},{"taxonomy":"post_tag","embeddable":true,"href":"https:\/\/www.fuldaernachrichten.de\/index.php?rest_route=%2Fwp%2Fv2%2Ftags&post=2594"}],"curies":[{"name":"wp","href":"https:\/\/api.w.org\/{rel}","templated":true}]}}