{"id":254,"date":"2006-12-05T21:18:17","date_gmt":"2006-12-05T20:18:17","guid":{"rendered":"http:\/\/www.schoene-nachrichten.de\/?p=254"},"modified":"2007-01-12T02:08:03","modified_gmt":"2007-01-12T01:08:03","slug":"vizekanzler-zeichnete-%e2%80%9eunternehmer-mit-weitblick%e2%80%9c-aus","status":"publish","type":"post","link":"https:\/\/www.fuldaernachrichten.de\/?p=254","title":{"rendered":"Vizekanzler zeichnete \u201eUnternehmer mit Weitblick\u201c aus"},"content":{"rendered":"<p><strong>Sch\u00f6nes aus Fulda.<\/strong> Vizekanzler Franz M\u00fcntefering (SPD) hat heute im Amt f\u00fcr Arbeit und Soziales \u201eUnternehmer mit Weitblick\u201c ausgezeichnet. Die Unternehmer, die aus ganz Deutschland nach Fulda gereist waren, haben \u00e4lteren Langzeitarbeitslosen eine Chance gegeben und damit dem Projekt \u201ePerspektive 50 Plus\u201c die ersten vorzeigbaren Erfolge verschafft.<\/p>\n<p>\u00c2\u00a0<\/p>\n<p><a title=\"Sch\u00f6ne Nachrichten - Foto: Max Colin Heydenreich\" href=\"http:\/\/www.schoene-nachrichten.de\/wp-content\/uploads\/2006\/12\/061205_dsc_0010.jpg\" target=\"_blank\"><img decoding=\"async\" id=\"image253\" height=\"85\" alt=\"061205_dsc_0010.jpg\" src=\"http:\/\/www.schoene-nachrichten.de\/wp-content\/uploads\/2006\/12\/061205_dsc_0010.thumbnail.jpg\" \/><\/a>\u00c2\u00a0<a title=\"Sch\u00f6ne Nachrichten - Foto: Max Colin Heydenreich\" href=\"http:\/\/www.schoene-nachrichten.de\/wp-content\/uploads\/2006\/12\/061205_dsc_0008.jpg\" target=\"_blank\"><img decoding=\"async\" id=\"image251\" height=\"85\" alt=\"061205_dsc_0008.jpg\" src=\"http:\/\/www.schoene-nachrichten.de\/wp-content\/uploads\/2006\/12\/061205_dsc_0008.thumbnail.jpg\" \/><\/a>\u00c2\u00a0<a title=\"Sch\u00f6ne Nachrichten - Foto: Max Colin Heydenreich\" href=\"http:\/\/www.schoene-nachrichten.de\/wp-content\/uploads\/2006\/12\/061205_dsc_0009.jpg\" target=\"_blank\"><img decoding=\"async\" id=\"image252\" height=\"85\" alt=\"061205_dsc_0009.jpg\" src=\"http:\/\/www.schoene-nachrichten.de\/wp-content\/uploads\/2006\/12\/061205_dsc_0009.thumbnail.jpg\" \/><\/a>\u00c2\u00a0<\/p>\n<p><a title=\"Sch\u00f6ne Nachrichten - Foto: Max Colin Heydenreich\" href=\"http:\/\/www.schoene-nachrichten.de\/wp-content\/uploads\/2006\/12\/061205_dsc_0007.jpg\" target=\"_blank\"><img decoding=\"async\" id=\"image250\" height=\"85\" alt=\"061205_dsc_0007.jpg\" src=\"http:\/\/www.schoene-nachrichten.de\/wp-content\/uploads\/2006\/12\/061205_dsc_0007.thumbnail.jpg\" \/><\/a>\u00c2\u00a0<a title=\"Sch\u00f6ne Nachrichten - Foto: Max Colin Heydenreich\" href=\"http:\/\/www.schoene-nachrichten.de\/wp-content\/uploads\/2006\/12\/061205_dsc_0006.jpg\" target=\"_blank\"><img decoding=\"async\" id=\"image249\" height=\"85\" alt=\"061205_dsc_0006.jpg\" src=\"http:\/\/www.schoene-nachrichten.de\/wp-content\/uploads\/2006\/12\/061205_dsc_0006.thumbnail.jpg\" \/><\/a>\u00c2\u00a0<a title=\"Sch\u00f6ne Nachrichten - Foto: Max Colin Heydenreich\" href=\"http:\/\/www.schoene-nachrichten.de\/wp-content\/uploads\/2006\/12\/061205_dsc_0005.jpg\" target=\"_blank\"><img decoding=\"async\" id=\"image248\" height=\"85\" alt=\"061205_dsc_0005.jpg\" src=\"http:\/\/www.schoene-nachrichten.de\/wp-content\/uploads\/2006\/12\/061205_dsc_0005.thumbnail.jpg\" \/><\/a><a class=\"imagelink\" title=\"061205_dsc_0008.jpg\" href=\"http:\/\/www.schoene-nachrichten.de\/wp-content\/uploads\/2006\/12\/061205_dsc_0008.jpg\" \/><\/p>\n<p>\u00c2\u00a0<\/p>\n<p><!--more-->Bundesweit sind insgesamt 250 Millionen Euro in das Projekt geflossen, das vor eineinhalb Jahren vom Bundesministerium gestartet wurde. Mit gezielten Schulungen wurden die \u00e4lteren Arbeitnehmer auf die Anforderungen des heutigen Arbeitsmarktes und ganz speziell auf die Bed\u00fcrfnisse einzelner Unternehmen vorbereitet. Und auch potenziellen Arbeitgebern wurden die \u00dc50-Mitarbeiter \u201eschmackhaft\u201c gemacht. Schlie\u00dflich verf\u00fcgen gestandene Frauen und M\u00e4nner \u00fcber jede Menge Erfahrung, Durchsetzungsverm\u00f6gen und sind zudem motiviert, so die Projektverantwortlichen.<\/p>\n<p>\u00c2\u00a0<\/p>\n<p>Die heute ausgezeichneten Unternehmen, darunter auch das Maschinenbau-Unternehmen Paul Himmelmann aus Uffhausen, haben das l\u00e4ngst erkannt. Und auch die aktuellen Zahlen belegen die Perspektive f\u00fcr 50 Plus-er, denn seit Beginn des Jahres ist die Zahl der Langzeitarbeitslosen im Kreis Fulda von 1068 auf 949 gesunken.\u00c2\u00a0<\/p>\n","protected":false},"excerpt":{"rendered":"<div class=\"tmnf_excerpt\"><p>Sch\u00f6nes aus Fulda. Vizekanzler Franz M\u00fcntefering (SPD) hat heute im Amt f\u00fcr Arbeit und Soziales \u201eUnternehmer mit Weitblick\u201c ausgezeichnet. Die Unternehmer, die aus ganz Deutschland nach Fulda gereist waren, haben \u00e4lteren Langzeitarbeitslosen eine Chance gegeben und damit dem Projekt \u201ePerspektive 50 Plus\u201c die ersten vorzeigbaren Erfolge verschafft. \u00c2\u00a0 \u00c2\u00a0\u00c2\u00a0\u00c2\u00a0 \u00c2\u00a0\u00c2\u00a0 \u00c2\u00a0<\/p>\n<\/div>","protected":false},"author":1,"featured_media":0,"comment_status":"closed","ping_status":"closed","sticky":false,"template":"","format":"standard","meta":{"footnotes":""},"categories":[1,54,29],"tags":[],"class_list":["post-254","post","type-post","status-publish","format-standard","hentry","category-startseite","category-bildergalerien","category-politik"],"_links":{"self":[{"href":"https:\/\/www.fuldaernachrichten.de\/index.php?rest_route=\/wp\/v2\/posts\/254","targetHints":{"allow":["GET"]}}],"collection":[{"href":"https:\/\/www.fuldaernachrichten.de\/index.php?rest_route=\/wp\/v2\/posts"}],"about":[{"href":"https:\/\/www.fuldaernachrichten.de\/index.php?rest_route=\/wp\/v2\/types\/post"}],"author":[{"embeddable":true,"href":"https:\/\/www.fuldaernachrichten.de\/index.php?rest_route=\/wp\/v2\/users\/1"}],"replies":[{"embeddable":true,"href":"https:\/\/www.fuldaernachrichten.de\/index.php?rest_route=%2Fwp%2Fv2%2Fcomments&post=254"}],"version-history":[{"count":0,"href":"https:\/\/www.fuldaernachrichten.de\/index.php?rest_route=\/wp\/v2\/posts\/254\/revisions"}],"wp:attachment":[{"href":"https:\/\/www.fuldaernachrichten.de\/index.php?rest_route=%2Fwp%2Fv2%2Fmedia&parent=254"}],"wp:term":[{"taxonomy":"category","embeddable":true,"href":"https:\/\/www.fuldaernachrichten.de\/index.php?rest_route=%2Fwp%2Fv2%2Fcategories&post=254"},{"taxonomy":"post_tag","embeddable":true,"href":"https:\/\/www.fuldaernachrichten.de\/index.php?rest_route=%2Fwp%2Fv2%2Ftags&post=254"}],"curies":[{"name":"wp","href":"https:\/\/api.w.org\/{rel}","templated":true}]}}