{"id":2527,"date":"2007-04-12T23:25:00","date_gmt":"2007-04-12T21:25:00","guid":{"rendered":"http:\/\/www.schoene-nachrichten.de\/?p=2527"},"modified":"2007-04-13T01:41:23","modified_gmt":"2007-04-12T23:41:23","slug":"meine-bunte-welt-gemaeldeausstellung-im-rathaus","status":"publish","type":"post","link":"https:\/\/www.fuldaernachrichten.de\/?p=2527","title":{"rendered":"\u201eMeine bunte Welt\u201c &#8211; Gem\u00e4ldeausstellung im Rathaus"},"content":{"rendered":"<p><strong>Sch\u00f6nes aus Poppenhausen.<\/strong> Im Poppenhausener Rathaus-Foyer wurde zu Ostern die Gem\u00e4ldeausstellung \u201eMeine bunte Welt\u201c von Elena Kepling-Selig er\u00f6ffnet. Die K\u00fcnstlerin\u00c2\u00a0pr\u00e4sentiert 80 Werke auf drei Ebenen. Die Themenauswahl reicht von Blumen, Landschaft und Jahreszeiten \u00fcber Tiere\u00c2\u00a0und Obst bis hin zu Akt.<\/p>\n<p><a rel=\"lightbox[roadtrip]\" target=\"_blank\" href=\"http:\/\/www.schoene-nachrichten.de\/wp-content\/uploads\/2007\/04\/070411-gemalde.jpg\" title=\"070411-gemalde.jpg\"><img decoding=\"async\" src=\"http:\/\/www.schoene-nachrichten.de\/wp-content\/uploads\/2007\/04\/070411-gemalde.thumbnail.jpg\" alt=\"070411-gemalde.jpg\" \/><\/a><\/p>\n<p><!--more-->In seiner Begr\u00fc\u00dfung stellte B\u00fcrgermeister Manfred Helfrich die K\u00fcnstlerin vor: Die 40-J\u00e4hrige ist geboren und aufgewachsen in der ehemaligen UDSSR. Dort studierte sie Maschinenbau und arbeitete als Ingenieurin in der Entwicklung und Konstruktion von Werkzeugmaschinen, bevor sie 1994 \u00fcber Westfalen im Jahr 1995 nach Fulda \u00fcbersiedelte. Nach einer Weiterbildung zur Bauzeichnerein. Nachdem sie ihren Mann Walter Selig kennen lernte, folgte 1988 der Umzug nach Poppenhausen. Mit der gemeinsamen Tochter Julia leben sie hier im neu erbauten Eigenheim.<\/p>\n<p>Bereits in ihrer Kindheit habe sie gerne gemalt. Ab dem 10. Lebensjahr nahm sie an Malwettbewerben teil und erhielt bereits mehrere Auszeichnungen. Seit 2003 widmet sich Elena Kepling-Selig in ihrer Freizeit der Malerei und eignete sich inzwischen mehrere Techniken an, bevorzugt jedoch die Malerei mit Kunstharz- und Acrylfarben auf Leinwand.<\/p>\n<p>Der B\u00fcrgermeister begl\u00fcckw\u00fcnschte Kepling-Selig zu der gelungenen Vernissage, die eine Premiere war und w\u00fcnschte der Malerin weiterhin Freude und Erf\u00fcllung bei ihrem sch\u00f6nen Hobby. Die Ausstellung ist bis Ende Mai w\u00e4hrend der Dienstzeiten im Rathauses zu bewundern.<\/p>\n<p><strong>Zum Foto:<\/strong> Elena Kepling-Selig (2.v.r.) mit ihrem Mann Walter und Tochter Julia, links daneben Tourist-Managerin Andrea Speckenheuer u. B\u00fcrgermeister Manfred Helfrich<\/p>\n","protected":false},"excerpt":{"rendered":"<div class=\"tmnf_excerpt\"><p>Sch\u00f6nes aus Poppenhausen. Im Poppenhausener Rathaus-Foyer wurde zu Ostern die Gem\u00e4ldeausstellung \u201eMeine bunte Welt\u201c von Elena Kepling-Selig er\u00f6ffnet. Die K\u00fcnstlerin\u00c2\u00a0pr\u00e4sentiert 80 Werke auf drei Ebenen. Die Themenauswahl reicht von Blumen, Landschaft und Jahreszeiten \u00fcber Tiere\u00c2\u00a0und Obst bis hin zu Akt.<\/p>\n<\/div>","protected":false},"author":1,"featured_media":0,"comment_status":"closed","ping_status":"closed","sticky":false,"template":"","format":"standard","meta":{"footnotes":""},"categories":[1,44],"tags":[],"class_list":["post-2527","post","type-post","status-publish","format-standard","hentry","category-startseite","category-kultur"],"_links":{"self":[{"href":"https:\/\/www.fuldaernachrichten.de\/index.php?rest_route=\/wp\/v2\/posts\/2527","targetHints":{"allow":["GET"]}}],"collection":[{"href":"https:\/\/www.fuldaernachrichten.de\/index.php?rest_route=\/wp\/v2\/posts"}],"about":[{"href":"https:\/\/www.fuldaernachrichten.de\/index.php?rest_route=\/wp\/v2\/types\/post"}],"author":[{"embeddable":true,"href":"https:\/\/www.fuldaernachrichten.de\/index.php?rest_route=\/wp\/v2\/users\/1"}],"replies":[{"embeddable":true,"href":"https:\/\/www.fuldaernachrichten.de\/index.php?rest_route=%2Fwp%2Fv2%2Fcomments&post=2527"}],"version-history":[{"count":0,"href":"https:\/\/www.fuldaernachrichten.de\/index.php?rest_route=\/wp\/v2\/posts\/2527\/revisions"}],"wp:attachment":[{"href":"https:\/\/www.fuldaernachrichten.de\/index.php?rest_route=%2Fwp%2Fv2%2Fmedia&parent=2527"}],"wp:term":[{"taxonomy":"category","embeddable":true,"href":"https:\/\/www.fuldaernachrichten.de\/index.php?rest_route=%2Fwp%2Fv2%2Fcategories&post=2527"},{"taxonomy":"post_tag","embeddable":true,"href":"https:\/\/www.fuldaernachrichten.de\/index.php?rest_route=%2Fwp%2Fv2%2Ftags&post=2527"}],"curies":[{"name":"wp","href":"https:\/\/api.w.org\/{rel}","templated":true}]}}