{"id":2515,"date":"2007-04-10T12:50:17","date_gmt":"2007-04-10T10:50:17","guid":{"rendered":"http:\/\/www.schoene-nachrichten.de\/?p=2515"},"modified":"2007-04-10T12:51:30","modified_gmt":"2007-04-10T10:51:30","slug":"fuldaer-zukunftssalon-gemeinsames-projekt-von-stadt-und-hochschule","status":"publish","type":"post","link":"https:\/\/www.fuldaernachrichten.de\/?p=2515","title":{"rendered":"Fuldaer ZukunftsSalon \u2013 gemeinsames Projekt von Stadt und Hochschule"},"content":{"rendered":"<p><strong>Sch\u00f6nes aus Fulda.<\/strong> Am 19. Juni 2007 startet um 20.00 Uhr im F\u00fcrstensaal des Stadtschlosses der erste Fuldaer ZukunftsSalon mit einem Vortrag von Prof. Dr. Hans-Peter D\u00fcrr, dem bekannten Physiker und Nobelpreistr\u00e4ger zum Thema \u201eBewusstsein und Verantwortung \u2013 Wir erleben mehr als wir begreifen\u201c. <!--more--><\/p>\n<p>In seiner Einf\u00fchrung in das ganzheitliche Weltbild der Quantenphysik zeigt er auf, welche weitreichenden \u2013Konsequenzen sich daraus f\u00fcr unser Leben ergeben. \u201eMit dem Denken des 19. Jh. und der Technik des 20. Jh. versuchen wir heute die Probleme des 21. Jh. zu meistern\u201c, stellt D\u00fcrr die Diskrepanz vor, vermittelt aber gleichzeitig, warum es sich dennoch lohnt, das Vertrauen in das Leben und in den kreativen Prozess der Evolution auch in einer bedrohten Welt zu bewahren. Kostenfreie Platzkarten sind im B\u00fcrgerb\u00fcro erh\u00e4ltlich.<\/p>\n<p>Gemeinsam haben sich Stadt und Hochschule Fulda die Aufgabe gesetzt, Zukunftsentw\u00fcrfe aus verschiedenen Wissenschaftsbereichen in der Region bekannter zu machen. Wissen erwerben, ins Gespr\u00e4ch kommen, Zukunft denken \u2013 und das im Sinne von Verantwortung, Nachhaltigkeit, Gerechtigkeit und Ermutigung.<\/p>\n<p>\u201eIn unserer langen Bildungstradition greifen wir immer wieder wichtige Zukunftsthemen auf\u201c, so Oberb\u00fcrgermeister Gerhard M\u00f6ller, der sich dabei besonders \u00fcber die Zusammenarbeit mit der Hochschule Fulda freut.<\/p>\n<p>Der Fuldaer ZukunftsSalon greift die Idee der ber\u00fchmten literarischen, politischen und musikalischen Salons des 19. Jahrhunderts auf, in denen interessierte B\u00fcrgerinnen und B\u00fcrger die wichtigen Themen und Entwicklungen ihrer Zeit diskutierten. Unter Verzicht auf den kleinen vertrauten Rahmen des Salons soll der F\u00fcrstensaal zu einem Ort von lebendiger \u00d6ffentlichkeit werden. Denn &#8211; Demokratie heute hei\u00dft, alle ein zu beziehen. Dabei wollen die Verantwortlichen auch in diesem gro\u00dfen Rahmen an die offene, kreative und freundliche Atmosph\u00e4re der Salons ankn\u00fcpfen und einen solchen Raum schaffen f\u00fcr Nachdenken \u00fcber Entwicklung und Zukunft.<\/p>\n<p>Am 6. November 2007 wird der Fuldaer Zukunftssalon mit dem Vortrag \u201eGenerationenkonflikt \u2013 Brauchen wir eine neue Kultur des Helfens?\u201c von Prof. Dr. Dr. Reimer Gronemeyer (Theologe und Soziologe) fortgesetzt.<\/p>\n","protected":false},"excerpt":{"rendered":"<div class=\"tmnf_excerpt\"><p>Sch\u00f6nes aus Fulda. Am 19. Juni 2007 startet um 20.00 Uhr im F\u00fcrstensaal des Stadtschlosses der erste Fuldaer ZukunftsSalon mit einem Vortrag von Prof. Dr. Hans-Peter D\u00fcrr, dem bekannten Physiker und Nobelpreistr\u00e4ger zum Thema \u201eBewusstsein und Verantwortung \u2013 Wir erleben mehr als wir begreifen\u201c.<\/p>\n<\/div>","protected":false},"author":1,"featured_media":0,"comment_status":"closed","ping_status":"closed","sticky":false,"template":"","format":"standard","meta":{"footnotes":""},"categories":[1,53,44,48],"tags":[],"class_list":["post-2515","post","type-post","status-publish","format-standard","hentry","category-startseite","category-bildung","category-kultur","category-forschung"],"_links":{"self":[{"href":"https:\/\/www.fuldaernachrichten.de\/index.php?rest_route=\/wp\/v2\/posts\/2515","targetHints":{"allow":["GET"]}}],"collection":[{"href":"https:\/\/www.fuldaernachrichten.de\/index.php?rest_route=\/wp\/v2\/posts"}],"about":[{"href":"https:\/\/www.fuldaernachrichten.de\/index.php?rest_route=\/wp\/v2\/types\/post"}],"author":[{"embeddable":true,"href":"https:\/\/www.fuldaernachrichten.de\/index.php?rest_route=\/wp\/v2\/users\/1"}],"replies":[{"embeddable":true,"href":"https:\/\/www.fuldaernachrichten.de\/index.php?rest_route=%2Fwp%2Fv2%2Fcomments&post=2515"}],"version-history":[{"count":0,"href":"https:\/\/www.fuldaernachrichten.de\/index.php?rest_route=\/wp\/v2\/posts\/2515\/revisions"}],"wp:attachment":[{"href":"https:\/\/www.fuldaernachrichten.de\/index.php?rest_route=%2Fwp%2Fv2%2Fmedia&parent=2515"}],"wp:term":[{"taxonomy":"category","embeddable":true,"href":"https:\/\/www.fuldaernachrichten.de\/index.php?rest_route=%2Fwp%2Fv2%2Fcategories&post=2515"},{"taxonomy":"post_tag","embeddable":true,"href":"https:\/\/www.fuldaernachrichten.de\/index.php?rest_route=%2Fwp%2Fv2%2Ftags&post=2515"}],"curies":[{"name":"wp","href":"https:\/\/api.w.org\/{rel}","templated":true}]}}