{"id":2498,"date":"2007-04-07T23:16:33","date_gmt":"2007-04-07T21:16:33","guid":{"rendered":"http:\/\/www.schoene-nachrichten.de\/?p=2498"},"modified":"2007-04-08T00:18:38","modified_gmt":"2007-04-07T22:18:38","slug":"fussball-tsv-lehnerz-unterlag-tuspo-grebenstein","status":"publish","type":"post","link":"https:\/\/www.fuldaernachrichten.de\/?p=2498","title":{"rendered":"Fu\u00dfball: TSV Lehnerz unterlag TuSpo Grebenstein"},"content":{"rendered":"<p><strong>Sport.<\/strong> Der TSV Lehnerz unterlag heute dem TuSpo Grebenstein mit 1:2.\u00c2\u00a0Bereits eine Minute nach dem Anpfiff waren die G\u00e4ste mit dem ersten Treffer durch Hannes Drube in F\u00fchrung gegangen. Das zweite Tor f\u00fcr Grebenstein lie\u00df nicht lange auf sich warten. Thomas Schindewolft traf nach einem Freisto\u00df aus 20 Metern. Erst in der 68. Minute fiel das ersehnte Tor f\u00fcr die Gastgebermannschaft durch\u00c2\u00a0Marco Lohsse. Der TSV Lehnerz\u00c2\u00a0belegt nach dem heutigen Spiel nun\u00c2\u00a0den vierten Tabellenplatz. \u00c2\u00a0\u00c2\u00a0<\/p>\n<p><strong>Fotos (16):<\/strong> Alexander Mengel<\/p>\n<p><a rel=\"lightbox[roadtrip]\" target=\"_blank\" href=\"http:\/\/www.schoene-nachrichten.de\/wp-content\/uploads\/2007\/04\/070408_Lehnerz_09.jpg\" title=\"Foto: Alexander Mengel\"><img decoding=\"async\" width=\"128\" src=\"http:\/\/www.schoene-nachrichten.de\/wp-content\/uploads\/2007\/04\/070408_Lehnerz_09.thumbnail.jpg\" alt=\"070408_Lehnerz_09.jpg\" height=\"85\" \/>\u00c2\u00a0<\/a><a rel=\"lightbox[roadtrip]\" target=\"_blank\" href=\"http:\/\/www.schoene-nachrichten.de\/wp-content\/uploads\/2007\/04\/070408_Lehnerz_04.jpg\" title=\"Foto: Alexander Mengel\"><img decoding=\"async\" width=\"128\" src=\"http:\/\/www.schoene-nachrichten.de\/wp-content\/uploads\/2007\/04\/070408_Lehnerz_04.thumbnail.jpg\" alt=\"070408_Lehnerz_04.jpg\" height=\"85\" \/><\/a>\u00c2\u00a0<a rel=\"lightbox[roadtrip]\" target=\"_blank\" href=\"http:\/\/www.schoene-nachrichten.de\/wp-content\/uploads\/2007\/04\/070408_Lehnerz_08.jpg\" title=\"Foto: Alexander Mengel\"><img decoding=\"async\" width=\"128\" src=\"http:\/\/www.schoene-nachrichten.de\/wp-content\/uploads\/2007\/04\/070408_Lehnerz_08.thumbnail.jpg\" alt=\"070408_Lehnerz_08.jpg\" height=\"85\" \/><\/a><\/p>\n<p><!--more--><a rel=\"lightbox[roadtrip]\" target=\"_blank\" href=\"http:\/\/www.schoene-nachrichten.de\/wp-content\/uploads\/2007\/04\/070408_Lehnerz_15.jpg\" title=\"Foto: Alexander Mengel\"><img loading=\"lazy\" decoding=\"async\" width=\"128\" src=\"http:\/\/www.schoene-nachrichten.de\/wp-content\/uploads\/2007\/04\/070408_Lehnerz_15.thumbnail.jpg\" alt=\"070408_Lehnerz_15.jpg\" height=\"85\" \/><\/a> <a rel=\"lightbox[roadtrip]\" target=\"_blank\" href=\"http:\/\/www.schoene-nachrichten.de\/wp-content\/uploads\/2007\/04\/070408_Lehnerz_14.jpg\" title=\"Foto: Alexander Mengel\"><img loading=\"lazy\" decoding=\"async\" width=\"128\" src=\"http:\/\/www.schoene-nachrichten.de\/wp-content\/uploads\/2007\/04\/070408_Lehnerz_14.thumbnail.jpg\" alt=\"070408_Lehnerz_14.jpg\" height=\"85\" \/><\/a> <a rel=\"lightbox[roadtrip]\" target=\"_blank\" href=\"http:\/\/www.schoene-nachrichten.de\/wp-content\/uploads\/2007\/04\/070408_Lehnerz_13.jpg\" title=\"Foto: Alexander Mengel\"><img loading=\"lazy\" decoding=\"async\" width=\"128\" src=\"http:\/\/www.schoene-nachrichten.de\/wp-content\/uploads\/2007\/04\/070408_Lehnerz_13.thumbnail.jpg\" alt=\"070408_Lehnerz_13.jpg\" height=\"85\" \/><\/a><br \/>\n<a rel=\"lightbox[roadtrip]\" target=\"_blank\" href=\"http:\/\/www.schoene-nachrichten.de\/wp-content\/uploads\/2007\/04\/070408_Lehnerz_12.jpg\" title=\"Foto: Alexander Mengel\"><br \/>\n<img loading=\"lazy\" decoding=\"async\" width=\"128\" src=\"http:\/\/www.schoene-nachrichten.de\/wp-content\/uploads\/2007\/04\/070408_Lehnerz_12.thumbnail.jpg\" alt=\"070408_Lehnerz_12.jpg\" height=\"85\" \/><\/a> <a rel=\"lightbox[roadtrip]\" target=\"_blank\" href=\"http:\/\/www.schoene-nachrichten.de\/wp-content\/uploads\/2007\/04\/070408_Lehnerz_11.jpg\" title=\"Foto: Alexander Mengel\"><img loading=\"lazy\" decoding=\"async\" width=\"128\" src=\"http:\/\/www.schoene-nachrichten.de\/wp-content\/uploads\/2007\/04\/070408_Lehnerz_11.thumbnail.jpg\" alt=\"070408_Lehnerz_11.jpg\" height=\"85\" \/><\/a> <a rel=\"lightbox[roadtrip]\" target=\"_blank\" href=\"http:\/\/www.schoene-nachrichten.de\/wp-content\/uploads\/2007\/04\/070408_Lehnerz_10.jpg\" title=\"Foto: Alexander Mengel\"><img loading=\"lazy\" decoding=\"async\" width=\"128\" src=\"http:\/\/www.schoene-nachrichten.de\/wp-content\/uploads\/2007\/04\/070408_Lehnerz_10.thumbnail.jpg\" alt=\"070408_Lehnerz_10.jpg\" height=\"85\" \/><\/a><\/p>\n<p><a rel=\"lightbox[roadtrip]\" target=\"_blank\" href=\"http:\/\/www.schoene-nachrichten.de\/wp-content\/uploads\/2007\/04\/070408_Lehnerz_06.jpg\" title=\"Foto: Alexander Mengel\"><img loading=\"lazy\" decoding=\"async\" width=\"128\" src=\"http:\/\/www.schoene-nachrichten.de\/wp-content\/uploads\/2007\/04\/070408_Lehnerz_06.thumbnail.jpg\" alt=\"070408_Lehnerz_06.jpg\" height=\"85\" \/><\/a> <a rel=\"lightbox[roadtrip]\" target=\"_blank\" href=\"http:\/\/www.schoene-nachrichten.de\/wp-content\/uploads\/2007\/04\/070408_Lehnerz_05.jpg\" title=\"Foto: Alexander Mengel\"><img loading=\"lazy\" decoding=\"async\" width=\"128\" src=\"http:\/\/www.schoene-nachrichten.de\/wp-content\/uploads\/2007\/04\/070408_Lehnerz_05.thumbnail.jpg\" alt=\"070408_Lehnerz_05.jpg\" height=\"85\" \/><\/a>\u00c2\u00a0<a rel=\"lightbox[roadtrip]\" target=\"_blank\" href=\"http:\/\/www.schoene-nachrichten.de\/wp-content\/uploads\/2007\/04\/070408_Lehnerz_07.jpg\" title=\"Foto: Alexander Mengel\"><img loading=\"lazy\" decoding=\"async\" width=\"128\" src=\"http:\/\/www.schoene-nachrichten.de\/wp-content\/uploads\/2007\/04\/070408_Lehnerz_07.thumbnail.jpg\" alt=\"070408_Lehnerz_07.jpg\" height=\"85\" \/><\/a><br \/>\n<a rel=\"lightbox[roadtrip]\" target=\"_blank\" href=\"http:\/\/www.schoene-nachrichten.de\/wp-content\/uploads\/2007\/04\/070408_Lehnerz_03.jpg\" title=\"Foto: Alexander Mengel\"><br \/>\n<img loading=\"lazy\" decoding=\"async\" width=\"128\" src=\"http:\/\/www.schoene-nachrichten.de\/wp-content\/uploads\/2007\/04\/070408_Lehnerz_03.thumbnail.jpg\" alt=\"070408_Lehnerz_03.jpg\" height=\"85\" \/><\/a> <a rel=\"lightbox[roadtrip]\" target=\"_blank\" href=\"http:\/\/www.schoene-nachrichten.de\/wp-content\/uploads\/2007\/04\/070408_Lehnerz_02.jpg\" title=\"Foto: Alexander Mengel\"><img loading=\"lazy\" decoding=\"async\" width=\"128\" src=\"http:\/\/www.schoene-nachrichten.de\/wp-content\/uploads\/2007\/04\/070408_Lehnerz_02.thumbnail.jpg\" alt=\"070408_Lehnerz_02.jpg\" height=\"85\" \/><\/a> <a rel=\"lightbox[roadtrip]\" target=\"_blank\" href=\"http:\/\/www.schoene-nachrichten.de\/wp-content\/uploads\/2007\/04\/070408_Lehnerz_01.jpg\" title=\"Foto: Alexander Mengel\"><img loading=\"lazy\" decoding=\"async\" width=\"128\" src=\"http:\/\/www.schoene-nachrichten.de\/wp-content\/uploads\/2007\/04\/070408_Lehnerz_01.thumbnail.jpg\" alt=\"070408_Lehnerz_01.jpg\" height=\"85\" \/><\/a><\/p>\n<p><a rel=\"lightbox[roadtrip]\" target=\"_blank\" href=\"http:\/\/www.schoene-nachrichten.de\/wp-content\/uploads\/2007\/04\/070408_Lehnerz_16.jpg\" title=\"Foto: Alexander Mengel\"><img loading=\"lazy\" decoding=\"async\" width=\"128\" src=\"http:\/\/www.schoene-nachrichten.de\/wp-content\/uploads\/2007\/04\/070408_Lehnerz_16.thumbnail.jpg\" alt=\"070408_Lehnerz_16.jpg\" height=\"85\" \/><\/a><\/p>\n","protected":false},"excerpt":{"rendered":"<div class=\"tmnf_excerpt\"><p>Sport. Der TSV Lehnerz unterlag heute dem TuSpo Grebenstein mit 1:2.\u00c2\u00a0Bereits eine Minute nach dem Anpfiff waren die G\u00e4ste mit dem ersten Treffer durch Hannes Drube in F\u00fchrung gegangen. Das zweite Tor f\u00fcr Grebenstein lie\u00df nicht lange auf sich warten. Thomas Schindewolft traf nach einem Freisto\u00df aus 20 Metern. Erst in der 68. Minute fiel &hellip;<\/p>\n<\/div>","protected":false},"author":1,"featured_media":0,"comment_status":"closed","ping_status":"closed","sticky":false,"template":"","format":"standard","meta":{"footnotes":""},"categories":[1,46],"tags":[],"class_list":["post-2498","post","type-post","status-publish","format-standard","hentry","category-startseite","category-sport"],"_links":{"self":[{"href":"https:\/\/www.fuldaernachrichten.de\/index.php?rest_route=\/wp\/v2\/posts\/2498","targetHints":{"allow":["GET"]}}],"collection":[{"href":"https:\/\/www.fuldaernachrichten.de\/index.php?rest_route=\/wp\/v2\/posts"}],"about":[{"href":"https:\/\/www.fuldaernachrichten.de\/index.php?rest_route=\/wp\/v2\/types\/post"}],"author":[{"embeddable":true,"href":"https:\/\/www.fuldaernachrichten.de\/index.php?rest_route=\/wp\/v2\/users\/1"}],"replies":[{"embeddable":true,"href":"https:\/\/www.fuldaernachrichten.de\/index.php?rest_route=%2Fwp%2Fv2%2Fcomments&post=2498"}],"version-history":[{"count":0,"href":"https:\/\/www.fuldaernachrichten.de\/index.php?rest_route=\/wp\/v2\/posts\/2498\/revisions"}],"wp:attachment":[{"href":"https:\/\/www.fuldaernachrichten.de\/index.php?rest_route=%2Fwp%2Fv2%2Fmedia&parent=2498"}],"wp:term":[{"taxonomy":"category","embeddable":true,"href":"https:\/\/www.fuldaernachrichten.de\/index.php?rest_route=%2Fwp%2Fv2%2Fcategories&post=2498"},{"taxonomy":"post_tag","embeddable":true,"href":"https:\/\/www.fuldaernachrichten.de\/index.php?rest_route=%2Fwp%2Fv2%2Ftags&post=2498"}],"curies":[{"name":"wp","href":"https:\/\/api.w.org\/{rel}","templated":true}]}}