{"id":2474,"date":"2007-04-05T00:15:31","date_gmt":"2007-04-04T23:15:31","guid":{"rendered":"http:\/\/www.schoene-nachrichten.de\/?p=2474"},"modified":"2007-04-05T01:34:46","modified_gmt":"2007-04-05T00:34:46","slug":"stadt-und-landkreis-trainieren-fuer-gwv-challenge-lauf","status":"publish","type":"post","link":"https:\/\/www.fuldaernachrichten.de\/?p=2474","title":{"rendered":"Stadt und Landkreis trainieren f\u00fcr GWV-Challenge-Lauf"},"content":{"rendered":"<p><strong>Sch\u00f6nes aus Fulda.<\/strong> Am 5. Mai startet der GWV-Challenge-Lauf, der unter dem Motto &#8220;Sport, Energie und Motivation&#8221; steht. Hoch motiviert sind auch die Teams von Stadt und Landkreis Fulda. Sie trafen sich gestern vor dem Borussen-Stadion zum ersten gemeinsamen Trainingslauf.\u00c2\u00a0<\/p>\n<p><strong>Fotos (24):<\/strong> Max Colin Heydenreich<\/p>\n<p><a rel=\"lightbox[roadtrip]\" target=\"_blank\" href=\"http:\/\/www.schoene-nachrichten.de\/wp-content\/uploads\/2007\/04\/070405_GWV_14.jpg\" title=\"Foto: Max Colin Heydenreich\"><img decoding=\"async\" width=\"128\" src=\"http:\/\/www.schoene-nachrichten.de\/wp-content\/uploads\/2007\/04\/070405_GWV_14.thumbnail.jpg\" alt=\"070405_GWV_14.jpg\" height=\"85\" \/><\/a>\u00c2\u00a0<a rel=\"lightbox[roadtrip]\" target=\"_blank\" href=\"http:\/\/www.schoene-nachrichten.de\/wp-content\/uploads\/2007\/04\/070405_GWV_18.jpg\" title=\"Foto: Max Colin Heydenreich\"><img decoding=\"async\" width=\"128\" src=\"http:\/\/www.schoene-nachrichten.de\/wp-content\/uploads\/2007\/04\/070405_GWV_18.thumbnail.jpg\" alt=\"070405_GWV_18.jpg\" height=\"85\" \/><\/a> <a rel=\"lightbox[roadtrip]\" target=\"_blank\" href=\"http:\/\/www.schoene-nachrichten.de\/wp-content\/uploads\/2007\/04\/070405_GWV_19.jpg\" title=\"Foto: Max Colin Heydenreich\"><img decoding=\"async\" width=\"128\" src=\"http:\/\/www.schoene-nachrichten.de\/wp-content\/uploads\/2007\/04\/070405_GWV_19.thumbnail.jpg\" alt=\"070405_GWV_19.jpg\" height=\"85\" \/><\/a><\/p>\n<p><a rel=\"lightbox[roadtrip]\" target=\"_blank\" href=\"http:\/\/www.schoene-nachrichten.de\/wp-content\/uploads\/2007\/04\/070405_GWV_11.jpg\" title=\"Foto: Max Colin Heydenreich\"><img loading=\"lazy\" decoding=\"async\" width=\"128\" src=\"http:\/\/www.schoene-nachrichten.de\/wp-content\/uploads\/2007\/04\/070405_GWV_11.thumbnail.jpg\" alt=\"070405_GWV_11.jpg\" height=\"85\" \/><\/a>\u00c2\u00a0<a rel=\"lightbox[roadtrip]\" target=\"_blank\" href=\"http:\/\/www.schoene-nachrichten.de\/wp-content\/uploads\/2007\/04\/070405_GWV_12.jpg\" title=\"Foto: Max Colin Heydenreich\"><img loading=\"lazy\" decoding=\"async\" width=\"128\" src=\"http:\/\/www.schoene-nachrichten.de\/wp-content\/uploads\/2007\/04\/070405_GWV_12.thumbnail.jpg\" alt=\"070405_GWV_12.jpg\" height=\"85\" \/><\/a>\u00c2\u00a0<a rel=\"lightbox[roadtrip]\" target=\"_blank\" href=\"http:\/\/www.schoene-nachrichten.de\/wp-content\/uploads\/2007\/04\/070405_GWV_13.jpg\" title=\"Foto: Max Colin Heydenreich\"><img loading=\"lazy\" decoding=\"async\" width=\"128\" src=\"http:\/\/www.schoene-nachrichten.de\/wp-content\/uploads\/2007\/04\/070405_GWV_13.thumbnail.jpg\" alt=\"070405_GWV_13.jpg\" height=\"85\" \/><\/a><\/p>\n<p><!--more--><a rel=\"lightbox[roadtrip]\" target=\"_blank\" href=\"http:\/\/www.schoene-nachrichten.de\/wp-content\/uploads\/2007\/04\/070405_GWV_24.jpg\" title=\"Foto: Max Colin Heydenreich\"><img loading=\"lazy\" decoding=\"async\" width=\"128\" src=\"http:\/\/www.schoene-nachrichten.de\/wp-content\/uploads\/2007\/04\/070405_GWV_24.thumbnail.jpg\" alt=\"070405_GWV_24.jpg\" height=\"85\" \/><\/a> <a rel=\"lightbox[roadtrip]\" target=\"_blank\" href=\"http:\/\/www.schoene-nachrichten.de\/wp-content\/uploads\/2007\/04\/070405_GWV_23.jpg\" title=\"Foto: Max Colin Heydenreich\"><img loading=\"lazy\" decoding=\"async\" width=\"128\" src=\"http:\/\/www.schoene-nachrichten.de\/wp-content\/uploads\/2007\/04\/070405_GWV_23.thumbnail.jpg\" alt=\"070405_GWV_23.jpg\" height=\"85\" \/><\/a> <a rel=\"lightbox[roadtrip]\" target=\"_blank\" href=\"http:\/\/www.schoene-nachrichten.de\/wp-content\/uploads\/2007\/04\/070405_GWV_22.jpg\" title=\"Foto: Max Colin Heydenreich\"><img loading=\"lazy\" decoding=\"async\" width=\"128\" src=\"http:\/\/www.schoene-nachrichten.de\/wp-content\/uploads\/2007\/04\/070405_GWV_22.thumbnail.jpg\" alt=\"070405_GWV_22.jpg\" height=\"85\" \/><\/a><br \/>\n<a rel=\"lightbox[roadtrip]\" target=\"_blank\" href=\"http:\/\/www.schoene-nachrichten.de\/wp-content\/uploads\/2007\/04\/070405_GWV_21.jpg\" title=\"Foto: Max Colin Heydenreich\"><br \/>\n<img loading=\"lazy\" decoding=\"async\" width=\"128\" src=\"http:\/\/www.schoene-nachrichten.de\/wp-content\/uploads\/2007\/04\/070405_GWV_21.thumbnail.jpg\" alt=\"070405_GWV_21.jpg\" height=\"85\" \/><\/a> <a rel=\"lightbox[roadtrip]\" target=\"_blank\" href=\"http:\/\/www.schoene-nachrichten.de\/wp-content\/uploads\/2007\/04\/070405_GWV_20.jpg\" title=\"Foto: Max Colin Heydenreich\"><img loading=\"lazy\" decoding=\"async\" width=\"128\" src=\"http:\/\/www.schoene-nachrichten.de\/wp-content\/uploads\/2007\/04\/070405_GWV_20.thumbnail.jpg\" alt=\"070405_GWV_20.jpg\" height=\"85\" \/><\/a>\u00c2\u00a0<a rel=\"lightbox[roadtrip]\" target=\"_blank\" href=\"http:\/\/www.schoene-nachrichten.de\/wp-content\/uploads\/2007\/04\/070405_GWV_17.jpg\" title=\"Foto: Max Colin Heydenreich\"><img loading=\"lazy\" decoding=\"async\" width=\"128\" src=\"http:\/\/www.schoene-nachrichten.de\/wp-content\/uploads\/2007\/04\/070405_GWV_17.thumbnail.jpg\" alt=\"070405_GWV_17.jpg\" height=\"85\" \/><\/a><\/p>\n<p>Der B\u00fcrgermeister der Stadt Fulda, Dr. Wolfgang Dippel,\u00c2\u00a0und Dr. Heiko Wingenfeld, Erster Kreisbeigeordneter des Landkreises Fulda, begr\u00fc\u00dften 117 begeisterte L\u00e4ufer und stellten die T-Shirts mit dem Motto \u201eWir bewegen was\u201c vor.<\/p>\n<p><a rel=\"lightbox[roadtrip]\" target=\"_blank\" href=\"http:\/\/www.schoene-nachrichten.de\/wp-content\/uploads\/2007\/04\/070405_GWV_16.jpg\" title=\"Foto: Max Colin Heydenreich\"><img loading=\"lazy\" decoding=\"async\" width=\"128\" src=\"http:\/\/www.schoene-nachrichten.de\/wp-content\/uploads\/2007\/04\/070405_GWV_16.thumbnail.jpg\" alt=\"070405_GWV_16.jpg\" height=\"85\" \/><\/a>\u00c2\u00a0<a rel=\"lightbox[roadtrip]\" target=\"_blank\" href=\"http:\/\/www.schoene-nachrichten.de\/wp-content\/uploads\/2007\/04\/070405_GWV_15.jpg\" title=\"Foto: Max Colin Heydenreich\"><img loading=\"lazy\" decoding=\"async\" width=\"128\" src=\"http:\/\/www.schoene-nachrichten.de\/wp-content\/uploads\/2007\/04\/070405_GWV_15.thumbnail.jpg\" alt=\"070405_GWV_15.jpg\" height=\"85\" \/><\/a>\u00c2\u00a0<a rel=\"lightbox[roadtrip]\" target=\"_blank\" href=\"http:\/\/www.schoene-nachrichten.de\/wp-content\/uploads\/2007\/04\/070405_GWV_10.jpg\" title=\"Foto: Max Colin Heydenreich\"><img loading=\"lazy\" decoding=\"async\" width=\"128\" src=\"http:\/\/www.schoene-nachrichten.de\/wp-content\/uploads\/2007\/04\/070405_GWV_10.thumbnail.jpg\" alt=\"070405_GWV_10.jpg\" height=\"85\" \/><\/a><br \/>\n<a rel=\"lightbox[roadtrip]\" target=\"_blank\" href=\"http:\/\/www.schoene-nachrichten.de\/wp-content\/uploads\/2007\/04\/070405_GWV_09.jpg\" title=\"Foto: Max Colin Heydenreich\"><br \/>\n<img loading=\"lazy\" decoding=\"async\" width=\"128\" src=\"http:\/\/www.schoene-nachrichten.de\/wp-content\/uploads\/2007\/04\/070405_GWV_09.thumbnail.jpg\" alt=\"070405_GWV_09.jpg\" height=\"85\" \/><\/a> <a rel=\"lightbox[roadtrip]\" target=\"_blank\" href=\"http:\/\/www.schoene-nachrichten.de\/wp-content\/uploads\/2007\/04\/070405_GWV_08.jpg\" title=\"Foto: Max Colin Heydenreich\"><img loading=\"lazy\" decoding=\"async\" width=\"128\" src=\"http:\/\/www.schoene-nachrichten.de\/wp-content\/uploads\/2007\/04\/070405_GWV_08.thumbnail.jpg\" alt=\"070405_GWV_08.jpg\" height=\"85\" \/><\/a> <a rel=\"lightbox[roadtrip]\" target=\"_blank\" href=\"http:\/\/www.schoene-nachrichten.de\/wp-content\/uploads\/2007\/04\/070405_GWV_07.jpg\" title=\"Foto: Max Colin Heydenreich\"><img loading=\"lazy\" decoding=\"async\" width=\"128\" src=\"http:\/\/www.schoene-nachrichten.de\/wp-content\/uploads\/2007\/04\/070405_GWV_07.thumbnail.jpg\" alt=\"070405_GWV_07.jpg\" height=\"85\" \/><\/a><\/p>\n<p>Zum GWV-Challenge Lauf, der von Fulda nach K\u00fcnzell f\u00fchrt, werden mehrere hundert L\u00e4ufer aus Unternehmen, Organisationen und Schulen erwartet. Gruppen ab vier Personen k\u00f6nnen sich noch bis zum 30. April anmelden. Unter <a target=\"_blank\" href=\"http:\/\/www.gwv-challenge-lauf.de\/\">http:\/\/www.gwv-challenge-lauf.de\/<\/a> gibt es weitere Informationen.<strong> <\/strong><br \/>\n<a rel=\"lightbox[roadtrip]\" target=\"_blank\" href=\"http:\/\/www.schoene-nachrichten.de\/wp-content\/uploads\/2007\/04\/070405_GWV_06.jpg\" title=\"Foto: Max Colin Heydenreich\"><br \/>\n<img loading=\"lazy\" decoding=\"async\" width=\"128\" src=\"http:\/\/www.schoene-nachrichten.de\/wp-content\/uploads\/2007\/04\/070405_GWV_06.thumbnail.jpg\" alt=\"070405_GWV_06.jpg\" height=\"85\" \/><\/a> <a rel=\"lightbox[roadtrip]\" target=\"_blank\" href=\"http:\/\/www.schoene-nachrichten.de\/wp-content\/uploads\/2007\/04\/070405_GWV_05.jpg\" title=\"Foto: Max Colin Heydenreich\"><img loading=\"lazy\" decoding=\"async\" width=\"128\" src=\"http:\/\/www.schoene-nachrichten.de\/wp-content\/uploads\/2007\/04\/070405_GWV_05.thumbnail.jpg\" alt=\"070405_GWV_05.jpg\" height=\"85\" \/><\/a> <a rel=\"lightbox[roadtrip]\" target=\"_blank\" href=\"http:\/\/www.schoene-nachrichten.de\/wp-content\/uploads\/2007\/04\/070405_GWV_04.jpg\" title=\"Foto: Max Colin Heydenreich\"><img loading=\"lazy\" decoding=\"async\" width=\"128\" src=\"http:\/\/www.schoene-nachrichten.de\/wp-content\/uploads\/2007\/04\/070405_GWV_04.thumbnail.jpg\" alt=\"070405_GWV_04.jpg\" height=\"85\" \/><\/a><br \/>\n<a rel=\"lightbox[roadtrip]\" target=\"_blank\" href=\"http:\/\/www.schoene-nachrichten.de\/wp-content\/uploads\/2007\/04\/070405_GWV_03.jpg\" title=\"Foto: Max Colin Heydenreich\"><br \/>\n<img loading=\"lazy\" decoding=\"async\" width=\"128\" src=\"http:\/\/www.schoene-nachrichten.de\/wp-content\/uploads\/2007\/04\/070405_GWV_03.thumbnail.jpg\" alt=\"070405_GWV_03.jpg\" height=\"85\" \/><\/a> <a rel=\"lightbox[roadtrip]\" target=\"_blank\" href=\"http:\/\/www.schoene-nachrichten.de\/wp-content\/uploads\/2007\/04\/070405_GWV_02.jpg\" title=\"Foto: Max Colin Heydenreich\"><img loading=\"lazy\" decoding=\"async\" width=\"128\" src=\"http:\/\/www.schoene-nachrichten.de\/wp-content\/uploads\/2007\/04\/070405_GWV_02.thumbnail.jpg\" alt=\"070405_GWV_02.jpg\" height=\"85\" \/><\/a> <a rel=\"lightbox[roadtrip]\" target=\"_blank\" href=\"http:\/\/www.schoene-nachrichten.de\/wp-content\/uploads\/2007\/04\/070405_GWV_01.jpg\" title=\"Foto: Max Colin Heydenreich\"><img loading=\"lazy\" decoding=\"async\" width=\"128\" src=\"http:\/\/www.schoene-nachrichten.de\/wp-content\/uploads\/2007\/04\/070405_GWV_01.thumbnail.jpg\" alt=\"070405_GWV_01.jpg\" height=\"85\" \/><\/a><\/p>\n","protected":false},"excerpt":{"rendered":"<div class=\"tmnf_excerpt\"><p>Sch\u00f6nes aus Fulda. Am 5. Mai startet der GWV-Challenge-Lauf, der unter dem Motto &#8220;Sport, Energie und Motivation&#8221; steht. Hoch motiviert sind auch die Teams von Stadt und Landkreis Fulda. Sie trafen sich gestern vor dem Borussen-Stadion zum ersten gemeinsamen Trainingslauf.\u00c2\u00a0 Fotos (24): Max Colin Heydenreich \u00c2\u00a0 \u00c2\u00a0\u00c2\u00a0<\/p>\n<\/div>","protected":false},"author":1,"featured_media":0,"comment_status":"closed","ping_status":"closed","sticky":false,"template":"","format":"standard","meta":{"footnotes":""},"categories":[1,54,46],"tags":[],"class_list":["post-2474","post","type-post","status-publish","format-standard","hentry","category-startseite","category-bildergalerien","category-sport"],"_links":{"self":[{"href":"https:\/\/www.fuldaernachrichten.de\/index.php?rest_route=\/wp\/v2\/posts\/2474","targetHints":{"allow":["GET"]}}],"collection":[{"href":"https:\/\/www.fuldaernachrichten.de\/index.php?rest_route=\/wp\/v2\/posts"}],"about":[{"href":"https:\/\/www.fuldaernachrichten.de\/index.php?rest_route=\/wp\/v2\/types\/post"}],"author":[{"embeddable":true,"href":"https:\/\/www.fuldaernachrichten.de\/index.php?rest_route=\/wp\/v2\/users\/1"}],"replies":[{"embeddable":true,"href":"https:\/\/www.fuldaernachrichten.de\/index.php?rest_route=%2Fwp%2Fv2%2Fcomments&post=2474"}],"version-history":[{"count":0,"href":"https:\/\/www.fuldaernachrichten.de\/index.php?rest_route=\/wp\/v2\/posts\/2474\/revisions"}],"wp:attachment":[{"href":"https:\/\/www.fuldaernachrichten.de\/index.php?rest_route=%2Fwp%2Fv2%2Fmedia&parent=2474"}],"wp:term":[{"taxonomy":"category","embeddable":true,"href":"https:\/\/www.fuldaernachrichten.de\/index.php?rest_route=%2Fwp%2Fv2%2Fcategories&post=2474"},{"taxonomy":"post_tag","embeddable":true,"href":"https:\/\/www.fuldaernachrichten.de\/index.php?rest_route=%2Fwp%2Fv2%2Ftags&post=2474"}],"curies":[{"name":"wp","href":"https:\/\/api.w.org\/{rel}","templated":true}]}}