{"id":2473,"date":"2007-04-09T00:12:20","date_gmt":"2007-04-08T22:12:20","guid":{"rendered":"http:\/\/www.schoene-nachrichten.de\/?p=2473"},"modified":"2007-04-09T01:14:33","modified_gmt":"2007-04-08T23:14:33","slug":"kanu-club-eroeffnet-breitensportsaison-nach-den-ferien-schul-und-lehrgangsangebote","status":"publish","type":"post","link":"https:\/\/www.fuldaernachrichten.de\/?p=2473","title":{"rendered":"Kanu Club er\u00f6ffnet Breitensportsaison &#8211; nach den Ferien Schul- und Lehrgangsangebote"},"content":{"rendered":"<p><strong>Sch\u00f6nes aus Fulda.<\/strong> Der Fr\u00fchling und der tolle Wasserstand, locken die Kanuten aus ihrem \u201eWinterschlaf\u201c auf die Fl\u00fcsse. Osterputz und Anpaddeln sind geschafft. Die Fulda zeigt sich auf der KCF-Trainingsstrecke\u00c2\u00a0zwischen Bardowehr und Fulda-Br\u00fccke bei Horas von ihrer sch\u00f6nsten Seite. Und nach den Ferien starten die Schul-und Lehrgansangebote des Kanu Clubs.<\/p>\n<p><a rel=\"lightbox[roadtrip]\" target=\"_blank\" href=\"http:\/\/www.schoene-nachrichten.de\/wp-content\/uploads\/2007\/04\/070404-kanu.jpg\" title=\"070404-kanu.jpg\"><img decoding=\"async\" src=\"http:\/\/www.schoene-nachrichten.de\/wp-content\/uploads\/2007\/04\/070404-kanu.thumbnail.jpg\" alt=\"070404-kanu.jpg\" \/><\/a><\/p>\n<p><!--more-->&#8220;Die Trainer sind hochmotiviert&#8221;, berichtet Harald Piaskowski, 1. Vorsitzender des Kanu-Clubs. Denn immerhin d\u00fcrfe das Team auch wieder mit dem Titel \u201eDKV-anerkannter Kanu-Ausbilder\u201c werben. Seit vielen Jahren habe sich das Kanu-Schul- und Lehrgangsangebot des Kanu-Club-Fulda etabliert und bei den Verantwortlichen in der Region, im Hessischen und im Deutschen Kanu-Verband, Beachtung, Lob und Anerkennung gefunden.<\/p>\n<p>Fast 1500 Kanu-Erstkontakte konnte das KCF-Team im vergangenen Jahr durch seine Aktivit\u00e4ten herstellen. In den n\u00e4chsten Wochen soll der KCF f\u00fcr die innovativen Ideen im Bereich \u201eNachwuchsgewinnung\u201c sogar mit einem besonderen Preis des Deutschen Kanu-Verbandes ausgezeichnet werden.<\/p>\n<p>P\u00fcnktlich nach den Osterferien soll das Kanu-Schul- und Lehrgangsangebot anlaufen. &#8220;Das Angebot richtet sich an alle Mitglieder des Kanu-Club-Fulda und solche die es werden wollen&#8221;, sagt Piaskowski. Die Kanu-Schule f\u00fcr Fortgeschrittene wird ab dem 16.04.2007 ge\u00f6ffnet. Trainingseinheiten finden jeweils montags und donnerstags von 16.30 bis 18.00 Uhr.<\/p>\n<p>Berufst\u00e4tige und Studenten k\u00f6nnen ihre Technik unter fachkundiger Anleitung mittwochs von 18.00 Uhr bis 19.30 Uhr in Marinas und Bernhards Polo- und Paddeltreff verbessern.\u00c2\u00a0 Bei Bedarf werde es weitere Angebote in der Trendsportart Kanu-Polo geben.<\/p>\n<p>Wie in den vergangenen Jahren werden wieder der Kanu-Kompakt-Kurs, das Kanu-Schnupper-Wochenende, Anf\u00e4nger-Kanu-Kurse und Sch\u00fcler-Ferien-Kanu-Kurse angeboten.<\/p>\n<p>N\u00e4here Informationen und Anmeldeformulare zum Angebot des KCF gibt es auf der Homepage <a target=\"_blank\" href=\"http:\/\/www.kanu-club-fulda.de\/\">http:\/\/www.kanu-club-fulda.de\/<\/a>, im Jahresprogrammheft, das beim Kanu-Ausr\u00fcster Auf und Davon in der Karlstra\u00dfe ausliegt, oder von Montag bis Donnerstag in der Zeit von 17.00 \u2013 19.00 Uhr am Bootshaus im Justus-Schneider-Weg.<\/p>\n","protected":false},"excerpt":{"rendered":"<div class=\"tmnf_excerpt\"><p>Sch\u00f6nes aus Fulda. Der Fr\u00fchling und der tolle Wasserstand, locken die Kanuten aus ihrem \u201eWinterschlaf\u201c auf die Fl\u00fcsse. Osterputz und Anpaddeln sind geschafft. Die Fulda zeigt sich auf der KCF-Trainingsstrecke\u00c2\u00a0zwischen Bardowehr und Fulda-Br\u00fccke bei Horas von ihrer sch\u00f6nsten Seite. Und nach den Ferien starten die Schul-und Lehrgansangebote des Kanu Clubs.<\/p>\n<\/div>","protected":false},"author":1,"featured_media":0,"comment_status":"closed","ping_status":"closed","sticky":false,"template":"","format":"standard","meta":{"footnotes":""},"categories":[1,46],"tags":[],"class_list":["post-2473","post","type-post","status-publish","format-standard","hentry","category-startseite","category-sport"],"_links":{"self":[{"href":"https:\/\/www.fuldaernachrichten.de\/index.php?rest_route=\/wp\/v2\/posts\/2473","targetHints":{"allow":["GET"]}}],"collection":[{"href":"https:\/\/www.fuldaernachrichten.de\/index.php?rest_route=\/wp\/v2\/posts"}],"about":[{"href":"https:\/\/www.fuldaernachrichten.de\/index.php?rest_route=\/wp\/v2\/types\/post"}],"author":[{"embeddable":true,"href":"https:\/\/www.fuldaernachrichten.de\/index.php?rest_route=\/wp\/v2\/users\/1"}],"replies":[{"embeddable":true,"href":"https:\/\/www.fuldaernachrichten.de\/index.php?rest_route=%2Fwp%2Fv2%2Fcomments&post=2473"}],"version-history":[{"count":0,"href":"https:\/\/www.fuldaernachrichten.de\/index.php?rest_route=\/wp\/v2\/posts\/2473\/revisions"}],"wp:attachment":[{"href":"https:\/\/www.fuldaernachrichten.de\/index.php?rest_route=%2Fwp%2Fv2%2Fmedia&parent=2473"}],"wp:term":[{"taxonomy":"category","embeddable":true,"href":"https:\/\/www.fuldaernachrichten.de\/index.php?rest_route=%2Fwp%2Fv2%2Fcategories&post=2473"},{"taxonomy":"post_tag","embeddable":true,"href":"https:\/\/www.fuldaernachrichten.de\/index.php?rest_route=%2Fwp%2Fv2%2Ftags&post=2473"}],"curies":[{"name":"wp","href":"https:\/\/api.w.org\/{rel}","templated":true}]}}