{"id":2456,"date":"2007-04-04T00:25:01","date_gmt":"2007-04-03T23:25:01","guid":{"rendered":"http:\/\/www.schoene-nachrichten.de\/?p=2456"},"modified":"2007-04-04T01:32:29","modified_gmt":"2007-04-04T00:32:29","slug":"festlich-geschmueckter-osterbrunnen-auf-dem-marktplatz","status":"publish","type":"post","link":"https:\/\/www.fuldaernachrichten.de\/?p=2456","title":{"rendered":"Festlich geschm\u00fcckter Osterbrunnen auf dem Marktplatz"},"content":{"rendered":"<p><strong>Sch\u00f6nes aus Poppenhausen.<\/strong> Der Brunnen auf dem Poppenhausener Marktplatz vor der Pfarrkirche St. Georg wurde zeitgerecht vor dem Osterfest wieder festlich geschm\u00fcckt.\u00c2\u00a0\u00c2\u00a0Der Osterbrunnen pr\u00e4sentiert sich sehr farbenfroh und k\u00fcndigt den beginnenden Fr\u00fchling an, der sich in diesen Tagen von seiner besten Seite zeigt.<\/p>\n<p><a rel=\"lightbox[roadtrip]\" target=\"_blank\" href=\"http:\/\/www.schoene-nachrichten.de\/wp-content\/uploads\/2007\/04\/070404_osterbrunnen.jpg\" title=\"070404_osterbrunnen.jpg\"><img decoding=\"async\" src=\"http:\/\/www.schoene-nachrichten.de\/wp-content\/uploads\/2007\/04\/070404_osterbrunnen.thumbnail.jpg\" alt=\"070404_osterbrunnen.jpg\" \/><\/a><\/p>\n<p><!--more-->Die Gestaltung und Dekoration des Marktplatzbrunnens wurde wie in den vergangen Jahren wieder ehrenamtlich geleistet. Es war eine Arbeitsgemeinschaft mit Elli Hahn, Irene Heigel und Margarete M\u00fcller, die mit Unterst\u00fctzung ihrer Ehem\u00e4nner zahlreiche Arbeitsstunden aufgewendet haben, um die Osterdekoration aus Buchsbaum, Moos, Blumen und bunten Eiern und Schleifen fertig zu stellen.<\/p>\n<p>Die Sachkosten f\u00fcr den Osterbrunnenschmuck wurden auch in diesem Jahr wieder von der Gemeindeverwaltung und dem Verein f\u00fcr Tourismus in Poppenhausen \u00fcbernommen. B\u00fcrgermeister Manfred Helfrich dankt den flei\u00dfigen Helferinnen und Helfern f\u00fcr ihren gemeinn\u00fctzigen Einsatz. Der Osterbrunnen soll nun bis nach dem \u201eWei\u00dfen Sonntag\u201c Einheimische und G\u00e4ste gleicherma\u00dfen erfreuen.<\/p>\n","protected":false},"excerpt":{"rendered":"<div class=\"tmnf_excerpt\"><p>Sch\u00f6nes aus Poppenhausen. Der Brunnen auf dem Poppenhausener Marktplatz vor der Pfarrkirche St. Georg wurde zeitgerecht vor dem Osterfest wieder festlich geschm\u00fcckt.\u00c2\u00a0\u00c2\u00a0Der Osterbrunnen pr\u00e4sentiert sich sehr farbenfroh und k\u00fcndigt den beginnenden Fr\u00fchling an, der sich in diesen Tagen von seiner besten Seite zeigt.<\/p>\n<\/div>","protected":false},"author":1,"featured_media":0,"comment_status":"closed","ping_status":"closed","sticky":false,"template":"","format":"standard","meta":{"footnotes":""},"categories":[1,44],"tags":[],"class_list":["post-2456","post","type-post","status-publish","format-standard","hentry","category-startseite","category-kultur"],"_links":{"self":[{"href":"https:\/\/www.fuldaernachrichten.de\/index.php?rest_route=\/wp\/v2\/posts\/2456","targetHints":{"allow":["GET"]}}],"collection":[{"href":"https:\/\/www.fuldaernachrichten.de\/index.php?rest_route=\/wp\/v2\/posts"}],"about":[{"href":"https:\/\/www.fuldaernachrichten.de\/index.php?rest_route=\/wp\/v2\/types\/post"}],"author":[{"embeddable":true,"href":"https:\/\/www.fuldaernachrichten.de\/index.php?rest_route=\/wp\/v2\/users\/1"}],"replies":[{"embeddable":true,"href":"https:\/\/www.fuldaernachrichten.de\/index.php?rest_route=%2Fwp%2Fv2%2Fcomments&post=2456"}],"version-history":[{"count":0,"href":"https:\/\/www.fuldaernachrichten.de\/index.php?rest_route=\/wp\/v2\/posts\/2456\/revisions"}],"wp:attachment":[{"href":"https:\/\/www.fuldaernachrichten.de\/index.php?rest_route=%2Fwp%2Fv2%2Fmedia&parent=2456"}],"wp:term":[{"taxonomy":"category","embeddable":true,"href":"https:\/\/www.fuldaernachrichten.de\/index.php?rest_route=%2Fwp%2Fv2%2Fcategories&post=2456"},{"taxonomy":"post_tag","embeddable":true,"href":"https:\/\/www.fuldaernachrichten.de\/index.php?rest_route=%2Fwp%2Fv2%2Ftags&post=2456"}],"curies":[{"name":"wp","href":"https:\/\/api.w.org\/{rel}","templated":true}]}}