{"id":2444,"date":"2007-04-04T00:36:22","date_gmt":"2007-04-03T22:36:22","guid":{"rendered":"http:\/\/www.schoene-nachrichten.de\/?p=2444"},"modified":"2007-04-04T00:36:22","modified_gmt":"2007-04-03T22:36:22","slug":"klinikseelsorger-pater-wolfgang-verabschiedet","status":"publish","type":"post","link":"https:\/\/www.fuldaernachrichten.de\/?p=2444","title":{"rendered":"Klinikseelsorger Pater Wolfgang verabschiedet"},"content":{"rendered":"<p><strong>Leute.<\/strong> Pater Wolfgang Mayer, langj\u00e4hriger Klinikseelsorger im Klinikum Fulda, wurde im Rahmen eines \u00f6kumenischen Gottesdienstes verabschiedet. Gleichzeitig wurde sein Nachfolger Pater Raphael Kaltenecker im Klinikum Fulda willkommen gehei\u00dfen.<\/p>\n<p><a rel=\"lightbox[roadtrip]\" target=\"_blank\" href=\"http:\/\/www.schoene-nachrichten.de\/wp-content\/uploads\/2007\/04\/070403_pater_klinikum.jpg\" title=\"070403_pater_klinikum.jpg\"><img decoding=\"async\" src=\"http:\/\/www.schoene-nachrichten.de\/wp-content\/uploads\/2007\/04\/070403_pater_klinikum.thumbnail.jpg\" alt=\"070403_pater_klinikum.jpg\" \/><\/a><\/p>\n<p><!--more-->Oberb\u00fcrgermeister Gerhard M\u00f6ller begr\u00fc\u00dfte die zahlreichen G\u00e4ste in der Kapelle und dankte im Namen des Aufsichtsrates f\u00fcr die insgesamt 20 Jahre Klinikseelsorge. \u201eDer Heilige Franziskus hat dazu aufgerufen, bei den Kranken zu sein, und Sie haben genau das getan\u201c, so M\u00f6ller. Auch der Vorstand des Klinikums, Claus-Dieter Schad, dankte Pater Wolfgang: \u201eWir wissen und w\u00fcrdigen, was Sie in diesen 20 Jahren f\u00fcr die Patienten geleistet haben.\u201c<\/p>\n<p>Pater Wolfgang wurde 1940 in Freiburg geboren. Er ging bereits mit 12 Jahren in ein Fransziskaner-Kolleg nach Holland. 1961 trat er dann in Salm\u00fcnster in den Orden ein und kamen nach einer Zwischenstation in Sigmaringen 1964 erstmals ins Kloster Frauenberg nach Fulda.\u00c2\u00a0Drei Jahre sp\u00e4ter\u00c2\u00a0wurde er zum Priester geweiht und ging dann 1968 zur\u00fcck nach Sigmaringen.<\/p>\n<p>In einem Krankenhaus mit 450 Betten sammelte er erste Erfahrungen als Krankenhausseelsorger. 1985 kam Pater Wolfgang schlie\u00dflich nach Fulda zur\u00fcck und bevor er dann\u00c2\u00a0am 9. April\u00c2\u00a01986 seinen Dienst am Klinikum Fulda antrat, absolvierte er noch eine Ausbildung als Klinikseelsorger.<\/p>\n<p>Nachfolger Pater Raphael ist Schwabe, stammt geb\u00fcrtig aus Herrenberg und ist von Mannheim\u00c2\u00a0nach Fulda gekommen. Auch er bringt eine Ausbildung als Klinikseelsorger mit.\u201eAuf Sie wartet eine wichtige Aufgabe, f\u00fcr die ich Ihnen die Unterst\u00fctzung des Vorstands zusichere\u201c, so Schad.<\/p>\n","protected":false},"excerpt":{"rendered":"<div class=\"tmnf_excerpt\"><p>Leute. Pater Wolfgang Mayer, langj\u00e4hriger Klinikseelsorger im Klinikum Fulda, wurde im Rahmen eines \u00f6kumenischen Gottesdienstes verabschiedet. Gleichzeitig wurde sein Nachfolger Pater Raphael Kaltenecker im Klinikum Fulda willkommen gehei\u00dfen.<\/p>\n<\/div>","protected":false},"author":1,"featured_media":0,"comment_status":"closed","ping_status":"closed","sticky":false,"template":"","format":"standard","meta":{"footnotes":""},"categories":[1,51],"tags":[],"class_list":["post-2444","post","type-post","status-publish","format-standard","hentry","category-startseite","category-medizin"],"_links":{"self":[{"href":"https:\/\/www.fuldaernachrichten.de\/index.php?rest_route=\/wp\/v2\/posts\/2444","targetHints":{"allow":["GET"]}}],"collection":[{"href":"https:\/\/www.fuldaernachrichten.de\/index.php?rest_route=\/wp\/v2\/posts"}],"about":[{"href":"https:\/\/www.fuldaernachrichten.de\/index.php?rest_route=\/wp\/v2\/types\/post"}],"author":[{"embeddable":true,"href":"https:\/\/www.fuldaernachrichten.de\/index.php?rest_route=\/wp\/v2\/users\/1"}],"replies":[{"embeddable":true,"href":"https:\/\/www.fuldaernachrichten.de\/index.php?rest_route=%2Fwp%2Fv2%2Fcomments&post=2444"}],"version-history":[{"count":0,"href":"https:\/\/www.fuldaernachrichten.de\/index.php?rest_route=\/wp\/v2\/posts\/2444\/revisions"}],"wp:attachment":[{"href":"https:\/\/www.fuldaernachrichten.de\/index.php?rest_route=%2Fwp%2Fv2%2Fmedia&parent=2444"}],"wp:term":[{"taxonomy":"category","embeddable":true,"href":"https:\/\/www.fuldaernachrichten.de\/index.php?rest_route=%2Fwp%2Fv2%2Fcategories&post=2444"},{"taxonomy":"post_tag","embeddable":true,"href":"https:\/\/www.fuldaernachrichten.de\/index.php?rest_route=%2Fwp%2Fv2%2Ftags&post=2444"}],"curies":[{"name":"wp","href":"https:\/\/api.w.org\/{rel}","templated":true}]}}