{"id":2442,"date":"2007-04-03T22:47:24","date_gmt":"2007-04-03T20:47:24","guid":{"rendered":"http:\/\/www.schoene-nachrichten.de\/?p=2442"},"modified":"2007-04-04T00:50:24","modified_gmt":"2007-04-03T22:50:24","slug":"sabine-murawski-neue-pflegedirektorin-am-klinikum","status":"publish","type":"post","link":"https:\/\/www.fuldaernachrichten.de\/?p=2442","title":{"rendered":"Sabine Murawski neue Pflegedirektorin am Klinikum"},"content":{"rendered":"<p><strong>Leute.<\/strong> Sabine Murawski ist die neue Pflegedirektorin\u00c2\u00a0im Klinikum Fulda. Sie \u00fcbernahm das Amt von Claudia Venus, die die Pflege seit dem Ausscheiden der langj\u00e4hrigen Pflegedirektorin Waltraud\u00c2\u00a0B\u00e4sse\u00c2\u00a0in den letzten Monaten\u00c2\u00a0kommissarisch geleitet hatte. Murawaski hat nun die Verantwortung \u00fcber rund 1.200 Krankenschwestern und Pfleger.<\/p>\n<p><a rel=\"lightbox[roadtrip]\" target=\"_blank\" href=\"http:\/\/www.schoene-nachrichten.de\/wp-content\/uploads\/2007\/04\/070403-pflegedirektorin.jpg\" title=\"070403-pflegedirektorin.jpg\"><img decoding=\"async\" src=\"http:\/\/www.schoene-nachrichten.de\/wp-content\/uploads\/2007\/04\/070403-pflegedirektorin.thumbnail.jpg\" alt=\"070403-pflegedirektorin.jpg\" \/><\/a><\/p>\n<p><!--more-->&#8220;Eine hohe Verantwortung f\u00fcr eine sehr gro\u00dfe Zahl von Menschen, die an unserem Hause eine sehr, sehr wichtige Arbeit leisten und ma\u00dfgeblich dazu beitragen, ob sich ein Patient auf der Station wohl und geborgen f\u00fchlt oder nicht\u201c, sagte Claus-Dieter Schad, Vorstand der Klinikum Fulda gAG, bei der Begr\u00fc\u00dfung der neuen Pflegedirektorin .<\/p>\n<p>Sabine Murawski\u00c2\u00a0wurde in M\u00fcnchberg in Oberfranken geboren, hat eine Krankenpflegeausbildung in Bayreuth absolviert und war als Operationsschwester an verschiedenen Krankenh\u00e4usern, darunter das\u00c2\u00a0Deutschen Herzzentrum in M\u00fcnchen, t\u00e4tig. Am Kreiskrankenhaus F\u00fcrstenfeldbruck \u00fcbernahm sie die OP-Leitung.\u00c2\u00a0<\/p>\n<p>Am Telekolleg erwarb sie die Fachhochschulreife im Ausbildungszweig Sozialwesen. Von 1993 bis 1996 hatte sie die OP-Leitung am Kreiskrankenhaus Lauingen inne und \u00fcbernahm dort anschlie\u00dfend bis zum Jahr 2000 die stellvertretende Pflegedienstleitung. Zudem belegte sie von 1996 bis zum Sommer 2000 an der Katholischen Fachhochschule Freiburg den Studiengang Pflegemanagement.\u00c2\u00a0Im Herbst 2000 wurde Murawski\u00c2\u00a0 Pflegedienstleiterin im Kreiskrankenhaus Mosbach und im Mai 2005 Pflegedienstleiterin im St. Georg Klinikum Eisenach.<\/p>\n<p>Zum Bild: v. links: Claus-Dieter Schad (Vorstand), Sabine Murawski (Pflegedirektorin), Priv.-Doz. Dr. med. Achim Hellinger (Medizinischer Direktor)<\/p>\n","protected":false},"excerpt":{"rendered":"<div class=\"tmnf_excerpt\"><p>Leute. Sabine Murawski ist die neue Pflegedirektorin\u00c2\u00a0im Klinikum Fulda. Sie \u00fcbernahm das Amt von Claudia Venus, die die Pflege seit dem Ausscheiden der langj\u00e4hrigen Pflegedirektorin Waltraud\u00c2\u00a0B\u00e4sse\u00c2\u00a0in den letzten Monaten\u00c2\u00a0kommissarisch geleitet hatte. Murawaski hat nun die Verantwortung \u00fcber rund 1.200 Krankenschwestern und Pfleger.<\/p>\n<\/div>","protected":false},"author":1,"featured_media":0,"comment_status":"closed","ping_status":"closed","sticky":false,"template":"","format":"standard","meta":{"footnotes":""},"categories":[1,51],"tags":[],"class_list":["post-2442","post","type-post","status-publish","format-standard","hentry","category-startseite","category-medizin"],"_links":{"self":[{"href":"https:\/\/www.fuldaernachrichten.de\/index.php?rest_route=\/wp\/v2\/posts\/2442","targetHints":{"allow":["GET"]}}],"collection":[{"href":"https:\/\/www.fuldaernachrichten.de\/index.php?rest_route=\/wp\/v2\/posts"}],"about":[{"href":"https:\/\/www.fuldaernachrichten.de\/index.php?rest_route=\/wp\/v2\/types\/post"}],"author":[{"embeddable":true,"href":"https:\/\/www.fuldaernachrichten.de\/index.php?rest_route=\/wp\/v2\/users\/1"}],"replies":[{"embeddable":true,"href":"https:\/\/www.fuldaernachrichten.de\/index.php?rest_route=%2Fwp%2Fv2%2Fcomments&post=2442"}],"version-history":[{"count":0,"href":"https:\/\/www.fuldaernachrichten.de\/index.php?rest_route=\/wp\/v2\/posts\/2442\/revisions"}],"wp:attachment":[{"href":"https:\/\/www.fuldaernachrichten.de\/index.php?rest_route=%2Fwp%2Fv2%2Fmedia&parent=2442"}],"wp:term":[{"taxonomy":"category","embeddable":true,"href":"https:\/\/www.fuldaernachrichten.de\/index.php?rest_route=%2Fwp%2Fv2%2Fcategories&post=2442"},{"taxonomy":"post_tag","embeddable":true,"href":"https:\/\/www.fuldaernachrichten.de\/index.php?rest_route=%2Fwp%2Fv2%2Ftags&post=2442"}],"curies":[{"name":"wp","href":"https:\/\/api.w.org\/{rel}","templated":true}]}}