{"id":2441,"date":"2007-04-03T14:56:36","date_gmt":"2007-04-03T12:56:36","guid":{"rendered":"http:\/\/www.schoene-nachrichten.de\/?p=2441"},"modified":"2007-04-03T14:56:36","modified_gmt":"2007-04-03T12:56:36","slug":"konrad-zuse-museum-ostern-geoeffnet","status":"publish","type":"post","link":"https:\/\/www.fuldaernachrichten.de\/?p=2441","title":{"rendered":"Konrad-Zuse-Museum Ostern ge\u00f6ffnet"},"content":{"rendered":"<p><strong>Sch\u00f6nes aus H\u00fcnfeld.<\/strong> Das Konrad-Zuse-Museum mit Stadt- und Kreisgeschichte ist am Ostersamstag und Ostersonntag jeweils von 15 bis 17 Uhr ge\u00f6ffnet. Wie die Museumsleitung mitteilt, bleibt es am Ostermontag und am Karfreitag daf\u00fcr geschlossen. W\u00e4hrend der \u00d6ffnungszeit sind auch F\u00fchrungen m\u00f6glich.<\/p>\n","protected":false},"excerpt":{"rendered":"<div class=\"tmnf_excerpt\"><p>Sch\u00f6nes aus H\u00fcnfeld. Das Konrad-Zuse-Museum mit Stadt- und Kreisgeschichte ist am Ostersamstag und Ostersonntag jeweils von 15 bis 17 Uhr ge\u00f6ffnet. Wie die Museumsleitung mitteilt, bleibt es am Ostermontag und am Karfreitag daf\u00fcr geschlossen. W\u00e4hrend der \u00d6ffnungszeit sind auch F\u00fchrungen m\u00f6glich.<\/p>\n<\/div>","protected":false},"author":1,"featured_media":0,"comment_status":"closed","ping_status":"closed","sticky":false,"template":"","format":"standard","meta":{"footnotes":""},"categories":[1,44],"tags":[],"class_list":["post-2441","post","type-post","status-publish","format-standard","hentry","category-startseite","category-kultur"],"_links":{"self":[{"href":"https:\/\/www.fuldaernachrichten.de\/index.php?rest_route=\/wp\/v2\/posts\/2441","targetHints":{"allow":["GET"]}}],"collection":[{"href":"https:\/\/www.fuldaernachrichten.de\/index.php?rest_route=\/wp\/v2\/posts"}],"about":[{"href":"https:\/\/www.fuldaernachrichten.de\/index.php?rest_route=\/wp\/v2\/types\/post"}],"author":[{"embeddable":true,"href":"https:\/\/www.fuldaernachrichten.de\/index.php?rest_route=\/wp\/v2\/users\/1"}],"replies":[{"embeddable":true,"href":"https:\/\/www.fuldaernachrichten.de\/index.php?rest_route=%2Fwp%2Fv2%2Fcomments&post=2441"}],"version-history":[{"count":0,"href":"https:\/\/www.fuldaernachrichten.de\/index.php?rest_route=\/wp\/v2\/posts\/2441\/revisions"}],"wp:attachment":[{"href":"https:\/\/www.fuldaernachrichten.de\/index.php?rest_route=%2Fwp%2Fv2%2Fmedia&parent=2441"}],"wp:term":[{"taxonomy":"category","embeddable":true,"href":"https:\/\/www.fuldaernachrichten.de\/index.php?rest_route=%2Fwp%2Fv2%2Fcategories&post=2441"},{"taxonomy":"post_tag","embeddable":true,"href":"https:\/\/www.fuldaernachrichten.de\/index.php?rest_route=%2Fwp%2Fv2%2Ftags&post=2441"}],"curies":[{"name":"wp","href":"https:\/\/api.w.org\/{rel}","templated":true}]}}