{"id":24316,"date":"2009-03-25T06:35:33","date_gmt":"2009-03-25T05:35:33","guid":{"rendered":"http:\/\/www.schoene-nachrichten.de\/?p=24316"},"modified":"2009-03-25T07:48:32","modified_gmt":"2009-03-25T06:48:32","slug":"rhoener-charme-eroeffnungsfest-am-sonntag","status":"publish","type":"post","link":"https:\/\/www.fuldaernachrichten.de\/?p=24316","title":{"rendered":"Rh\u00f6ner Charme Er\u00f6ffnungsfest am Sonntag"},"content":{"rendered":"<p><strong>Gersfeld.<\/strong> Tradition ist, was gut ist \u2013 und deshalb wird auch in diesem Jahr eine gute Tradition bei Rh\u00f6ner Charme fortgesetzt: das Jahres-Auftaktfest. Start ist am Sonntag, 29.M\u00e4rz, ab 11 Uhr in der Rh\u00f6n-Markt-Halle in Gersfeld. Mit diesem Fest starten die Mitglieder des Rh\u00f6ner Charme in die Saison 2009. Wie in jedem Jahr haben sich die Initiatoren unter Federf\u00fchrung von Dieter Kehl, Stefan Hohmann und Alexander Leubecher zahlreiche Aktivit\u00e4ten einfallen lassen, um ihren G\u00e4sten einen unterhaltsamen Tag in der Rh\u00f6n zu bieten.<!--more--><\/p>\n<p><strong>\u201eRh\u00f6ner Charme K\u00fcchengefl\u00fcster\u201c<\/strong><\/p>\n<p>Unter dem Jahresmotto des diesj\u00e4hrigen Kulinariums \u201eRh\u00f6ner Charme K\u00fcchengefl\u00fcster\u201c steht diese Veranstaltung und so drehen sich zahlreiche Aktionen um die Geheimnisse des Kochens und weitere Ern\u00e4hrungstipps. Das Unternehmen tegut l\u00e4dt speziell die kleinen G\u00e4ste zum Basteln eines Kr\u00e4uterk\u00f6rbchens ein, \u00fcber gesunde Ern\u00e4hrung referiert um 14.45 Uhr Dr. Thomas Frankenbach, \u00d6kotrophologe und Mitglied der Interessengemeinschaft f\u00fcr gesunde Lebensmittel. Christian Reinhardt wird, wie auch im vergangenen Jahr mit seinen Fotos pr\u00e4sent sein.<\/p>\n<p>Ein Highlight ist ohne Frage die \u201eKr\u00e4uter-Rallye\u201c. An jedem Stand der Wirtevereinigungen wird ein Kr\u00e4utertopf stehen, die G\u00e4ste sind aufgefordert, zu erraten, um welche Kr\u00e4uter es sich handelt. Als Hauptgewinn winkt ein Wellnesswochenende im Hotel Sonnentau in Fladungen. Auch die landwirtschaftlichen Partner des Rh\u00f6ner Charme sind wieder mit von der Partie und verkaufen ihre regionalen Spezialit\u00e4ten. Im MIttelpunkt steht nat\u00fcrlich das kulinarische Vergn\u00fcgen, mit vielf\u00e4ltigen regionalen Gerichten werden die Rh\u00f6ner Charme-K\u00f6che ihre Referenz erweisen.<\/p>\n","protected":false},"excerpt":{"rendered":"<div class=\"tmnf_excerpt\"><p>Gersfeld. Tradition ist, was gut ist \u2013 und deshalb wird auch in diesem Jahr eine gute Tradition bei Rh\u00f6ner Charme fortgesetzt: das Jahres-Auftaktfest. Start ist am Sonntag, 29.M\u00e4rz, ab 11 Uhr in der Rh\u00f6n-Markt-Halle in Gersfeld. Mit diesem Fest starten die Mitglieder des Rh\u00f6ner Charme in die Saison 2009. Wie in jedem Jahr haben sich &hellip;<\/p>\n<\/div>","protected":false},"author":1,"featured_media":0,"comment_status":"closed","ping_status":"closed","sticky":false,"template":"","format":"standard","meta":{"footnotes":""},"categories":[1,37],"tags":[],"class_list":["post-24316","post","type-post","status-publish","format-standard","hentry","category-startseite","category-essen-und-trinken"],"_links":{"self":[{"href":"https:\/\/www.fuldaernachrichten.de\/index.php?rest_route=\/wp\/v2\/posts\/24316","targetHints":{"allow":["GET"]}}],"collection":[{"href":"https:\/\/www.fuldaernachrichten.de\/index.php?rest_route=\/wp\/v2\/posts"}],"about":[{"href":"https:\/\/www.fuldaernachrichten.de\/index.php?rest_route=\/wp\/v2\/types\/post"}],"author":[{"embeddable":true,"href":"https:\/\/www.fuldaernachrichten.de\/index.php?rest_route=\/wp\/v2\/users\/1"}],"replies":[{"embeddable":true,"href":"https:\/\/www.fuldaernachrichten.de\/index.php?rest_route=%2Fwp%2Fv2%2Fcomments&post=24316"}],"version-history":[{"count":6,"href":"https:\/\/www.fuldaernachrichten.de\/index.php?rest_route=\/wp\/v2\/posts\/24316\/revisions"}],"predecessor-version":[{"id":24351,"href":"https:\/\/www.fuldaernachrichten.de\/index.php?rest_route=\/wp\/v2\/posts\/24316\/revisions\/24351"}],"wp:attachment":[{"href":"https:\/\/www.fuldaernachrichten.de\/index.php?rest_route=%2Fwp%2Fv2%2Fmedia&parent=24316"}],"wp:term":[{"taxonomy":"category","embeddable":true,"href":"https:\/\/www.fuldaernachrichten.de\/index.php?rest_route=%2Fwp%2Fv2%2Fcategories&post=24316"},{"taxonomy":"post_tag","embeddable":true,"href":"https:\/\/www.fuldaernachrichten.de\/index.php?rest_route=%2Fwp%2Fv2%2Ftags&post=24316"}],"curies":[{"name":"wp","href":"https:\/\/api.w.org\/{rel}","templated":true}]}}