{"id":2428,"date":"2007-04-02T21:14:35","date_gmt":"2007-04-02T19:14:35","guid":{"rendered":"http:\/\/www.schoene-nachrichten.de\/?p=2428"},"modified":"2007-04-02T21:15:28","modified_gmt":"2007-04-02T19:15:28","slug":"michael-sammet-neuer-direktor-im-st-vinzenz-krankenhaus-hanau","status":"publish","type":"post","link":"https:\/\/www.fuldaernachrichten.de\/?p=2428","title":{"rendered":"Michael Sammet neuer Direktor im St. Vinzenz Krankenhaus Hanau"},"content":{"rendered":"<p><strong>Leute. <\/strong>Michael Sammet ist der neue Direktor der St. Vinzenz Krankenhaus Hanau gGmbH. Dies teilte Alexander Schmidtke, Gesch\u00e4ftsf\u00fchrer der Krankenhausgruppe der St. Vinzenz Krankenhaus gGmbH Fulda, heute mit. Sammet ist seit Anfang April als Krankenhausdirektor f\u00fcr die umfassende Krankenhausorganisation in enger Zusammenarbeit und Abstimmung mit\u00c2\u00a0dem Gesch\u00e4ftsf\u00fchrer\u00c2\u00a0zust\u00e4ndig.<\/p>\n<p><a rel=\"lightbox[roadtrip]\" target=\"_blank\" href=\"http:\/\/www.schoene-nachrichten.de\/wp-content\/uploads\/2007\/04\/070402-sammet1.jpg\" title=\"070402-sammet1.jpg\"><img decoding=\"async\" src=\"http:\/\/www.schoene-nachrichten.de\/wp-content\/uploads\/2007\/04\/070402-sammet1.thumbnail.jpg\" alt=\"070402-sammet1.jpg\" \/><\/a>\u00c2\u00a0<a rel=\"lightbox[roadtrip]\" target=\"_blank\" href=\"http:\/\/www.schoene-nachrichten.de\/wp-content\/uploads\/2007\/04\/070402-sammet2.jpg\" title=\"070402-sammet2.jpg\"><img decoding=\"async\" src=\"http:\/\/www.schoene-nachrichten.de\/wp-content\/uploads\/2007\/04\/070402-sammet2.thumbnail.jpg\" alt=\"070402-sammet2.jpg\" \/><\/a>\u00c2\u00a0<a rel=\"lightbox[roadtrip]\" target=\"_blank\" href=\"http:\/\/www.schoene-nachrichten.de\/wp-content\/uploads\/2007\/04\/070402-sammet3.jpg\" title=\"070402-sammet3.jpg\"><img decoding=\"async\" src=\"http:\/\/www.schoene-nachrichten.de\/wp-content\/uploads\/2007\/04\/070402-sammet3.thumbnail.jpg\" alt=\"070402-sammet3.jpg\" \/><\/a><\/p>\n<p><!--more-->Michael Sammet (37), geboren in Fulda, lebt in Flieden, ist verheiratet und Vater von einem Kind. Der studierte Dipl.-Betriebswirt verf\u00fcgt \u00fcber eine langj\u00e4hrige Expertise im Controlling und Krankenhausmanagement\u00c2\u00a0 und ist auf operativer\u00c2\u00a0 und strategischer Ebene im Gesundheitswesen im Akut- und Reha-Bereich t\u00e4tig gewesen.<\/p>\n<p>Vor seiner T\u00e4tigkeit als Krankenhausdirektor f\u00fcr die St Vinzenz Krankenhaus Hanau gGmbH war Sammet Leiter des Referates f\u00fcr Krankenhausfinanzierung bei der Hessischen Krankenhausgesellschaft in Eschborn. Die St. Vinzenz Krankenhaus Hanau gGmbH ist eingebunden in die\u00c2\u00a0 Krankenhausunternehmensgruppe der St. Vinzenz Krankenhaus gGmbH mit\u00c2\u00a0 Firmenzentrale in\u00c2\u00a0 Fulda, die f\u00fcnf Krankenh\u00e4user in Hessen betreibt und in sechs Beteiligungen involviert ist.<\/p>\n<p>Pro Jahr werden in diesen hessischen Gesundheitseinrichtungen der Akutversorgung weit \u00fcber 130.000 station\u00e4re und ambulante Patienten versorgt. Weitere Standorte sind neben dem Stammsitz in Fulda das Herz-Jesu-Krankenhaus in Fulda, das St. Elisabeth Krankenhaus in Bad Hersfeld, das Marienkrankenhaus in Kassel sowie das St. Elisabeth Krankenhaus in Volkmarsen.<\/p>\n<p>Bild 1: links der neue Krankenhausdirektor Michael Sammet, rechts Gesch\u00e4ftsf\u00fchrer\u00c2\u00a0Alexander Schmidtke<\/p>\n","protected":false},"excerpt":{"rendered":"<div class=\"tmnf_excerpt\"><p>Leute. Michael Sammet ist der neue Direktor der St. Vinzenz Krankenhaus Hanau gGmbH. Dies teilte Alexander Schmidtke, Gesch\u00e4ftsf\u00fchrer der Krankenhausgruppe der St. Vinzenz Krankenhaus gGmbH Fulda, heute mit. Sammet ist seit Anfang April als Krankenhausdirektor f\u00fcr die umfassende Krankenhausorganisation in enger Zusammenarbeit und Abstimmung mit\u00c2\u00a0dem Gesch\u00e4ftsf\u00fchrer\u00c2\u00a0zust\u00e4ndig. \u00c2\u00a0\u00c2\u00a0<\/p>\n<\/div>","protected":false},"author":1,"featured_media":0,"comment_status":"closed","ping_status":"closed","sticky":false,"template":"","format":"standard","meta":{"footnotes":""},"categories":[1,51],"tags":[],"class_list":["post-2428","post","type-post","status-publish","format-standard","hentry","category-startseite","category-medizin"],"_links":{"self":[{"href":"https:\/\/www.fuldaernachrichten.de\/index.php?rest_route=\/wp\/v2\/posts\/2428","targetHints":{"allow":["GET"]}}],"collection":[{"href":"https:\/\/www.fuldaernachrichten.de\/index.php?rest_route=\/wp\/v2\/posts"}],"about":[{"href":"https:\/\/www.fuldaernachrichten.de\/index.php?rest_route=\/wp\/v2\/types\/post"}],"author":[{"embeddable":true,"href":"https:\/\/www.fuldaernachrichten.de\/index.php?rest_route=\/wp\/v2\/users\/1"}],"replies":[{"embeddable":true,"href":"https:\/\/www.fuldaernachrichten.de\/index.php?rest_route=%2Fwp%2Fv2%2Fcomments&post=2428"}],"version-history":[{"count":0,"href":"https:\/\/www.fuldaernachrichten.de\/index.php?rest_route=\/wp\/v2\/posts\/2428\/revisions"}],"wp:attachment":[{"href":"https:\/\/www.fuldaernachrichten.de\/index.php?rest_route=%2Fwp%2Fv2%2Fmedia&parent=2428"}],"wp:term":[{"taxonomy":"category","embeddable":true,"href":"https:\/\/www.fuldaernachrichten.de\/index.php?rest_route=%2Fwp%2Fv2%2Fcategories&post=2428"},{"taxonomy":"post_tag","embeddable":true,"href":"https:\/\/www.fuldaernachrichten.de\/index.php?rest_route=%2Fwp%2Fv2%2Ftags&post=2428"}],"curies":[{"name":"wp","href":"https:\/\/api.w.org\/{rel}","templated":true}]}}