{"id":2423,"date":"2007-04-02T20:45:35","date_gmt":"2007-04-02T18:45:35","guid":{"rendered":"http:\/\/www.schoene-nachrichten.de\/?p=2423"},"modified":"2007-04-02T20:45:35","modified_gmt":"2007-04-02T18:45:35","slug":"kanu-zoth-und-piaskowski-glaenzen-auf-der-rur","status":"publish","type":"post","link":"https:\/\/www.fuldaernachrichten.de\/?p=2423","title":{"rendered":"Kanu: Zoth und Piaskowski gl\u00e4nzen auf der Rur"},"content":{"rendered":"<p><strong>Sch\u00f6nes vom Sport.<\/strong> Ein erster und ein zweiter Platz, dazu sehr gute, vordere Mittelfeldergebnisse. Das ist die Ausbeute des Kanu-Club Fulda beim Ranglisten- und Juniorenweltmeisterschafts-Qualifikationsrennen in Monschau auf der Rur.<br \/>\nDiese z\u00e4hlt zu den schwierigsten Wildwasserrennen Deutschlands, gespickt mit Schl\u00fcsselstellen wie dem Favoritent\u00f6ter, den Kaskaden und dem Brauereiwehr, die schon so mach einem Favoriten den Sieg kosteten.<\/p>\n<p><a target=\"_blank\" rel=\"lightbox[roadtrip]\" href=\"http:\/\/www.schoene-nachrichten.de\/wp-content\/uploads\/2007\/04\/070402-janina-piaskowski.jpg\" title=\"070402-janina-piaskowski.jpg\"><img decoding=\"async\" src=\"http:\/\/www.schoene-nachrichten.de\/wp-content\/uploads\/2007\/04\/070402-janina-piaskowski.thumbnail.jpg\" alt=\"070402-janina-piaskowski.jpg\" \/><\/a>\u00c2\u00a0<a target=\"_blank\" rel=\"lightbox[roadtrip]\" href=\"http:\/\/www.schoene-nachrichten.de\/wp-content\/uploads\/2007\/04\/070402-kaspar-zoth.jpg\" title=\"070402-kaspar-zoth.jpg\"><img decoding=\"async\" src=\"http:\/\/www.schoene-nachrichten.de\/wp-content\/uploads\/2007\/04\/070402-kaspar-zoth.thumbnail.jpg\" alt=\"070402-kaspar-zoth.jpg\" \/><\/a>\u00c2\u00a0<\/p>\n<p><!--more-->Der 17-j\u00e4hrige Kaspar Zoth galt im Vorhinein als einer der Favoriten f\u00fcr das Rennen der Junioren. Sein oberstes Ziel in diesem Jahr ist die Teilnahme an der Juniorenweltmeisterschaft in Charlotte\/ USA. Und diese Ambitionen untermauerte er mit einem deutlichen Start \u2013 Ziel Sieg. \u201eDas Rennen lief heute einfach Perfekt f\u00fcr mich. Ich lag von Beginn an auf Siegkurs und konnte mich so auf die schwierigen Schl\u00fcsselstellen konzentrieren und diese dann auch gut durchfahren\u201c, so der 17 J\u00e4hrige. Die T\u00fcr zur WM-Teilnahme ist somit f\u00fcr ihn weit ge\u00f6ffnet: \u201eWenn ich die n\u00e4chsten Qualifikationsrennen nicht v\u00f6llig verpatze, rechne ich mir gute Chancen aus, dabei zu sein\u201c, freut sich der Domst\u00e4dter.<\/p>\n<p>Fast genauso gut machte es Vereinskameradin Janina Piaskowski. Auch sie hofft auf eine Teilnahme an der Juniorenweltmeisterschaft und aufgrund ihrer guten technischen Wildwasserf\u00e4higkeiten galt auch sie zum Kreis der Favoriten in Monschau. Eigentlich noch in der Jugendklasse startend, fuhr sie auf der Rur ein beherztes Rennen und landete im Rennen der n\u00e4chst h\u00f6heren Alterklasse der Junioren auf einem sensationellen dritten Rang.<\/p>\n<p>\u201eMir kam ganz klar die technische Schwierigkeit der Strecke entgegen, da meine Konkurrenz teilweise zwei Jahre \u00e4lter ist und ich somit noch k\u00f6rperliche Nachteile habe\u201c so Piaskowski. Damit besteht auch f\u00fcr sie eine gute M\u00f6glichkeit zur Teilnahme an der Junioren-Weltmeisterschaft. \u201eMein Ziel ist es, bei den n\u00e4chsten Wettk\u00e4mpfen ebenfalls vorne mitzumischen und dann sehen wir weiter ob es klappt mit der Qualifikation\u201c.<\/p>\n<p>Die anderen Fuldaer Starter erreichten allesamt gute Mittelfeldpl\u00e4tze und konnten auf der technisch sehr anspruchsvollen Strecke wichtigen Erfahrungen f\u00fcr die n\u00e4chsten Jahre sammeln. Am n\u00e4chsten Dienstag geht es f\u00fcr die Fuldaer Kanuten nach Tittling im Bayrischen Wald zum Trainingslager, wo am 14. und 15. April auf der Ilz die S\u00fcddeutsche Meisterschaft und ein Ranglistenrennen ausgetragen werden. Zudem gilt das Rennen als zweites Qualifikationsrennen f\u00fcr die Junioren-Weltmeisterschaften. (David Piaskowski)<\/p>\n<p><strong>Weitere Ergebnisse:<br \/>\n<\/strong>K1 m\u00e4nnliche Junioren:<br \/>\nNiklas Grimm (9.)<br \/>\nFelix Stark (15.)<br \/>\nDominik Heldmann (17.)<br \/>\nK1 Herren:<br \/>\nJohannes Baumann (10.)<br \/>\nAndreas Wehner (13.)<\/p>\n","protected":false},"excerpt":{"rendered":"<div class=\"tmnf_excerpt\"><p>Sch\u00f6nes vom Sport. Ein erster und ein zweiter Platz, dazu sehr gute, vordere Mittelfeldergebnisse. Das ist die Ausbeute des Kanu-Club Fulda beim Ranglisten- und Juniorenweltmeisterschafts-Qualifikationsrennen in Monschau auf der Rur. Diese z\u00e4hlt zu den schwierigsten Wildwasserrennen Deutschlands, gespickt mit Schl\u00fcsselstellen wie dem Favoritent\u00f6ter, den Kaskaden und dem Brauereiwehr, die schon so mach einem Favoriten den &hellip;<\/p>\n<\/div>","protected":false},"author":1,"featured_media":0,"comment_status":"closed","ping_status":"closed","sticky":false,"template":"","format":"standard","meta":{"footnotes":""},"categories":[1,46],"tags":[],"class_list":["post-2423","post","type-post","status-publish","format-standard","hentry","category-startseite","category-sport"],"_links":{"self":[{"href":"https:\/\/www.fuldaernachrichten.de\/index.php?rest_route=\/wp\/v2\/posts\/2423","targetHints":{"allow":["GET"]}}],"collection":[{"href":"https:\/\/www.fuldaernachrichten.de\/index.php?rest_route=\/wp\/v2\/posts"}],"about":[{"href":"https:\/\/www.fuldaernachrichten.de\/index.php?rest_route=\/wp\/v2\/types\/post"}],"author":[{"embeddable":true,"href":"https:\/\/www.fuldaernachrichten.de\/index.php?rest_route=\/wp\/v2\/users\/1"}],"replies":[{"embeddable":true,"href":"https:\/\/www.fuldaernachrichten.de\/index.php?rest_route=%2Fwp%2Fv2%2Fcomments&post=2423"}],"version-history":[{"count":0,"href":"https:\/\/www.fuldaernachrichten.de\/index.php?rest_route=\/wp\/v2\/posts\/2423\/revisions"}],"wp:attachment":[{"href":"https:\/\/www.fuldaernachrichten.de\/index.php?rest_route=%2Fwp%2Fv2%2Fmedia&parent=2423"}],"wp:term":[{"taxonomy":"category","embeddable":true,"href":"https:\/\/www.fuldaernachrichten.de\/index.php?rest_route=%2Fwp%2Fv2%2Fcategories&post=2423"},{"taxonomy":"post_tag","embeddable":true,"href":"https:\/\/www.fuldaernachrichten.de\/index.php?rest_route=%2Fwp%2Fv2%2Ftags&post=2423"}],"curies":[{"name":"wp","href":"https:\/\/api.w.org\/{rel}","templated":true}]}}