{"id":24182,"date":"2009-03-26T06:45:39","date_gmt":"2009-03-26T05:45:39","guid":{"rendered":"http:\/\/www.schoene-nachrichten.de\/?p=24182"},"modified":"2009-03-26T07:15:41","modified_gmt":"2009-03-26T06:15:41","slug":"joerg-schuhej-siegt-bei-der-rallye-rund-um-alsfeld","status":"publish","type":"post","link":"https:\/\/www.fuldaernachrichten.de\/?p=24182","title":{"rendered":"J\u00f6rg Schuhej siegt bei der Rallye &#8220;Rund um Alsfeld&#8221;"},"content":{"rendered":"<p><a title=\"Foto: Felix Ubrig | rallye-mad.com\" rel=\"lightbox[roadtrip]\" href=\"http:\/\/www.schoene-nachrichten.de\/wp-content\/uploads\/2008\/Marco\/090323_rallye_001.jpg\" target=\"_blank\"><img decoding=\"async\" src=\"http:\/\/www.schoene-nachrichten.de\/wp-content\/uploads\/2008\/Marco\/090323_rallye_001.jpg\" alt=\"Foto: Felix Ubrig | rallye-mad.com\" width=\"560\" \/><\/a><\/p>\n<p><strong>Motorsport.<\/strong> J\u00f6rg Schuhej nutzte zusammen mit seiner Copilotin Tanja Timmer die Gelegenheit und gewann nach dem gro\u00dfen Favoritensterben die Rallye &#8220;Rund um Alsfeld&#8221;. Mit seinem Mitsubishi Lancer Evo VI konnte er drei der sechs Wertungspr\u00fcfungen f\u00fcr sich entscheiden und stand am Ende mit einer Gesamtzeit von 21 Minuten und 59,6 Sekunden an erster Stelle des Siegerpodestes.<br \/>\n<!--more--><\/p>\n<p><strong>Fotos (26):<\/strong> Felix Ubrig \/ <a title=\"rallye-mad.com\" href=\"http:\/\/www.rallye-mad.com\" target=\"_blank\">rallye-mad.com<\/a><\/p>\n<p><a title=\"Foto: Felix Ubrig | rallye-mad.com\" rel=\"lightbox[roadtrip]\" href=\"http:\/\/www.schoene-nachrichten.de\/wp-content\/uploads\/2008\/Marco\/090323_rallye_003.jpg\" target=\"_blank\"><img decoding=\"async\" src=\"http:\/\/www.schoene-nachrichten.de\/wp-content\/uploads\/2008\/Marco\/090323_rallye_003.thumb.jpg\" alt=\"Foto: Felix Ubrig | rallye-mad.com\" width=\"265\" \/><\/a> <a title=\"Foto: Felix Ubrig | rallye-mad.com\" rel=\"lightbox[roadtrip]\" href=\"http:\/\/www.schoene-nachrichten.de\/wp-content\/uploads\/2008\/Marco\/090323_rallye_002.jpg\" target=\"_blank\"><img decoding=\"async\" src=\"http:\/\/www.schoene-nachrichten.de\/wp-content\/uploads\/2008\/Marco\/090323_rallye_002.thumb.jpg\" alt=\"Foto: Felix Ubrig | rallye-mad.com\" width=\"265\" \/><\/a><\/p>\n<p>Bereits auf WP 1 hatten die Topfavoriten Marco Koch und Stefan Assmann (Opel Kadett C Coupe) Probleme mit den Streckenbedingungen und handelten sich zwei Plattf\u00fc\u00dfe mit defekten Felgen als Folgesch\u00e4den ein. Sie entschieden sich dennoch f\u00fcr eine Weiterfahrt au\u00dfer Wertung, die Karenzzeit von 15 Minuten war bereits verstrichen. Mit einem Abstand von sechs Sekunden zu Schuhej kamen sie ins Ziel.<\/p>\n<p><a title=\"Foto: Felix Ubrig | rallye-mad.com\" rel=\"lightbox[roadtrip]\" href=\"http:\/\/www.schoene-nachrichten.de\/wp-content\/uploads\/2008\/Marco\/090323_rallye_001.jpg\" target=\"_blank\"><img decoding=\"async\" src=\"http:\/\/www.schoene-nachrichten.de\/wp-content\/uploads\/2008\/Marco\/090323_rallye_001.thumb.jpg\" alt=\"Foto: Felix Ubrig | rallye-mad.com\" width=\"265\" \/><\/a> <a title=\"Foto: Felix Ubrig | rallye-mad.com\" rel=\"lightbox[roadtrip]\" href=\"http:\/\/www.schoene-nachrichten.de\/wp-content\/uploads\/2008\/Marco\/090323_rallye_004.jpg\" target=\"_blank\"><img decoding=\"async\" src=\"http:\/\/www.schoene-nachrichten.de\/wp-content\/uploads\/2008\/Marco\/090323_rallye_004.thumb.jpg\" alt=\"Foto: Felix Ubrig | rallye-mad.com\" width=\"265\" \/><\/a><\/p>\n<p>Michael Rausch und Thomas Sch\u00e4fer (Opel Ascona B 16V) konnten die Fahrt nach einem Schaden an der Achse auf WP 2 nicht beenden. Auch Uwe Kiehm und Thomas Weidel (Opel Kadett C Coupe) mussten die Rallye mit einem Bruch des Gasgest\u00e4nges auf WP 5 aufgeben. In der Hecke des Vockenr\u00f6der Friedhofes, die bekanntlich bei jeder Rallye in Alsfeld zum Opfer wird, stellte Udo Schiffmann seinen BMW M3 ab, der nur mithilfe eines Traktors geborgen werden konnte. Er musste ebenfalls auf WP 5 aufgeben.<\/p>\n<p><a title=\"Foto: Felix Ubrig | rallye-mad.com\" rel=\"lightbox[roadtrip]\" href=\"http:\/\/www.schoene-nachrichten.de\/wp-content\/uploads\/2008\/Marco\/090323_rallye_005.jpg\" target=\"_blank\"><img decoding=\"async\" src=\"http:\/\/www.schoene-nachrichten.de\/wp-content\/uploads\/2008\/Marco\/090323_rallye_005.thumb.jpg\" alt=\"Foto: Felix Ubrig | rallye-mad.com\" width=\"265\" \/><\/a> <a title=\"Foto: Felix Ubrig | rallye-mad.com\" rel=\"lightbox[roadtrip]\" href=\"http:\/\/www.schoene-nachrichten.de\/wp-content\/uploads\/2008\/Marco\/090323_rallye_006.jpg\" target=\"_blank\"><img decoding=\"async\" src=\"http:\/\/www.schoene-nachrichten.de\/wp-content\/uploads\/2008\/Marco\/090323_rallye_006.thumb.jpg\" alt=\"Foto: Felix Ubrig | rallye-mad.com\" width=\"265\" \/><\/a><\/p>\n<p>Nachdem feststand, dass mit den Topfahrern nicht mehr zu rechnen ist, k\u00e4mpften Ingo Hanika (VW Golf III GTI 16V) und Andreas Gutbier (VW Golf II GTI 16V) um den zweiten Gesamtrang. Beide Fahrer lieferten sich einen Schlagabtausch der Zeiten, der sich innerhalb der Zehntelsekunden abspielte. Gutbier konnte sich durchsetzen, nachdem er sich auf dem Vockenr\u00f6der Rundkurs einen Vorsprung von zwei Sekunden erfuhr, und landete vor Hanika auf Rang 2. Insgesamt erreichten 46 von 62 gestarteten Teams das Ziel.<\/p>\n<p><a title=\"Foto: Felix Ubrig | rallye-mad.com\" rel=\"lightbox[roadtrip]\" href=\"http:\/\/www.schoene-nachrichten.de\/wp-content\/uploads\/2008\/Marco\/090323_rallye_007.jpg\" target=\"_blank\"><img decoding=\"async\" src=\"http:\/\/www.schoene-nachrichten.de\/wp-content\/uploads\/2008\/Marco\/090323_rallye_007.thumb.jpg\" alt=\"Foto: Felix Ubrig | rallye-mad.com\" width=\"265\" \/><\/a> <a title=\"Foto: Felix Ubrig | rallye-mad.com\" rel=\"lightbox[roadtrip]\" href=\"http:\/\/www.schoene-nachrichten.de\/wp-content\/uploads\/2008\/Marco\/090323_rallye_008.jpg\" target=\"_blank\"><img decoding=\"async\" src=\"http:\/\/www.schoene-nachrichten.de\/wp-content\/uploads\/2008\/Marco\/090323_rallye_008.thumb.jpg\" alt=\"Foto: Felix Ubrig | rallye-mad.com\" width=\"265\" \/><\/a><\/p>\n<p>Man meinte, die SFG Vogelsberg h\u00e4tte den Fr\u00fchling f\u00fcr ihre Veranstaltung gebucht: Bei herrlichen Temperaturen und sonnigem Wetter reisten die meisten Fans zu ihrer ersten Rallye in diesem Jahr und bekamen eine tolle Show abgeliefert. F\u00fcr gegrillte W\u00fcrstchen und verschiedenen Getr\u00e4nken sorgte die Sportfahrergemeinschaft an den Zuschauerpunkten.<\/p>\n<p><a title=\"Foto: Felix Ubrig | rallye-mad.com\" rel=\"lightbox[roadtrip]\" href=\"http:\/\/www.schoene-nachrichten.de\/wp-content\/uploads\/2008\/Marco\/090323_rallye_009.jpg\" target=\"_blank\"><img decoding=\"async\" src=\"http:\/\/www.schoene-nachrichten.de\/wp-content\/uploads\/2008\/Marco\/090323_rallye_009.thumb.jpg\" alt=\"Foto: Felix Ubrig | rallye-mad.com\" width=\"265\" \/><\/a> <a title=\"Foto: Felix Ubrig | rallye-mad.com\" rel=\"lightbox[roadtrip]\" href=\"http:\/\/www.schoene-nachrichten.de\/wp-content\/uploads\/2008\/Marco\/090323_rallye_010.jpg\" target=\"_blank\"><img decoding=\"async\" src=\"http:\/\/www.schoene-nachrichten.de\/wp-content\/uploads\/2008\/Marco\/090323_rallye_010.thumb.jpg\" alt=\"Foto: Felix Ubrig | rallye-mad.com\" width=\"265\" \/><\/a><\/p>\n<p>Gesamtergebnis der ADAC-Rallye Rund um Alsfeld:<br \/>\n01. Schuhej\/Timmer, Mitsubishi Lancer Evo 6, N5, 21:59,6<br \/>\n02. Gutbier\/Winning, VW Golf II GTI 16V, H14, + 48,5<br \/>\n03. Hanika\/Bechthold, VW Golf III GTI 16V, H14, + 52,9<br \/>\n04. Roth\/Diehl, Audi Quattro, H16, + 1:10,1<br \/>\n05. G\u00f6ttig\/Claus, Mitsubishi Lancer Evo 6, N5, + 1:16,1<br \/>\n06. N\u00f6renberg\/Neurath, BMW M 3 E36, H15, + 1:21,0<br \/>\n07. Mohr\/Becker, Opel Astra Turbodiesel, N4, + 1:50,6<br \/>\n08. Oliveri\/Schnorr, Subaru Impreza WRX, N5, + 1:59,9<br \/>\n09. Garten\/Zettl, Honda Civic Vtec, H13, + 2:01,5<br \/>\n10. Hochwimmer\/Rau, Opel Astra GSi 16V, N3, + 2:03,4<\/p>\n<p><strong>Weitere Ergebnisse finden Sie auf <\/strong><a title=\"SFG Vogelsberg\" href=\"http:\/\/www.sfg-vogelsberg.de\" target=\"_blank\"><strong>http:\/\/www.sfg-vogelsberg.de<\/strong><\/a><strong>.<\/strong><\/p>\n<p><a title=\"Foto: Felix Ubrig | rallye-mad.com\" rel=\"lightbox[roadtrip]\" href=\"http:\/\/www.schoene-nachrichten.de\/wp-content\/uploads\/2008\/Marco\/090323_rallye_011.jpg\" target=\"_blank\"><img decoding=\"async\" src=\"http:\/\/www.schoene-nachrichten.de\/wp-content\/uploads\/2008\/Marco\/090323_rallye_011.thumb.jpg\" alt=\"Foto: Felix Ubrig | rallye-mad.com\" width=\"265\" \/><\/a> <a title=\"Foto: Felix Ubrig | rallye-mad.com\" rel=\"lightbox[roadtrip]\" href=\"http:\/\/www.schoene-nachrichten.de\/wp-content\/uploads\/2008\/Marco\/090323_rallye_012.jpg\" target=\"_blank\"><img decoding=\"async\" src=\"http:\/\/www.schoene-nachrichten.de\/wp-content\/uploads\/2008\/Marco\/090323_rallye_012.thumb.jpg\" alt=\"Foto: Felix Ubrig | rallye-mad.com\" width=\"265\" \/><\/a><\/p>\n<p><a title=\"Foto: Felix Ubrig | rallye-mad.com\" rel=\"lightbox[roadtrip]\" href=\"http:\/\/www.schoene-nachrichten.de\/wp-content\/uploads\/2008\/Marco\/090323_rallye_013.jpg\" target=\"_blank\"><img decoding=\"async\" src=\"http:\/\/www.schoene-nachrichten.de\/wp-content\/uploads\/2008\/Marco\/090323_rallye_013.thumb.jpg\" alt=\"Foto: Felix Ubrig | rallye-mad.com\" width=\"265\" \/><\/a> <a title=\"Foto: Felix Ubrig | rallye-mad.com\" rel=\"lightbox[roadtrip]\" href=\"http:\/\/www.schoene-nachrichten.de\/wp-content\/uploads\/2008\/Marco\/090323_rallye_014.jpg\" target=\"_blank\"><img decoding=\"async\" src=\"http:\/\/www.schoene-nachrichten.de\/wp-content\/uploads\/2008\/Marco\/090323_rallye_014.thumb.jpg\" alt=\"Foto: Felix Ubrig | rallye-mad.com\" width=\"265\" \/><\/a><\/p>\n<p><a title=\"Foto: Felix Ubrig | rallye-mad.com\" rel=\"lightbox[roadtrip]\" href=\"http:\/\/www.schoene-nachrichten.de\/wp-content\/uploads\/2008\/Marco\/090323_rallye_015.jpg\" target=\"_blank\"><img decoding=\"async\" src=\"http:\/\/www.schoene-nachrichten.de\/wp-content\/uploads\/2008\/Marco\/090323_rallye_015.thumb.jpg\" alt=\"Foto: Felix Ubrig | rallye-mad.com\" width=\"265\" \/><\/a> <a title=\"Foto: Felix Ubrig | rallye-mad.com\" rel=\"lightbox[roadtrip]\" href=\"http:\/\/www.schoene-nachrichten.de\/wp-content\/uploads\/2008\/Marco\/090323_rallye_016.jpg\" target=\"_blank\"><img decoding=\"async\" src=\"http:\/\/www.schoene-nachrichten.de\/wp-content\/uploads\/2008\/Marco\/090323_rallye_016.thumb.jpg\" alt=\"Foto: Felix Ubrig | rallye-mad.com\" width=\"265\" \/><\/a><\/p>\n<p><a title=\"Foto: Felix Ubrig | rallye-mad.com\" rel=\"lightbox[roadtrip]\" href=\"http:\/\/www.schoene-nachrichten.de\/wp-content\/uploads\/2008\/Marco\/090323_rallye_017.jpg\" target=\"_blank\"><img decoding=\"async\" src=\"http:\/\/www.schoene-nachrichten.de\/wp-content\/uploads\/2008\/Marco\/090323_rallye_017.thumb.jpg\" alt=\"Foto: Felix Ubrig | rallye-mad.com\" width=\"265\" \/><\/a> <a title=\"Foto: Felix Ubrig | rallye-mad.com\" rel=\"lightbox[roadtrip]\" href=\"http:\/\/www.schoene-nachrichten.de\/wp-content\/uploads\/2008\/Marco\/090323_rallye_018.jpg\" target=\"_blank\"><img decoding=\"async\" src=\"http:\/\/www.schoene-nachrichten.de\/wp-content\/uploads\/2008\/Marco\/090323_rallye_018.thumb.jpg\" alt=\"Foto: Felix Ubrig | rallye-mad.com\" width=\"265\" \/><\/a><\/p>\n<p><a title=\"Foto: Felix Ubrig | rallye-mad.com\" rel=\"lightbox[roadtrip]\" href=\"http:\/\/www.schoene-nachrichten.de\/wp-content\/uploads\/2008\/Marco\/090323_rallye_019.jpg\" target=\"_blank\"><img decoding=\"async\" src=\"http:\/\/www.schoene-nachrichten.de\/wp-content\/uploads\/2008\/Marco\/090323_rallye_019.thumb.jpg\" alt=\"Foto: Felix Ubrig | rallye-mad.com\" width=\"265\" \/><\/a> <a title=\"Foto: Felix Ubrig | rallye-mad.com\" rel=\"lightbox[roadtrip]\" href=\"http:\/\/www.schoene-nachrichten.de\/wp-content\/uploads\/2008\/Marco\/090323_rallye_020.jpg\" target=\"_blank\"><img decoding=\"async\" src=\"http:\/\/www.schoene-nachrichten.de\/wp-content\/uploads\/2008\/Marco\/090323_rallye_020.thumb.jpg\" alt=\"Foto: Felix Ubrig | rallye-mad.com\" width=\"265\" \/><\/a><\/p>\n<p><a title=\"Foto: Felix Ubrig | rallye-mad.com\" rel=\"lightbox[roadtrip]\" href=\"http:\/\/www.schoene-nachrichten.de\/wp-content\/uploads\/2008\/Marco\/090323_rallye_021.jpg\" target=\"_blank\"><img decoding=\"async\" src=\"http:\/\/www.schoene-nachrichten.de\/wp-content\/uploads\/2008\/Marco\/090323_rallye_021.thumb.jpg\" alt=\"Foto: Felix Ubrig | rallye-mad.com\" width=\"265\" \/><\/a> <a title=\"Foto: Felix Ubrig | rallye-mad.com\" rel=\"lightbox[roadtrip]\" href=\"http:\/\/www.schoene-nachrichten.de\/wp-content\/uploads\/2008\/Marco\/090323_rallye_022.jpg\" target=\"_blank\"><img decoding=\"async\" src=\"http:\/\/www.schoene-nachrichten.de\/wp-content\/uploads\/2008\/Marco\/090323_rallye_022.thumb.jpg\" alt=\"Foto: Felix Ubrig | rallye-mad.com\" width=\"265\" \/><\/a><\/p>\n<p><a title=\"Foto: Felix Ubrig | rallye-mad.com\" rel=\"lightbox[roadtrip]\" href=\"http:\/\/www.schoene-nachrichten.de\/wp-content\/uploads\/2008\/Marco\/090323_rallye_023.jpg\" target=\"_blank\"><img decoding=\"async\" src=\"http:\/\/www.schoene-nachrichten.de\/wp-content\/uploads\/2008\/Marco\/090323_rallye_023.thumb.jpg\" alt=\"Foto: Felix Ubrig | rallye-mad.com\" width=\"265\" \/><\/a> <a title=\"Foto: Felix Ubrig | rallye-mad.com\" rel=\"lightbox[roadtrip]\" href=\"http:\/\/www.schoene-nachrichten.de\/wp-content\/uploads\/2008\/Marco\/090323_rallye_024.jpg\" target=\"_blank\"><img decoding=\"async\" src=\"http:\/\/www.schoene-nachrichten.de\/wp-content\/uploads\/2008\/Marco\/090323_rallye_024.thumb.jpg\" alt=\"Foto: Felix Ubrig | rallye-mad.com\" width=\"265\" \/><\/a><\/p>\n<p><a title=\"Foto: Felix Ubrig | rallye-mad.com\" rel=\"lightbox[roadtrip]\" href=\"http:\/\/www.schoene-nachrichten.de\/wp-content\/uploads\/2008\/Marco\/090323_rallye_025.jpg\" target=\"_blank\"><img decoding=\"async\" src=\"http:\/\/www.schoene-nachrichten.de\/wp-content\/uploads\/2008\/Marco\/090323_rallye_025.thumb.jpg\" alt=\"Foto: Felix Ubrig | rallye-mad.com\" width=\"265\" \/><\/a> <a title=\"Foto: Felix Ubrig | rallye-mad.com\" rel=\"lightbox[roadtrip]\" href=\"http:\/\/www.schoene-nachrichten.de\/wp-content\/uploads\/2008\/Marco\/090323_rallye_026.jpg\" target=\"_blank\"><img decoding=\"async\" src=\"http:\/\/www.schoene-nachrichten.de\/wp-content\/uploads\/2008\/Marco\/090323_rallye_026.thumb.jpg\" alt=\"Foto: Felix Ubrig | rallye-mad.com\" width=\"265\" \/><\/a><\/p>\n","protected":false},"excerpt":{"rendered":"<div class=\"tmnf_excerpt\"><p>Motorsport. J\u00f6rg Schuhej nutzte zusammen mit seiner Copilotin Tanja Timmer die Gelegenheit und gewann nach dem gro\u00dfen Favoritensterben die Rallye &#8220;Rund um Alsfeld&#8221;. Mit seinem Mitsubishi Lancer Evo VI konnte er drei der sechs Wertungspr\u00fcfungen f\u00fcr sich entscheiden und stand am Ende mit einer Gesamtzeit von 21 Minuten und 59,6 Sekunden an erster Stelle des &hellip;<\/p>\n<\/div>","protected":false},"author":1,"featured_media":0,"comment_status":"closed","ping_status":"closed","sticky":false,"template":"","format":"standard","meta":{"footnotes":""},"categories":[1,35,46,78],"tags":[],"class_list":["post-24182","post","type-post","status-publish","format-standard","hentry","category-startseite","category-auto","category-sport","category-topthema"],"_links":{"self":[{"href":"https:\/\/www.fuldaernachrichten.de\/index.php?rest_route=\/wp\/v2\/posts\/24182","targetHints":{"allow":["GET"]}}],"collection":[{"href":"https:\/\/www.fuldaernachrichten.de\/index.php?rest_route=\/wp\/v2\/posts"}],"about":[{"href":"https:\/\/www.fuldaernachrichten.de\/index.php?rest_route=\/wp\/v2\/types\/post"}],"author":[{"embeddable":true,"href":"https:\/\/www.fuldaernachrichten.de\/index.php?rest_route=\/wp\/v2\/users\/1"}],"replies":[{"embeddable":true,"href":"https:\/\/www.fuldaernachrichten.de\/index.php?rest_route=%2Fwp%2Fv2%2Fcomments&post=24182"}],"version-history":[{"count":15,"href":"https:\/\/www.fuldaernachrichten.de\/index.php?rest_route=\/wp\/v2\/posts\/24182\/revisions"}],"predecessor-version":[{"id":24454,"href":"https:\/\/www.fuldaernachrichten.de\/index.php?rest_route=\/wp\/v2\/posts\/24182\/revisions\/24454"}],"wp:attachment":[{"href":"https:\/\/www.fuldaernachrichten.de\/index.php?rest_route=%2Fwp%2Fv2%2Fmedia&parent=24182"}],"wp:term":[{"taxonomy":"category","embeddable":true,"href":"https:\/\/www.fuldaernachrichten.de\/index.php?rest_route=%2Fwp%2Fv2%2Fcategories&post=24182"},{"taxonomy":"post_tag","embeddable":true,"href":"https:\/\/www.fuldaernachrichten.de\/index.php?rest_route=%2Fwp%2Fv2%2Ftags&post=24182"}],"curies":[{"name":"wp","href":"https:\/\/api.w.org\/{rel}","templated":true}]}}