{"id":24180,"date":"2009-03-24T00:02:31","date_gmt":"2009-03-23T23:02:31","guid":{"rendered":"http:\/\/www.schoene-nachrichten.de\/?p=24180"},"modified":"2009-03-24T08:09:02","modified_gmt":"2009-03-24T07:09:02","slug":"neues-einsatzfahrzeug-fuer-rettungswache-in-petersberg","status":"publish","type":"post","link":"https:\/\/www.fuldaernachrichten.de\/?p=24180","title":{"rendered":"Neues Einsatzfahrzeug f\u00fcr Rettungswache in Petersberg"},"content":{"rendered":"<p><a title=\"Foto: Max Colin Heydenreich\" rel=\"lightbox[roadtrip]\" href=\"http:\/\/www.schoene-nachrichten.de\/wp-content\/uploads\/2009\/03\/090324_Landkreis_005.jpg\" target=\"_blank\"><img decoding=\"async\" src=\"http:\/\/www.schoene-nachrichten.de\/wp-content\/uploads\/2009\/03\/090324_Landkreis_005.jpg\" alt=\"090324_Landkreis_005.jpg\" width=\"560\" \/><\/a><\/p>\n<p><strong>Petersberg.<\/strong> Erster Kreisbeigeordneter Dr. Heiko Wingenfeld sieht den Landkreis Fulda beim Rettungsdienst gut aufgestellt. Dies gelte trotz seiner l\u00e4ndlichen Struktur, die mit der Situation in st\u00e4dtischen Ballungszentren kaum vergleichbar sei, und den mitunter schwierigen Witterungsbedingungen in einer Mittelgebirgsregion. \u201eWir k\u00f6nnen und wollen aber noch besser werden.\u201c Aus dem Grund werde der Bereichsplan f\u00fcr den Rettungsdienstbereich Landkreis Fulda regelm\u00e4\u00dfig fortgeschrieben und insbesondere auf die Einhaltung der gesetzlichen Zehn-Minuten-Hilfsfrist \u00fcberpr\u00fcft.<\/p>\n<p><strong>Fotos (16):<\/strong> Max Colin Heydenreich<\/p>\n<p><a title=\"Foto: Max Colin Heydenreich\" rel=\"lightbox[roadtrip]\" href=\"http:\/\/www.schoene-nachrichten.de\/wp-content\/uploads\/2009\/03\/090324_Landkreis_001.jpg\" target=\"_blank\"><img decoding=\"async\" src=\"http:\/\/www.schoene-nachrichten.de\/wp-content\/uploads\/2009\/03\/090324_Landkreis_001.thumbnail.jpg\" alt=\"090324_Landkreis_001.jpg\" width=\"265\" \/><\/a> <a title=\"Foto: Max Colin Heydenreich\" rel=\"lightbox[roadtrip]\" href=\"http:\/\/www.schoene-nachrichten.de\/wp-content\/uploads\/2009\/03\/090324_Landkreis_002.jpg\" target=\"_blank\"><img decoding=\"async\" src=\"http:\/\/www.schoene-nachrichten.de\/wp-content\/uploads\/2009\/03\/090324_Landkreis_002.thumbnail.jpg\" alt=\"090324_Landkreis_002.jpg\" width=\"265\" \/><\/a><\/p>\n<p><!--more--><\/p>\n<p>Ein Ergebnis der j\u00fcngsten Fortschreibung des Bereichsplans ist, dass verschiedene Rettungsdienstwachen im Landkreis personell und mit zus\u00e4tzlichen Fahrzeugen aufgestockt werden sollen. Das trifft auch f\u00fcr die Rettungswache des Malteser Hilfsdiensts im Gewerbegebiet Petersberg zu, die am 1. Oktober 2001 als zweite Rettungswache in Stadtn\u00e4he eingeweiht wurde und das Gebiet \u00f6stlich von Fulda bis in die Vorderrh\u00f6n abdeckt. Seit April 2004 ist Petersberg auch Lehrrettungswache, in der die Ausbildung der Malteser insbesondere im ehrenamtlichen Bereich stattfindet.<\/p>\n<p><a title=\"Foto: Max Colin Heydenreich\" rel=\"lightbox[roadtrip]\" href=\"http:\/\/www.schoene-nachrichten.de\/wp-content\/uploads\/2009\/03\/090324_Landkreis_007.jpg\" target=\"_blank\"><img decoding=\"async\" src=\"http:\/\/www.schoene-nachrichten.de\/wp-content\/uploads\/2009\/03\/090324_Landkreis_007.thumbnail.jpg\" alt=\"090324_Landkreis_007.jpg\" width=\"265\" \/><\/a> <a title=\"Foto: Max Colin Heydenreich\" rel=\"lightbox[roadtrip]\" href=\"http:\/\/www.schoene-nachrichten.de\/wp-content\/uploads\/2009\/03\/090324_Landkreis_008.jpg\" target=\"_blank\"><img decoding=\"async\" src=\"http:\/\/www.schoene-nachrichten.de\/wp-content\/uploads\/2009\/03\/090324_Landkreis_008.thumbnail.jpg\" alt=\"090324_Landkreis_008.jpg\" width=\"265\" \/><\/a><\/p>\n<p>Mit dem Bau des Autobahnanschlusses Fulda-Mitte hat sich das Einzugsgebiet der Rettungswache Petersberg nach S\u00fcden ausgedehnt. Die Einsatzzahlen, die zuletzt im Monat bei 180 Notfalleins\u00e4tzen und 120 Krankentransporten lagen, haben sich deutlich erh\u00f6ht und werden voraussichtlich weiter ansteigen. \u201e300 Eins\u00e4tze machen die Anschaffung eines dritten Rettungswagens notwendig\u201c, betonte Dr. Wingenfeld. Auch sei der Personalbestand auf 26 hauptamtlich Besch\u00e4ftigte erh\u00f6ht worden. Zudem k\u00f6nnten die Malteser auf bis zu 15 ehrenamtliche Helfern zur\u00fcckgreifen.<\/p>\n<p><a title=\"Foto: Max Colin Heydenreich\" rel=\"lightbox[roadtrip]\" href=\"http:\/\/www.schoene-nachrichten.de\/wp-content\/uploads\/2009\/03\/090324_Landkreis_003.jpg\" target=\"_blank\"><img decoding=\"async\" src=\"http:\/\/www.schoene-nachrichten.de\/wp-content\/uploads\/2009\/03\/090324_Landkreis_003.thumbnail.jpg\" alt=\"090324_Landkreis_003.jpg\" width=\"265\" \/><\/a> <a title=\"Foto: Max Colin Heydenreich\" rel=\"lightbox[roadtrip]\" href=\"http:\/\/www.schoene-nachrichten.de\/wp-content\/uploads\/2009\/03\/090324_Landkreis_004.jpg\" target=\"_blank\"><img decoding=\"async\" src=\"http:\/\/www.schoene-nachrichten.de\/wp-content\/uploads\/2009\/03\/090324_Landkreis_004.thumbnail.jpg\" alt=\"090324_Landkreis_004.jpg\" width=\"265\" \/><\/a><\/p>\n<p><strong>Folgenschwere Entscheidungen in Sekundenbruchteilen<\/strong><\/p>\n<p>Bei der offiziellen Indienststellung des neuen Fahrzeugs betonte Erster Kreisbeigeordneter Dr. Wingenfeld, dass die Einsatzkr\u00e4fte oftmals in Sekundenbruchteilen folgenschwere Entscheidungen mit weitreichenden Folgen treffen m\u00fcssten. Aus diesem Grund sei es erforderlich, dass sie \u00fcber das bestm\u00f6gliche Material verf\u00fcgen k\u00f6nnten. Die personelle und s\u00e4chliche Aufstockung in Petersberg betrachtet der Rettungsdienstdezernent des Landkreises vor dem Hintergrund steigender Einsatzzahlen auch deshalb als sinnvoll, um bei Duplizit\u00e4tsereignissen noch besser aufgestellt sein.<\/p>\n<p><a title=\"Foto: Max Colin Heydenreich\" rel=\"lightbox[roadtrip]\" href=\"http:\/\/www.schoene-nachrichten.de\/wp-content\/uploads\/2009\/03\/090324_Landkreis_009.jpg\" target=\"_blank\"><img decoding=\"async\" src=\"http:\/\/www.schoene-nachrichten.de\/wp-content\/uploads\/2009\/03\/090324_Landkreis_009.thumbnail.jpg\" alt=\"090324_Landkreis_009.jpg\" width=\"265\" \/><\/a> <a title=\"Foto: Max Colin Heydenreich\" rel=\"lightbox[roadtrip]\" href=\"http:\/\/www.schoene-nachrichten.de\/wp-content\/uploads\/2009\/03\/090324_Landkreis_010.jpg\" target=\"_blank\"><img decoding=\"async\" src=\"http:\/\/www.schoene-nachrichten.de\/wp-content\/uploads\/2009\/03\/090324_Landkreis_010.thumbnail.jpg\" alt=\"090324_Landkreis_010.jpg\" width=\"265\" \/><\/a><\/p>\n<p><a title=\"Foto: Max Colin Heydenreich\" rel=\"lightbox[roadtrip]\" href=\"http:\/\/www.schoene-nachrichten.de\/wp-content\/uploads\/2009\/03\/090324_Landkreis_011.jpg\" target=\"_blank\"><img decoding=\"async\" src=\"http:\/\/www.schoene-nachrichten.de\/wp-content\/uploads\/2009\/03\/090324_Landkreis_011.thumbnail.jpg\" alt=\"090324_Landkreis_011.jpg\" width=\"265\" \/><\/a> <a title=\"Foto: Max Colin Heydenreich\" rel=\"lightbox[roadtrip]\" href=\"http:\/\/www.schoene-nachrichten.de\/wp-content\/uploads\/2009\/03\/090324_Landkreis_012.jpg\" target=\"_blank\"><img decoding=\"async\" src=\"http:\/\/www.schoene-nachrichten.de\/wp-content\/uploads\/2009\/03\/090324_Landkreis_012.thumbnail.jpg\" alt=\"090324_Landkreis_012.jpg\" width=\"265\" \/><\/a><\/p>\n<p>Nach einer vorl\u00e4ufigen Sch\u00e4tzung von Rettungsdienstleiter Markus Lapp bel\u00e4uft sich der Anstieg der Einsatzzahlen am Standort Petersberg seit Inkrafttreten der Fortschreibung des Bereichplans auf rund drei\u00dfig Prozent. Die verst\u00e4rkte Pr\u00e4senz insbesondere in den Abendstunden habe sich bew\u00e4hrt. Die Einsatzkr\u00e4fte bem\u00fchten sich, den Wahlspruch der Malteser \u201eweil N\u00e4he z\u00e4hlt\u201c zu leben, so Pr\u00e4sident Dr. Constantin von Brandenstein-Zeppelin, der als Zeichen der Dankbarkeit f\u00fcr die enge und vertrauensvolle Zusammenarbeit mit dem Landkreis Ein-Euro-M\u00fcnzen aus Malta \u00fcberreichte.<\/p>\n<p><a title=\"Foto: Max Colin Heydenreich\" rel=\"lightbox[roadtrip]\" href=\"http:\/\/www.schoene-nachrichten.de\/wp-content\/uploads\/2009\/03\/090324_Landkreis_013.jpg\" target=\"_blank\"><img decoding=\"async\" src=\"http:\/\/www.schoene-nachrichten.de\/wp-content\/uploads\/2009\/03\/090324_Landkreis_013.thumbnail.jpg\" alt=\"090324_Landkreis_013.jpg\" width=\"265\" \/><\/a> <a title=\"Foto: Max Colin Heydenreich\" rel=\"lightbox[roadtrip]\" href=\"http:\/\/www.schoene-nachrichten.de\/wp-content\/uploads\/2009\/03\/090324_Landkreis_014.jpg\" target=\"_blank\"><img decoding=\"async\" src=\"http:\/\/www.schoene-nachrichten.de\/wp-content\/uploads\/2009\/03\/090324_Landkreis_014.thumbnail.jpg\" alt=\"090324_Landkreis_014.jpg\" width=\"265\" \/><\/a><\/p>\n<p><a title=\"Foto: Max Colin Heydenreich\" rel=\"lightbox[roadtrip]\" href=\"http:\/\/www.schoene-nachrichten.de\/wp-content\/uploads\/2009\/03\/090324_Landkreis_015.jpg\" target=\"_blank\"><img decoding=\"async\" src=\"http:\/\/www.schoene-nachrichten.de\/wp-content\/uploads\/2009\/03\/090324_Landkreis_015.thumbnail.jpg\" alt=\"090324_Landkreis_015.jpg\" width=\"265\" \/><\/a> <a title=\"Foto: Max Colin Heydenreich\" rel=\"lightbox[roadtrip]\" href=\"http:\/\/www.schoene-nachrichten.de\/wp-content\/uploads\/2009\/03\/090324_Landkreis_016.jpg\" target=\"_blank\"><img decoding=\"async\" src=\"http:\/\/www.schoene-nachrichten.de\/wp-content\/uploads\/2009\/03\/090324_Landkreis_016.thumbnail.jpg\" alt=\"090324_Landkreis_016.jpg\" width=\"265\" \/><\/a><\/p>\n<p><a title=\"Foto: Max Colin Heydenreich\" rel=\"lightbox[roadtrip]\" href=\"http:\/\/www.schoene-nachrichten.de\/wp-content\/uploads\/2009\/03\/090324_Landkreis_006.jpg\" target=\"_blank\"><img decoding=\"async\" src=\"http:\/\/www.schoene-nachrichten.de\/wp-content\/uploads\/2009\/03\/090324_Landkreis_006.thumbnail.jpg\" alt=\"090324_Landkreis_006.jpg\" width=\"265\" \/><\/a><\/p>\n","protected":false},"excerpt":{"rendered":"<div class=\"tmnf_excerpt\"><p>Petersberg. Erster Kreisbeigeordneter Dr. Heiko Wingenfeld sieht den Landkreis Fulda beim Rettungsdienst gut aufgestellt. Dies gelte trotz seiner l\u00e4ndlichen Struktur, die mit der Situation in st\u00e4dtischen Ballungszentren kaum vergleichbar sei, und den mitunter schwierigen Witterungsbedingungen in einer Mittelgebirgsregion. \u201eWir k\u00f6nnen und wollen aber noch besser werden.\u201c Aus dem Grund werde der Bereichsplan f\u00fcr den Rettungsdienstbereich &hellip;<\/p>\n<\/div>","protected":false},"author":1,"featured_media":0,"comment_status":"closed","ping_status":"closed","sticky":false,"template":"","format":"standard","meta":{"footnotes":""},"categories":[1,35,54,51,29,78],"tags":[],"class_list":["post-24180","post","type-post","status-publish","format-standard","hentry","category-startseite","category-auto","category-bildergalerien","category-medizin","category-politik","category-topthema"],"_links":{"self":[{"href":"https:\/\/www.fuldaernachrichten.de\/index.php?rest_route=\/wp\/v2\/posts\/24180","targetHints":{"allow":["GET"]}}],"collection":[{"href":"https:\/\/www.fuldaernachrichten.de\/index.php?rest_route=\/wp\/v2\/posts"}],"about":[{"href":"https:\/\/www.fuldaernachrichten.de\/index.php?rest_route=\/wp\/v2\/types\/post"}],"author":[{"embeddable":true,"href":"https:\/\/www.fuldaernachrichten.de\/index.php?rest_route=\/wp\/v2\/users\/1"}],"replies":[{"embeddable":true,"href":"https:\/\/www.fuldaernachrichten.de\/index.php?rest_route=%2Fwp%2Fv2%2Fcomments&post=24180"}],"version-history":[{"count":3,"href":"https:\/\/www.fuldaernachrichten.de\/index.php?rest_route=\/wp\/v2\/posts\/24180\/revisions"}],"predecessor-version":[{"id":24256,"href":"https:\/\/www.fuldaernachrichten.de\/index.php?rest_route=\/wp\/v2\/posts\/24180\/revisions\/24256"}],"wp:attachment":[{"href":"https:\/\/www.fuldaernachrichten.de\/index.php?rest_route=%2Fwp%2Fv2%2Fmedia&parent=24180"}],"wp:term":[{"taxonomy":"category","embeddable":true,"href":"https:\/\/www.fuldaernachrichten.de\/index.php?rest_route=%2Fwp%2Fv2%2Fcategories&post=24180"},{"taxonomy":"post_tag","embeddable":true,"href":"https:\/\/www.fuldaernachrichten.de\/index.php?rest_route=%2Fwp%2Fv2%2Ftags&post=24180"}],"curies":[{"name":"wp","href":"https:\/\/api.w.org\/{rel}","templated":true}]}}