{"id":24138,"date":"2009-03-23T07:30:32","date_gmt":"2009-03-23T06:30:32","guid":{"rendered":"http:\/\/www.schoene-nachrichten.de\/?p=24138"},"modified":"2009-03-23T07:47:05","modified_gmt":"2009-03-23T06:47:05","slug":"gerhard-moeller-wurde-bei-der-fuldaer-ob-wahl-mit-812-prozent-in-seinem-amt-bestaetigt","status":"publish","type":"post","link":"https:\/\/www.fuldaernachrichten.de\/?p=24138","title":{"rendered":"Gerhard M\u00f6ller bei der Fuldaer OB-Wahl mit 81,2 Prozent im Amt best\u00e4tigt"},"content":{"rendered":"<p><strong>Fulda.<\/strong> Der bisherige und k\u00fcnftige Oberb\u00fcrgermeister von Fulda hei\u00dft Gerhard M\u00f6ller. Am heutigen Wahlsonntag konnte er 81,2 Prozent der abgegebenen Stimmen auf sich vereinigen. Ein klarer Sieg f\u00fcr den Amtsinhaber. Nach einem verhaltenen Start am fr\u00fchen Morgen erreichte die Wahlbeteiligung bis zum Schlie\u00dfen der Lokale die Marke von 25,6 Prozent.<\/p>\n<p><strong>Fotos (4): <\/strong>Stadt Fulda<\/p>\n<p><a href=\"http:\/\/www.schoene-nachrichten.de\/wp-content\/uploads\/2009\/03\/090322_ob_002.jpg\"><img decoding=\"async\" class=\"alignnone size-medium wp-image-24141\" title=\"Foto: Stadt Fulda\" src=\"http:\/\/www.schoene-nachrichten.de\/wp-content\/uploads\/2009\/03\/090322_ob_002-265x175.jpg\" alt=\"Foto: Stadt Fulda\" width=\"265\" height=\"175\" srcset=\"https:\/\/www.fuldaernachrichten.de\/wp-content\/uploads\/2009\/03\/090322_ob_002-265x175.jpg 265w, https:\/\/www.fuldaernachrichten.de\/wp-content\/uploads\/2009\/03\/090322_ob_002.jpg 592w\" sizes=\"(max-width: 265px) 100vw, 265px\" \/><\/a> <a href=\"http:\/\/www.schoene-nachrichten.de\/wp-content\/uploads\/2009\/03\/090322_ob_001.jpg\"><img decoding=\"async\" class=\"alignnone size-medium wp-image-24140\" title=\"Foto: Stadt Fulda\" src=\"http:\/\/www.schoene-nachrichten.de\/wp-content\/uploads\/2009\/03\/090322_ob_001-265x175.jpg\" alt=\"Foto: Stadt Fulda\" width=\"265\" height=\"175\" srcset=\"https:\/\/www.fuldaernachrichten.de\/wp-content\/uploads\/2009\/03\/090322_ob_001-265x175.jpg 265w, https:\/\/www.fuldaernachrichten.de\/wp-content\/uploads\/2009\/03\/090322_ob_001.jpg 592w\" sizes=\"(max-width: 265px) 100vw, 265px\" \/><\/a><\/p>\n<p><a href=\"http:\/\/www.schoene-nachrichten.de\/wp-content\/uploads\/2009\/03\/090322_ob_004.jpg\"><img decoding=\"async\" class=\"alignnone size-medium wp-image-24143\" title=\"Foto: Stadt Fulda\" src=\"http:\/\/www.schoene-nachrichten.de\/wp-content\/uploads\/2009\/03\/090322_ob_004-265x175.jpg\" alt=\"Foto: Stadt Fulda\" width=\"265\" height=\"175\" srcset=\"https:\/\/www.fuldaernachrichten.de\/wp-content\/uploads\/2009\/03\/090322_ob_004-265x175.jpg 265w, https:\/\/www.fuldaernachrichten.de\/wp-content\/uploads\/2009\/03\/090322_ob_004.jpg 592w\" sizes=\"(max-width: 265px) 100vw, 265px\" \/><\/a> <a href=\"http:\/\/www.schoene-nachrichten.de\/wp-content\/uploads\/2009\/03\/090322_ob_003.jpg\"><img loading=\"lazy\" decoding=\"async\" class=\"alignnone size-medium wp-image-24142\" title=\"Foto: Stadt Fulda\" src=\"http:\/\/www.schoene-nachrichten.de\/wp-content\/uploads\/2009\/03\/090322_ob_003-265x175.jpg\" alt=\"Foto: Stadt Fulda\" width=\"265\" height=\"175\" srcset=\"https:\/\/www.fuldaernachrichten.de\/wp-content\/uploads\/2009\/03\/090322_ob_003-265x175.jpg 265w, https:\/\/www.fuldaernachrichten.de\/wp-content\/uploads\/2009\/03\/090322_ob_003.jpg 592w\" sizes=\"(max-width: 265px) 100vw, 265px\" \/><\/a><\/p>\n<p><!--more--><\/p>\n<p><strong>Vertrauen<\/strong><\/p>\n<p>In einer ersten Reaktion auf seine Wiederwahl dankte M\u00f6ller den W\u00e4hlerinnen und W\u00e4hlern f\u00fcr das ihm entgegen gebrachte Vertrauen und die \u201eSteigerung des Prozentsatzes\u201c. \u201eIch werde die kommenden sechs Jahre intensiv nutzen, um das, was begonnen ist, im Sinne einer guten Zukunft f\u00fcr unsere Stadt und die in ihr lebenden Menschen fort zu f\u00fchren und zu vollenden.\u201c Ausgesprochen zufrieden zeigte er sich \u00fcber den \u201ehohen Zustimmungsgrad\u201c f\u00fcr seine Person. \u201eDie Fuldaer wissen die solide und von mir auf Nachhaltigkeit ausgerichtete Politik im Stadtschloss zu sch\u00e4tzen\u201c, sagte M\u00f6ller.\u00c2\u00a0 Zugleich dankte er allen Helfern, vor allem aber auch seiner Familie mit Ehefrau Michaela, f\u00fcr ihren Einsatz.<\/p>\n<p><strong>Ungew\u00f6hnliche Ausgangssituation<\/strong><\/p>\n<p>Bei der letzten OB Wahl 2003 hatte die Wahlbeteiligung bei 36,4 Prozent gelegen. Gerhard M\u00f6ller erreichte damals 74,1 Prozent der Stimmen. Die\u00c2\u00a0\u00c2\u00a0 Fuldaer SPD\u00c2\u00a0 hatte vor sechs Jahren mit Bernhard Lindner und die Gr\u00fcnen mit Ernst Sporer\u00c2\u00a0 jeweils einen eigenen Gegenkandidaten ins Rennen um den Chefsessel im Stadtschloss geschickt. Diesmal musste M\u00f6ller den Wahlkampf ohne Mitbewerber bestreiten \u2013 eine f\u00fcr Hessen und f\u00fcr eine<\/p>\n<p><strong>Stadt in der Gr\u00f6\u00dfenordnung Fuldas ungew\u00f6hnliche <\/strong><\/p>\n<p>Ausgangssituation. F\u00fcr den bisherigen und neuen Rathauschef bedeutete das jedoch nicht, einen \u201eWahlkampf mit gezogener Handbremse\u201c zu f\u00fchren. Ganz im Gegenteil. \u201eIch habe mit meinen Parteifreunden und einem hoch motivierten Team das M\u00f6glichste getan\u201c, betonte M\u00f6ller, der dennoch auf eine h\u00f6here Wahlbeteiligung gehofft hatte. F\u00fcr\u00c2\u00a0 viele sei offenbar der Wahlausgang so klar gewesen, dass sie nicht an die Wahlurne gegangen sind, begr\u00fcndete M\u00f6ller den R\u00fcckgang bei den abgegebenen Stimmen. Ein \u201eZeichen f\u00fcr allgemeine Wahlm\u00fcdigkeit\u201c sieht er darin jedoch nicht. Die\u00c2\u00a0 aktuelle Wahlbeteiligung sei den \u201ebesonderen Umst\u00e4nden geschuldet.<\/p>\n<p><strong>Kraft und Energie<\/strong><\/p>\n<p>Viele Freunde und politische Weggef\u00e4hrten gratulierten Fuldas Verwaltungschef zu seiner Wiederwahl. M\u00f6llers Stellvertreter Dr. Wolfgang Dippel nannte das Wahlergebnis einen \u201eVertrauensbeweis\u201c ebenso wie der CDU Kreisvorsitzende Dr. Walter Arnold. Arnold bescheinigte Gerhard M\u00f6ller ein OB zu sein, der \u201ewie kaum ein anderer hervorragend die Stadt f\u00fchrt.\u201c \u00dcber den \u201egro\u00dfartigen Sieg\u201c freute sich auch CDU Stadtverbandsvorsitzender Thomas Bach. CDU Fraktionschef Gerhard Stollberg sagte zufrieden: \u201eWir sind froh, dass Sie die n\u00e4chsten sechs Jahre unser OB bleiben.\u201c \u201eViel Kraft und Energie f\u00fcr eine nicht immer leichte Aufgabe\u201c w\u00fcnschte Fuldas Vize-Landrat Dr. Heiko Wingenfeld, der zugleich die Gr\u00fc\u00dfe von Landrat Bernd Woide \u00fcberbrachte.<\/p>\n","protected":false},"excerpt":{"rendered":"<div class=\"tmnf_excerpt\"><p>Fulda. Der bisherige und k\u00fcnftige Oberb\u00fcrgermeister von Fulda hei\u00dft Gerhard M\u00f6ller. Am heutigen Wahlsonntag konnte er 81,2 Prozent der abgegebenen Stimmen auf sich vereinigen. Ein klarer Sieg f\u00fcr den Amtsinhaber. Nach einem verhaltenen Start am fr\u00fchen Morgen erreichte die Wahlbeteiligung bis zum Schlie\u00dfen der Lokale die Marke von 25,6 Prozent. Fotos (4): Stadt Fulda<\/p>\n<\/div>","protected":false},"author":1,"featured_media":0,"comment_status":"closed","ping_status":"closed","sticky":false,"template":"","format":"standard","meta":{"footnotes":""},"categories":[1,79,29],"tags":[],"class_list":["post-24138","post","type-post","status-publish","format-standard","hentry","category-startseite","category-kino","category-politik"],"_links":{"self":[{"href":"https:\/\/www.fuldaernachrichten.de\/index.php?rest_route=\/wp\/v2\/posts\/24138","targetHints":{"allow":["GET"]}}],"collection":[{"href":"https:\/\/www.fuldaernachrichten.de\/index.php?rest_route=\/wp\/v2\/posts"}],"about":[{"href":"https:\/\/www.fuldaernachrichten.de\/index.php?rest_route=\/wp\/v2\/types\/post"}],"author":[{"embeddable":true,"href":"https:\/\/www.fuldaernachrichten.de\/index.php?rest_route=\/wp\/v2\/users\/1"}],"replies":[{"embeddable":true,"href":"https:\/\/www.fuldaernachrichten.de\/index.php?rest_route=%2Fwp%2Fv2%2Fcomments&post=24138"}],"version-history":[{"count":7,"href":"https:\/\/www.fuldaernachrichten.de\/index.php?rest_route=\/wp\/v2\/posts\/24138\/revisions"}],"predecessor-version":[{"id":24146,"href":"https:\/\/www.fuldaernachrichten.de\/index.php?rest_route=\/wp\/v2\/posts\/24138\/revisions\/24146"}],"wp:attachment":[{"href":"https:\/\/www.fuldaernachrichten.de\/index.php?rest_route=%2Fwp%2Fv2%2Fmedia&parent=24138"}],"wp:term":[{"taxonomy":"category","embeddable":true,"href":"https:\/\/www.fuldaernachrichten.de\/index.php?rest_route=%2Fwp%2Fv2%2Fcategories&post=24138"},{"taxonomy":"post_tag","embeddable":true,"href":"https:\/\/www.fuldaernachrichten.de\/index.php?rest_route=%2Fwp%2Fv2%2Ftags&post=24138"}],"curies":[{"name":"wp","href":"https:\/\/api.w.org\/{rel}","templated":true}]}}