{"id":2400,"date":"2007-04-01T12:36:42","date_gmt":"2007-04-01T10:36:42","guid":{"rendered":"http:\/\/www.schoene-nachrichten.de\/?p=2400"},"modified":"2007-04-01T14:04:19","modified_gmt":"2007-04-01T12:04:19","slug":"christiane-krueger-und-tim-boeckelmann-zu-gast-im-rom-des-nordens","status":"publish","type":"post","link":"https:\/\/www.fuldaernachrichten.de\/?p=2400","title":{"rendered":"Christiane Kr\u00fcger und Tim B\u00f6ckelmann zu Gast im Rom des Nordens"},"content":{"rendered":"<p><strong>Schon in der FZ gelesen?<\/strong> Ob gro\u00dfe oder kleine B\u00fchne, Metropole oder Provinz &#8211; Schauspielerin Christiane Kr\u00fcger und ihr Sohn Tim kommen richtig rum. Im Moment touren sie mit dem St\u00fcck \u201eFr\u00fchling im September\u201c durchs Land. Am Dienstagabend traten sie damit in Petersberg auf, doch den Nachmittag nutzen die beiden f\u00fcr Sightseeing und Shopping in Fulda.<\/p>\n<p><a rel=\"lightbox[roadtrip]\" target=\"_blank\" href=\"http:\/\/www.schoene-nachrichten.de\/wp-content\/uploads\/2007\/04\/070401_karpfen_1.jpg\" title=\"070401_karpfen_1.jpg\"><img decoding=\"async\" src=\"http:\/\/www.schoene-nachrichten.de\/wp-content\/uploads\/2007\/04\/070401_karpfen_1.thumbnail.jpg\" alt=\"070401_karpfen_1.jpg\" \/><\/a>\u00c2\u00a0<a rel=\"lightbox[roadtrip]\" target=\"_blank\" href=\"http:\/\/www.schoene-nachrichten.de\/wp-content\/uploads\/2007\/04\/070401_karpfen_3.jpg\" title=\"070401_karpfen_3.jpg\"><img decoding=\"async\" width=\"53\" src=\"http:\/\/www.schoene-nachrichten.de\/wp-content\/uploads\/2007\/04\/070401_karpfen_3.thumbnail.jpg\" alt=\"070401_karpfen_3.jpg\" height=\"85\" \/><\/a> <a rel=\"lightbox[roadtrip]\" target=\"_blank\" href=\"http:\/\/www.schoene-nachrichten.de\/wp-content\/uploads\/2007\/04\/070401_karpfen_2.jpg\" title=\"070401_karpfen_2.jpg\"><img decoding=\"async\" src=\"http:\/\/www.schoene-nachrichten.de\/wp-content\/uploads\/2007\/04\/070401_karpfen_2.thumbnail.jpg\" alt=\"070401_karpfen_2.jpg\" \/><\/a><\/p>\n<p><!--more-->Christiane Kr\u00fcger kennt die Stadt bereits von fr\u00fcheren Auftritten im Schlosstheater. F\u00fcr Tim war es die Premiere. Das \u201eRom des Nordens\u201c finden aber beide richtig klasse. \u201eDie Fachwerkh\u00e4user, das barocke Ambiente, das Essen, die Menschen, das Romantik-Hotel\u00e2\u20ac\u00a6\u201c, schw\u00e4rmten sie. Nach der Stadtrunde folgte das Kr\u00fcger-Ritual: ein entspannendes Bad vor dem Auftritt. Und am Abend gab\u00e2\u20ac\u2122s frischen Tatar im Goldenen Karpfen. Was die beiden machen, wenn sie in St\u00e4dten wie K\u00f6ln sind? \u201eDa wird einfach 15 Minuten l\u00e4nger gebadet\u201c.<\/p>\n","protected":false},"excerpt":{"rendered":"<div class=\"tmnf_excerpt\"><p>Schon in der FZ gelesen? Ob gro\u00dfe oder kleine B\u00fchne, Metropole oder Provinz &#8211; Schauspielerin Christiane Kr\u00fcger und ihr Sohn Tim kommen richtig rum. Im Moment touren sie mit dem St\u00fcck \u201eFr\u00fchling im September\u201c durchs Land. Am Dienstagabend traten sie damit in Petersberg auf, doch den Nachmittag nutzen die beiden f\u00fcr Sightseeing und Shopping in &hellip;<\/p>\n<\/div>","protected":false},"author":1,"featured_media":0,"comment_status":"closed","ping_status":"closed","sticky":false,"template":"","format":"standard","meta":{"footnotes":""},"categories":[1,44],"tags":[],"class_list":["post-2400","post","type-post","status-publish","format-standard","hentry","category-startseite","category-kultur"],"_links":{"self":[{"href":"https:\/\/www.fuldaernachrichten.de\/index.php?rest_route=\/wp\/v2\/posts\/2400","targetHints":{"allow":["GET"]}}],"collection":[{"href":"https:\/\/www.fuldaernachrichten.de\/index.php?rest_route=\/wp\/v2\/posts"}],"about":[{"href":"https:\/\/www.fuldaernachrichten.de\/index.php?rest_route=\/wp\/v2\/types\/post"}],"author":[{"embeddable":true,"href":"https:\/\/www.fuldaernachrichten.de\/index.php?rest_route=\/wp\/v2\/users\/1"}],"replies":[{"embeddable":true,"href":"https:\/\/www.fuldaernachrichten.de\/index.php?rest_route=%2Fwp%2Fv2%2Fcomments&post=2400"}],"version-history":[{"count":0,"href":"https:\/\/www.fuldaernachrichten.de\/index.php?rest_route=\/wp\/v2\/posts\/2400\/revisions"}],"wp:attachment":[{"href":"https:\/\/www.fuldaernachrichten.de\/index.php?rest_route=%2Fwp%2Fv2%2Fmedia&parent=2400"}],"wp:term":[{"taxonomy":"category","embeddable":true,"href":"https:\/\/www.fuldaernachrichten.de\/index.php?rest_route=%2Fwp%2Fv2%2Fcategories&post=2400"},{"taxonomy":"post_tag","embeddable":true,"href":"https:\/\/www.fuldaernachrichten.de\/index.php?rest_route=%2Fwp%2Fv2%2Ftags&post=2400"}],"curies":[{"name":"wp","href":"https:\/\/api.w.org\/{rel}","templated":true}]}}