{"id":23928,"date":"2009-03-20T06:45:31","date_gmt":"2009-03-20T05:45:31","guid":{"rendered":"http:\/\/www.schoene-nachrichten.de\/?p=23928"},"modified":"2009-03-20T07:35:49","modified_gmt":"2009-03-20T06:35:49","slug":"wissenschaftsministerin-besuchte-hochschule-fulda","status":"publish","type":"post","link":"https:\/\/www.fuldaernachrichten.de\/?p=23928","title":{"rendered":"Wissenschaftsministerin besuchte Hochschule Fulda"},"content":{"rendered":"<p><a href=\"http:\/\/www.schoene-nachrichten.de\/wp-content\/uploads\/2009\/03\/antrittsbesuch_1.jpg\"><img decoding=\"async\" class=\"alignnone size-thumbnail wp-image-23930\" title=\"Hochschule Fulda\" src=\"http:\/\/www.schoene-nachrichten.de\/wp-content\/uploads\/2009\/03\/antrittsbesuch_1-265x175.jpg\" alt=\"Hochschule Fulda\" hspace=\"5\" width=\"265\" height=\"175\" align=\"left\" srcset=\"https:\/\/www.fuldaernachrichten.de\/wp-content\/uploads\/2009\/03\/antrittsbesuch_1-265x175.jpg 265w, https:\/\/www.fuldaernachrichten.de\/wp-content\/uploads\/2009\/03\/antrittsbesuch_1.jpg 600w\" sizes=\"(max-width: 265px) 100vw, 265px\" \/><\/a><strong>Fulda. <\/strong>Die Hessische Ministerin f\u00fcr Wissenschaft und Kunst, Eva K\u00fchne-H\u00f6rmann, hat am Mittwochnachmittag der Hochschule Fulda ihren Antrittsbesuch abgestattet. Im Gespr\u00e4ch mit dem Pr\u00e4sidenten Prof. Dr. Karim Khakzar, der Vizepr\u00e4sidentin Prof. Dr. Kathrin Kohlenberg-M\u00fcller und dem Kanzler Carsten Feller zeigte sie sich den Wachstumspl\u00e4nen der Hochschule gegen\u00fcber aufgeschlossen. Sie lobte die innovative Entwicklung der Hochschule: die familiengerechte Ausrichtung, die Aufnahme in die europ\u00e4ische Universit\u00e4tsvereinigung EUA und die Einf\u00fchrung eines Qualit\u00e4tsmanagementsystems. <!--more--><\/p>\n<p><strong>Viele Vorteile der Hochschule<\/strong><\/p>\n<p>F\u00fcr Stadt und Region habe die Hochschule gro\u00dfe Bedeutung, insbesondere auch vor dem Hintergrund der demographischen Entwicklung, sagte sie. Die Vorteile der Hochschule Fulda seien gute Erreichbarkeit, bezahlbare Mieten und Qualit\u00e4t in der Ausbildung &#8211; auch f\u00fcr jene, die nicht den Weg der klassischen Hochschulzugangsberechtigung eingeschlagen h\u00e4tten. Prof. Dr. Karim Khakzar machte deutlich, dass die Hochschule neben der Lehre auch den Bereich der anwendungsorientierten Forschung auszubauen beabsichtige. \u201eDie anwendungsorientierten Forschung hat insofern einen hohen Stellenwert, als sie die wissenschaftliche Ausbildung der Studierenden sicherstellt\u201c, betonte er.<\/p>\n<p>Auf dem Besuchsprogramm stand auch ein Campusrundgang mit Besichtigung des Gel\u00e4ndes, auf dem der Neubau der Hochschul- und Landesbibliothek, der Mensa und weiterer zentraler und publikumsnaher Einrichtungen entstehen soll. Im Anschluss daran besuchte Staatsministerin K\u00fchne-H\u00f6rmann beide Standorte der Hochschul- und Landesbibliothek auf dem Campus und am Heinrich-von-Bibra-Platz. Hier informierte sie sich insbesondere \u00fcber die Pl\u00e4ne von Stadt und Hochschule, die Zentralb\u00fccherei in die Hochschul- und Landesbibliothek einzugliedern. Auf diese Weise entstehe ein \u201ezentraler Ort der Bildung\u201c, der s\u00e4mtliche Altergruppen bediene, hob sie hervor. Das Vorhaben sei bislang einmalig und habe daher Modellcharakter. Derzeit erarbeiten Stadt und Hochschule Vorschl\u00e4ge, wie sich das Projekt in die Tat umsetzen l\u00e4sst. Geplant ist ein Anbau an die Hochschul- und Landesbibliothek. \u201eWir werden dabei die Interessen unserer Nachbarn bestm\u00f6glich ber\u00fccksichtigen\u201c, sicherte der Pr\u00e4sident der Hochschule Fulda zu.<\/p>\n","protected":false},"excerpt":{"rendered":"<div class=\"tmnf_excerpt\"><p>Fulda. Die Hessische Ministerin f\u00fcr Wissenschaft und Kunst, Eva K\u00fchne-H\u00f6rmann, hat am Mittwochnachmittag der Hochschule Fulda ihren Antrittsbesuch abgestattet. Im Gespr\u00e4ch mit dem Pr\u00e4sidenten Prof. Dr. Karim Khakzar, der Vizepr\u00e4sidentin Prof. Dr. Kathrin Kohlenberg-M\u00fcller und dem Kanzler Carsten Feller zeigte sie sich den Wachstumspl\u00e4nen der Hochschule gegen\u00fcber aufgeschlossen. Sie lobte die innovative Entwicklung der Hochschule: &hellip;<\/p>\n<\/div>","protected":false},"author":1,"featured_media":0,"comment_status":"closed","ping_status":"closed","sticky":false,"template":"","format":"standard","meta":{"footnotes":""},"categories":[1,53,48],"tags":[],"class_list":["post-23928","post","type-post","status-publish","format-standard","hentry","category-startseite","category-bildung","category-forschung"],"_links":{"self":[{"href":"https:\/\/www.fuldaernachrichten.de\/index.php?rest_route=\/wp\/v2\/posts\/23928","targetHints":{"allow":["GET"]}}],"collection":[{"href":"https:\/\/www.fuldaernachrichten.de\/index.php?rest_route=\/wp\/v2\/posts"}],"about":[{"href":"https:\/\/www.fuldaernachrichten.de\/index.php?rest_route=\/wp\/v2\/types\/post"}],"author":[{"embeddable":true,"href":"https:\/\/www.fuldaernachrichten.de\/index.php?rest_route=\/wp\/v2\/users\/1"}],"replies":[{"embeddable":true,"href":"https:\/\/www.fuldaernachrichten.de\/index.php?rest_route=%2Fwp%2Fv2%2Fcomments&post=23928"}],"version-history":[{"count":3,"href":"https:\/\/www.fuldaernachrichten.de\/index.php?rest_route=\/wp\/v2\/posts\/23928\/revisions"}],"predecessor-version":[{"id":23967,"href":"https:\/\/www.fuldaernachrichten.de\/index.php?rest_route=\/wp\/v2\/posts\/23928\/revisions\/23967"}],"wp:attachment":[{"href":"https:\/\/www.fuldaernachrichten.de\/index.php?rest_route=%2Fwp%2Fv2%2Fmedia&parent=23928"}],"wp:term":[{"taxonomy":"category","embeddable":true,"href":"https:\/\/www.fuldaernachrichten.de\/index.php?rest_route=%2Fwp%2Fv2%2Fcategories&post=23928"},{"taxonomy":"post_tag","embeddable":true,"href":"https:\/\/www.fuldaernachrichten.de\/index.php?rest_route=%2Fwp%2Fv2%2Ftags&post=23928"}],"curies":[{"name":"wp","href":"https:\/\/api.w.org\/{rel}","templated":true}]}}